{"id":39334,"date":"2026-09-04T12:35:17","date_gmt":"2026-09-04T09:35:17","guid":{"rendered":"https:\/\/kibrisayna.com\/index.php\/2026\/09\/04\/tek-sarjla-936-kilometre-skoda-peaq-rekor-kirdi\/"},"modified":"2026-09-04T12:35:17","modified_gmt":"2026-09-04T09:35:17","slug":"tek-sarjla-936-kilometre-skoda-peaq-rekor-kirdi","status":"publish","type":"post","link":"https:\/\/kibrisayna.com\/index.php\/2026\/09\/04\/tek-sarjla-936-kilometre-skoda-peaq-rekor-kirdi\/","title":{"rendered":"Tek \u015farjla 936 kilometre. Skoda Peaq rekor k\u0131rd\u0131"},"content":{"rendered":"<p> <br \/>\n<\/p>\n<div>\n<p>Skoda \u00e7al\u0131\u015fanlar\u0131 Marek Je\u017e ve Jakub Krs taraf\u0131ndan ger\u00e7ekle\u015ftirilen ve T\u00dcV S\u00dcD g\u00f6zetiminde yap\u0131lan rekor denemesinde, seri \u00fcretim Skoda Peaq 90 kullan\u0131ld\u0131. Ara\u00e7ta standart d\u00fc\u015f\u00fck yuvarlanma diren\u00e7li lastiklerle donat\u0131lm\u0131\u015f 19 in\u00e7 jantlar yer ald\u0131. Modelin 647 kilometreye kadar olan WLTP menzilini 289 kilometre a\u015fan Peaq, b\u00f6ylece resmi menzil de\u011ferinin yakla\u015f\u0131k y\u00fczde 45 \u00fczerine \u00e7\u0131kt\u0131. Peaq\u2019\u0131n 0.249\u2019luk hava s\u00fcrt\u00fcnme katsay\u0131s\u0131 da enerji verimlili\u011fine katk\u0131 sa\u011flad\u0131. Bu do\u011frultuda rota, menzili destekleyecek \u015fekilde belirlenirken s\u00fcr\u00fc\u015f tarz\u0131 da maksimum enerji verimlili\u011fine g\u00f6re uyarland\u0131.<\/p>\n<p>\u00a0<\/p>\n<p>Rekor yolculuk, 25 A\u011fustos Sal\u0131 g\u00fcn\u00fc \u00f6\u011fle saatlerinde Skoda\u2019n\u0131n Mlad\u00e1 Boleslav\u2019daki merkezinden ba\u015flad\u0131. Almanya \u00fczerinden Hollanda\u2019ya ilerleyen ekip, s\u00fcr\u00fcc\u00fc de\u011fi\u015fiklikleri ve molalar\u0131n ard\u0131ndan \u00c7ar\u015famba sabah\u0131 Hollanda\u2019ya ula\u015ft\u0131. Yolculuk ayn\u0131 g\u00fcn\u00fcn \u00f6\u011fleden sonras\u0131nda Zandvoort sahil kasabas\u0131nda tamamland\u0131.<\/p>\n<\/div>\n<p><br \/>\n<br \/><a href=\"https:\/\/www.ntv.com.tr\/otomobil\/galeri-tek-sarjla-936-kilometre-skoda-peaq-rekor-kirdi-1740349\"><\/a><\/p>\n","protected":false},"excerpt":{"rendered":"<p>Skoda \u00e7al\u0131\u015fanlar\u0131 Marek Je\u017e ve Jakub Krs taraf\u0131ndan ger\u00e7ekle\u015ftirilen ve T\u00dcV S\u00dcD g\u00f6zetiminde yap\u0131lan rekor denemesinde, seri \u00fcretim Skoda Peaq 90 kullan\u0131ld\u0131. Ara\u00e7ta standart d\u00fc\u015f\u00fck yuvarlanma diren\u00e7li lastiklerle donat\u0131lm\u0131\u015f 19 in\u00e7 jantlar yer ald\u0131. Modelin 647 kilometreye kadar olan WLTP menzilini 289 kilometre a\u015fan Peaq, b\u00f6ylece resmi menzil de\u011ferinin yakla\u015f\u0131k y\u00fczde 45 \u00fczerine \u00e7\u0131kt\u0131. Peaq\u2019\u0131n [&hellip;]<\/p>\n","protected":false},"author":908,"featured_media":39335,"comment_status":"open","ping_status":"open","sticky":false,"template":"","format":"standard","meta":{"advanced_seo_description":"","jetpack_seo_html_title":"","jetpack_seo_noindex":false,"jetpack_seo_schema_type":"","_jetpack_newsletter_access":"","_jetpack_dont_email_post_to_subs":false,"_jetpack_newsletter_tier_id":0,"_jetpack_memberships_contains_paywalled_content":false,"_jetpack_feature_clip_id":0,"_jetpack_memberships_contains_paid_content":false,"footnotes":"","jetpack_publicize_message":"","jetpack_publicize_feature_enabled":true,"jetpack_social_post_already_shared":true,"jetpack_social_options":{"image_generator_settings":{"template":"highway","default_image_id":0,"font":"","enabled":false},"version":2},"jetpack_post_was_ever_published":false},"categories":[13],"tags":[],"class_list":["post-39334","post","type-post","status-publish","format-standard","has-post-thumbnail","hentry","category-otomobil"],"jetpack_publicize_connections":[],"jetpack_featured_media_url":"https:\/\/kibrisayna.com\/wp-content\/uploads\/2026\/09\/SkodaPeaq-MenzilRekoru-924347.jpg","jetpack_sharing_enabled":true,"_links":{"self":[{"href":"https:\/\/kibrisayna.com\/index.php\/wp-json\/wp\/v2\/posts\/39334","targetHints":{"allow":["GET"]}}],"collection":[{"href":"https:\/\/kibrisayna.com\/index.php\/wp-json\/wp\/v2\/posts"}],"about":[{"href":"https:\/\/kibrisayna.com\/index.php\/wp-json\/wp\/v2\/types\/post"}],"author":[{"embeddable":true,"href":"https:\/\/kibrisayna.com\/index.php\/wp-json\/wp\/v2\/users\/908"}],"replies":[{"embeddable":true,"href":"https:\/\/kibrisayna.com\/index.php\/wp-json\/wp\/v2\/comments?post=39334"}],"version-history":[{"count":0,"href":"https:\/\/kibrisayna.com\/index.php\/wp-json\/wp\/v2\/posts\/39334\/revisions"}],"wp:featuredmedia":[{"embeddable":true,"href":"https:\/\/kibrisayna.com\/index.php\/wp-json\/wp\/v2\/media\/39335"}],"wp:attachment":[{"href":"https:\/\/kibrisayna.com\/index.php\/wp-json\/wp\/v2\/media?parent=39334"}],"wp:term":[{"taxonomy":"category","embeddable":true,"href":"https:\/\/kibrisayna.com\/index.php\/wp-json\/wp\/v2\/categories?post=39334"},{"taxonomy":"post_tag","embeddable":true,"href":"https:\/\/kibrisayna.com\/index.php\/wp-json\/wp\/v2\/tags?post=39334"}],"curies":[{"name":"wp","href":"https:\/\/api.w.org\/{rel}","templated":true}]}}