{"id":39332,"date":"2026-09-04T09:20:57","date_gmt":"2026-09-04T06:20:57","guid":{"rendered":"https:\/\/kibrisayna.com\/index.php\/2026\/09\/04\/iphone-alacaklar-dikkate-alsin-iphone-18in-fiyati-150-bin-lirayi-asabilir\/"},"modified":"2026-09-04T09:20:57","modified_gmt":"2026-09-04T06:20:57","slug":"iphone-alacaklar-dikkate-alsin-iphone-18in-fiyati-150-bin-lirayi-asabilir","status":"publish","type":"post","link":"https:\/\/kibrisayna.com\/index.php\/2026\/09\/04\/iphone-alacaklar-dikkate-alsin-iphone-18in-fiyati-150-bin-lirayi-asabilir\/","title":{"rendered":"iPhone alacaklar dikkate als\u0131n. iPhone 18&#8217;in fiyat\u0131 150 bin liray\u0131 a\u015fabilir"},"content":{"rendered":"<p> <br \/>\n<br \/><img decoding=\"async\" src=\"https:\/\/images.ntv.com.tr\/images\/iStock-2172274322-793704.jpg?width=930&amp;format=webp\" class=\"type:primaryImage\" alt=\"iPhone alacaklar dikkate als\u0131n. iPhone 18&apos;in fiyat\u0131 150 bin liray\u0131 a\u015fabilir\" \/><\/p>\n<p>Bellek maliyetlerindeki art\u0131\u015f nedeniyle iPhone 18 serisinin fiyatlar\u0131n\u0131n y\u00fczde 10-20 artmas\u0131 bekleniyor.<\/p>\n<p>TrendForce, Apple&#8217;\u0131n 2026&#8217;dan itibaren \u00fcr\u00fcn lansman takvimini de\u011fi\u015ftirerek yeni modelleri sonbahar ve ilkbahar d\u00f6nemlerine b\u00f6lmeyi planlad\u0131\u011f\u0131n\u0131 bildirdi. Bu sonbahar amiral gemisi iPhone 18 Pro ve Pro Max ile birlikte Apple&#8217;\u0131n ilk katlanabilir ak\u0131ll\u0131 telefonu olan iPhone 18 Fold (ge\u00e7ici isim) tan\u0131t\u0131lacak. Standart iPhone 18 ve di\u011fer modellerin ise 2027&#8217;nin ilk \u00e7eyre\u011finde piyasaya s\u00fcr\u00fclmesi bekleniyor.<\/p>\n<p>TrendForce, iPhone 18 Fold&#8217;un Apple&#8217;\u0131n marka g\u00fcc\u00fcnden faydalanmas\u0131n\u0131n beklendi\u011fini, ancak g\u00f6rece ge\u00e7 sevkiyat takvimi ile s\u0131n\u0131rl\u0131 ba\u015flang\u0131\u00e7 \u00fcretimi ve stok nedeniyle katlanabilir ak\u0131ll\u0131 telefon penetrasyonu \u00fczerindeki etkisinin hemen g\u00f6r\u00fclmeyece\u011fini belirtti. TrendForce, katlanabilir telefonlar\u0131n 2026&#8217;da k\u00fcresel ak\u0131ll\u0131 telefon pazar\u0131n\u0131n yaln\u0131zca yakla\u015f\u0131k y\u00fczde 2&#8217;sini olu\u015fturaca\u011f\u0131n\u0131 tahmin ediyor.<\/p>\n<p>Bellek fiyatlar\u0131 2025&#8217;in ikinci yar\u0131s\u0131ndan bu yana b\u00fcy\u00fck bir y\u00fckseli\u015f d\u00f6ng\u00fcs\u00fcne girdi ve bu durum Apple&#8217;\u0131n yeni modellerinin maliyeti \u00fczerinde \u00f6nemli bask\u0131 olu\u015fturuyor. TrendForce&#8217;a g\u00f6re 256 GB&#8217;l\u0131k Pro model i\u00e7in 2026&#8217;n\u0131n \u00fc\u00e7\u00fcnc\u00fc \u00e7eyre\u011finde bellek maliyetlerinin bir \u00f6nceki y\u0131la g\u00f6re yakla\u015f\u0131k y\u00fczde 400 daha y\u00fcksek olmas\u0131 bekleniyor. Apple&#8217;\u0131n di\u011fer bile\u015fenlerde daha d\u00fc\u015f\u00fck fiyat pazarl\u0131\u011f\u0131 yapma \u00e7abalar\u0131na ra\u011fmen, bu tasarruflar\u0131n genel BOM maliyetleri \u00fczerindeki bask\u0131y\u0131 dengelemesi olas\u0131 bulunmuyor.<\/p>\n<p>TrendForce, donan\u0131m maliyetleri y\u00fcksek kal\u0131rken perakende fiyatlar\u0131ndaki art\u0131\u015f\u0131n giderek ka\u00e7\u0131n\u0131lmaz hale geldi\u011fini belirtti. Ancak zay\u0131f k\u00fcresel makroekonomik ortam, daha temkinli t\u00fcketici harcamalar\u0131 ve Apple&#8217;\u0131n pazar varl\u0131\u011f\u0131n\u0131 geni\u015fletme stratejisi g\u00f6z \u00f6n\u00fcne al\u0131nd\u0131\u011f\u0131nda, TrendForce \u015firketin g\u00f6rece \u00f6l\u00e7\u00fcl\u00fc bir fiyatland\u0131rma yakla\u015f\u0131m\u0131 benimsemesini bekliyor. Yeni modellerin fiyatlar\u0131n\u0131n yakla\u015f\u0131k y\u00fczde 10-20 artmas\u0131, Apple&#8217;\u0131n pazar pay\u0131n\u0131 korumak i\u00e7in maliyetlerin bir k\u0131sm\u0131n\u0131 \u00fcstlenmesi \u00f6ng\u00f6r\u00fcl\u00fcyor.<\/p>\n<p><span>iPHONE 18 NE KADAR OLACAK?<\/span><\/p>\n<p>Fiyatlar\u0131n y\u00fczde 20 artt\u0131\u011f\u0131 varsay\u0131m\u0131yla mevcut iPhone 17 serilerinin fiyat\u0131na k\u0131yasla yeni rakamlar\u0131 hesaplad\u0131k.<\/p>\n<p>&nbsp;<\/p>\n<p>iPhone 18 256 GB&#8217;\u0131n fiyat\u0131 102 bin lira, 512 GB olan\u0131 118 bin 800 liraya, iPhone 18 Pro&#8217;nun 144 bin liraya, iPhone 18 Pro Max&#8217;in de 159 bin 600 liraya sat\u0131lmas\u0131 bekleniyor.<\/p>\n<p><br \/>\n<br \/><a href=\"https:\/\/www.ntv.com.tr\/teknoloji\/galeri-iphone-alacaklar-dikkate-alsin-iphone-18in-fiyati-150-bin-lirayi-asabilir-1740311\"><\/a><\/p>\n","protected":false},"excerpt":{"rendered":"<p>Bellek maliyetlerindeki art\u0131\u015f nedeniyle iPhone 18 serisinin fiyatlar\u0131n\u0131n y\u00fczde 10-20 artmas\u0131 bekleniyor. TrendForce, Apple&#8217;\u0131n 2026&#8217;dan itibaren \u00fcr\u00fcn lansman takvimini de\u011fi\u015ftirerek yeni modelleri sonbahar ve ilkbahar d\u00f6nemlerine b\u00f6lmeyi planlad\u0131\u011f\u0131n\u0131 bildirdi. Bu sonbahar amiral gemisi iPhone 18 Pro ve Pro Max ile birlikte Apple&#8217;\u0131n ilk katlanabilir ak\u0131ll\u0131 telefonu olan iPhone 18 Fold (ge\u00e7ici isim) tan\u0131t\u0131lacak. Standart iPhone [&hellip;]<\/p>\n","protected":false},"author":908,"featured_media":39333,"comment_status":"open","ping_status":"open","sticky":false,"template":"","format":"standard","meta":{"advanced_seo_description":"","jetpack_seo_html_title":"","jetpack_seo_noindex":false,"jetpack_seo_schema_type":"","_jetpack_newsletter_access":"","_jetpack_dont_email_post_to_subs":false,"_jetpack_newsletter_tier_id":0,"_jetpack_memberships_contains_paywalled_content":false,"_jetpack_feature_clip_id":0,"_jetpack_memberships_contains_paid_content":false,"footnotes":"","jetpack_publicize_message":"","jetpack_publicize_feature_enabled":true,"jetpack_social_post_already_shared":true,"jetpack_social_options":{"image_generator_settings":{"template":"highway","default_image_id":0,"font":"","enabled":false},"version":2},"jetpack_post_was_ever_published":false},"categories":[12],"tags":[],"class_list":["post-39332","post","type-post","status-publish","format-standard","has-post-thumbnail","hentry","category-teknoloji"],"jetpack_publicize_connections":[],"jetpack_featured_media_url":"https:\/\/kibrisayna.com\/wp-content\/uploads\/2026\/09\/iStock-2172274322-793704.jpg","jetpack_sharing_enabled":true,"_links":{"self":[{"href":"https:\/\/kibrisayna.com\/index.php\/wp-json\/wp\/v2\/posts\/39332","targetHints":{"allow":["GET"]}}],"collection":[{"href":"https:\/\/kibrisayna.com\/index.php\/wp-json\/wp\/v2\/posts"}],"about":[{"href":"https:\/\/kibrisayna.com\/index.php\/wp-json\/wp\/v2\/types\/post"}],"author":[{"embeddable":true,"href":"https:\/\/kibrisayna.com\/index.php\/wp-json\/wp\/v2\/users\/908"}],"replies":[{"embeddable":true,"href":"https:\/\/kibrisayna.com\/index.php\/wp-json\/wp\/v2\/comments?post=39332"}],"version-history":[{"count":0,"href":"https:\/\/kibrisayna.com\/index.php\/wp-json\/wp\/v2\/posts\/39332\/revisions"}],"wp:featuredmedia":[{"embeddable":true,"href":"https:\/\/kibrisayna.com\/index.php\/wp-json\/wp\/v2\/media\/39333"}],"wp:attachment":[{"href":"https:\/\/kibrisayna.com\/index.php\/wp-json\/wp\/v2\/media?parent=39332"}],"wp:term":[{"taxonomy":"category","embeddable":true,"href":"https:\/\/kibrisayna.com\/index.php\/wp-json\/wp\/v2\/categories?post=39332"},{"taxonomy":"post_tag","embeddable":true,"href":"https:\/\/kibrisayna.com\/index.php\/wp-json\/wp\/v2\/tags?post=39332"}],"curies":[{"name":"wp","href":"https:\/\/api.w.org\/{rel}","templated":true}]}}