{"id":39325,"date":"2026-09-03T23:40:10","date_gmt":"2026-09-03T20:40:10","guid":{"rendered":"https:\/\/kibrisayna.com\/index.php\/2026\/09\/03\/mercedes-ve-bmwye-batarya-saglayacakti-uretim-gecici-olarak-askiya-alindi\/"},"modified":"2026-09-03T23:40:10","modified_gmt":"2026-09-03T20:40:10","slug":"mercedes-ve-bmwye-batarya-saglayacakti-uretim-gecici-olarak-askiya-alindi","status":"publish","type":"post","link":"https:\/\/kibrisayna.com\/index.php\/2026\/09\/03\/mercedes-ve-bmwye-batarya-saglayacakti-uretim-gecici-olarak-askiya-alindi\/","title":{"rendered":"Mercedes ve BMW\u2019ye batarya sa\u011flayacakt\u0131. \u00dcretim ge\u00e7ici olarak ask\u0131ya al\u0131nd\u0131"},"content":{"rendered":"<p> <br \/>\n<\/p>\n<div>\n<p>CATL, fabrikan\u0131n ilk a\u015famas\u0131 i\u00e7in \u00fcretim lisans\u0131n\u0131 25 A\u011fustos\u2019ta ald\u0131. Ancak ya\u015fanan i\u015f g\u00fcvenli\u011fi sorunlar\u0131 nedeniyle fiili \u00fcretimin ba\u015flamas\u0131n\u0131n gecikmesi bekleniyor.<\/p>\n<p>\u00a0<\/p>\n<p>Projenin ikinci a\u015famas\u0131na ili\u015fkin \u00fcretim lisans\u0131 ba\u015fvurusu ise 19 A\u011fustos\u2019ta reddedildi. Gerek\u00e7e olarak tamamlanan binalar\u0131n genel yerle\u015fim plan\u0131nda yanl\u0131\u015f i\u015faretlenmesi g\u00f6sterildi.<\/p>\n<p>\u00a0<\/p>\n<p><strong>MERCEDES-BENZ VE BMW\u2019YE BATARYA SA\u011eLAYACAKTI<\/strong><\/p>\n<p>\u00a0<\/p>\n<p>Debrecen fabrikas\u0131n\u0131n ba\u015fl\u0131ca m\u00fc\u015fterileri aras\u0131nda Macaristan\u2019daki Mercedes-Benz ve BMW tesisleri bulunuyor.<\/p>\n<p>\u00a0<\/p>\n<p>CATL\u2019nin Mercedes-Benz\u2019e tedarikte aksama ya\u015fanmamas\u0131 i\u00e7in ba\u015fka fabrikalar\u0131ndan batarya sevk etmeye ba\u015flad\u0131\u011f\u0131 ve ortaya \u00e7\u0131kan ek maliyetleri kendisinin kar\u015f\u0131lad\u0131\u011f\u0131 belirtiliyor.<\/p>\n<p>\u00a0<\/p>\n<p>BMW\u2019nin ba\u011flant\u0131l\u0131 \u00fcretim faaliyetleri ise hen\u00fcz ba\u015flamad\u0131\u011f\u0131 i\u00e7in \u015fu a\u015famada sorundan etkilenmedi.<\/p>\n<p>\u00a0<\/p>\n<p><strong>\u00c7EVRE \u0130HLALLER\u0130 NEDEN\u0130YLE DE CEZA ALDI<\/strong><\/p>\n<p>\u00a0<\/p>\n<p>CATL\u2019nin Macaristan\u2019daki sorunlar\u0131 yaln\u0131zca i\u015f g\u00fcvenli\u011fiyle s\u0131n\u0131rl\u0131 de\u011fil.<\/p>\n<p>\u00a0<\/p>\n<p>Bir Macar milletvekili, \u015firketin \u00e7evre izinlerine ili\u015fkin \u00e7e\u015fitli ihlaller nedeniyle 10 milyon forint, yakla\u015f\u0131k 31 bin dolar para cezas\u0131na \u00e7arpt\u0131r\u0131ld\u0131\u011f\u0131n\u0131 a\u00e7\u0131klad\u0131.<\/p>\n<p>\u00a0<\/p>\n<p>\u0130hlaller aras\u0131nda at\u0131klar\u0131n uygun \u015fekilde etiketlenmemesi, tehlikeli at\u0131klara ili\u015fkin i\u015faretlemelerin yetersiz olmas\u0131 ve tesise yetkisiz ki\u015filerin giri\u015fini engelleyecek g\u00fcvenlik \u00f6nlemlerindeki eksiklikler bulunuyor.<\/p>\n<p>\u00a0<\/p>\n<p><strong>MACAR\u0130STAN KURALLARI SIKILA\u015eTIRDI<\/strong><\/p>\n<p>\u00a0<\/p>\n<p>Macaristan Ula\u015ft\u0131rma ve Yat\u0131r\u0131m Bakanl\u0131\u011f\u0131, 16 A\u011fustos\u2019ta yapt\u0131\u011f\u0131 a\u00e7\u0131klamada \u201c\u00f6nemli yat\u0131r\u0131m projesi\u201d stat\u00fcs\u00fcndeki yat\u0131r\u0131mlar\u0131n art\u0131k \u00e7evre, do\u011fa koruma ve \u015fehir planlama kurallar\u0131ndan muaf tutulmayaca\u011f\u0131n\u0131 duyurdu.<\/p>\n<p>\u00a0<\/p>\n<p>Kurallar\u0131 ihlal etti\u011fi belirlenen projelere en az alt\u0131 ay boyunca yeni in\u015faat izni verilmemesi g\u00fcndemde.<\/p>\n<p>\u00a0<\/p>\n<p>CATL\u2019nin yan\u0131 s\u0131ra Samsung ve SK-On da yeni ve daha s\u0131k\u0131 denetimlerin ilk hedefleri aras\u0131nda yer al\u0131yor.<\/p>\n<p>\u00a0<\/p>\n<p>Yeni yakla\u015f\u0131m, Nisan 2026\u2019daki siyasi de\u011fi\u015fimin ard\u0131ndan geldi. Viktor Orban\u2019\u0131n uzun y\u0131llard\u0131r iktidarda bulunan h\u00fck\u00fcmetinin se\u00e7imleri kaybetmesinin ard\u0131ndan g\u00f6reve gelen yeni y\u00f6netim, \u00f6nceki d\u00f6nemde imzalanan b\u00fcy\u00fck yat\u0131r\u0131m projelerini yeniden incelemeye ba\u015flad\u0131.<\/p>\n<p>\u00a0<\/p>\n<p>\u00c7inli \u015firketlere y\u00f6nelik denetimler CATL ile de s\u0131n\u0131rl\u0131 de\u011fil.<\/p>\n<p>\u00a0<\/p>\n<p>Haziran ay\u0131nda lityum iyon batarya separat\u00f6r\u00fc \u00fcreticisi Semcorp\u2019un fabrikas\u0131ndaki faaliyetler, yeralt\u0131 suyunda metal s\u0131z\u0131nt\u0131s\u0131 tespit edilmesinin ard\u0131ndan ask\u0131ya al\u0131nm\u0131\u015ft\u0131.<\/p>\n<p>\u00a0<\/p>\n<p>BYD de kirlenmi\u015f topra\u011f\u0131 tar\u0131m arazilerine d\u00f6kt\u00fc\u011f\u00fc iddias\u0131yla 10 milyon forint para cezas\u0131na \u00e7arpt\u0131r\u0131ld\u0131. \u015eirketin Macaristan\u2019daki fabrikas\u0131nda \u00fcretimin ba\u015flang\u0131\u00e7 tarihi de 2025\u2019in son \u00e7eyre\u011finden 2026\u2019n\u0131n son \u00e7eyre\u011fine ertelendi.<\/p>\n<\/div>\n<p><br \/>\n<br \/><a href=\"https:\/\/www.ntv.com.tr\/otomobil\/galeri-mercedes-ve-bmwye-batarya-saglayacakti-uretim-gecici-olarak-askiya-alindi-1740268\"><\/a><\/p>\n","protected":false},"excerpt":{"rendered":"<p>CATL, fabrikan\u0131n ilk a\u015famas\u0131 i\u00e7in \u00fcretim lisans\u0131n\u0131 25 A\u011fustos\u2019ta ald\u0131. Ancak ya\u015fanan i\u015f g\u00fcvenli\u011fi sorunlar\u0131 nedeniyle fiili \u00fcretimin ba\u015flamas\u0131n\u0131n gecikmesi bekleniyor. \u00a0 Projenin ikinci a\u015famas\u0131na ili\u015fkin \u00fcretim lisans\u0131 ba\u015fvurusu ise 19 A\u011fustos\u2019ta reddedildi. Gerek\u00e7e olarak tamamlanan binalar\u0131n genel yerle\u015fim plan\u0131nda yanl\u0131\u015f i\u015faretlenmesi g\u00f6sterildi. \u00a0 MERCEDES-BENZ VE BMW\u2019YE BATARYA SA\u011eLAYACAKTI \u00a0 Debrecen fabrikas\u0131n\u0131n ba\u015fl\u0131ca m\u00fc\u015fterileri aras\u0131nda [&hellip;]<\/p>\n","protected":false},"author":908,"featured_media":39326,"comment_status":"open","ping_status":"open","sticky":false,"template":"","format":"standard","meta":{"advanced_seo_description":"","jetpack_seo_html_title":"","jetpack_seo_noindex":false,"jetpack_seo_schema_type":"","_jetpack_newsletter_access":"","_jetpack_dont_email_post_to_subs":false,"_jetpack_newsletter_tier_id":0,"_jetpack_memberships_contains_paywalled_content":false,"_jetpack_feature_clip_id":0,"_jetpack_memberships_contains_paid_content":false,"footnotes":"","jetpack_publicize_message":"","jetpack_publicize_feature_enabled":true,"jetpack_social_post_already_shared":true,"jetpack_social_options":{"image_generator_settings":{"template":"highway","default_image_id":0,"font":"","enabled":false},"version":2},"jetpack_post_was_ever_published":false},"categories":[13],"tags":[],"class_list":["post-39325","post","type-post","status-publish","format-standard","has-post-thumbnail","hentry","category-otomobil"],"jetpack_publicize_connections":[],"jetpack_featured_media_url":"https:\/\/kibrisayna.com\/wp-content\/uploads\/2026\/09\/6BYF2M2U7ZMTDBJNJR54Y66JIY-501458.jpg","jetpack_sharing_enabled":true,"_links":{"self":[{"href":"https:\/\/kibrisayna.com\/index.php\/wp-json\/wp\/v2\/posts\/39325","targetHints":{"allow":["GET"]}}],"collection":[{"href":"https:\/\/kibrisayna.com\/index.php\/wp-json\/wp\/v2\/posts"}],"about":[{"href":"https:\/\/kibrisayna.com\/index.php\/wp-json\/wp\/v2\/types\/post"}],"author":[{"embeddable":true,"href":"https:\/\/kibrisayna.com\/index.php\/wp-json\/wp\/v2\/users\/908"}],"replies":[{"embeddable":true,"href":"https:\/\/kibrisayna.com\/index.php\/wp-json\/wp\/v2\/comments?post=39325"}],"version-history":[{"count":0,"href":"https:\/\/kibrisayna.com\/index.php\/wp-json\/wp\/v2\/posts\/39325\/revisions"}],"wp:featuredmedia":[{"embeddable":true,"href":"https:\/\/kibrisayna.com\/index.php\/wp-json\/wp\/v2\/media\/39326"}],"wp:attachment":[{"href":"https:\/\/kibrisayna.com\/index.php\/wp-json\/wp\/v2\/media?parent=39325"}],"wp:term":[{"taxonomy":"category","embeddable":true,"href":"https:\/\/kibrisayna.com\/index.php\/wp-json\/wp\/v2\/categories?post=39325"},{"taxonomy":"post_tag","embeddable":true,"href":"https:\/\/kibrisayna.com\/index.php\/wp-json\/wp\/v2\/tags?post=39325"}],"curies":[{"name":"wp","href":"https:\/\/api.w.org\/{rel}","templated":true}]}}