{"id":39323,"date":"2026-09-03T22:03:09","date_gmt":"2026-09-03T19:03:09","guid":{"rendered":"https:\/\/kibrisayna.com\/index.php\/2026\/09\/03\/volkswagen-2027-passat-proyu-satisa-cikardi\/"},"modified":"2026-09-03T22:03:09","modified_gmt":"2026-09-03T19:03:09","slug":"volkswagen-2027-passat-proyu-satisa-cikardi","status":"publish","type":"post","link":"https:\/\/kibrisayna.com\/index.php\/2026\/09\/03\/volkswagen-2027-passat-proyu-satisa-cikardi\/","title":{"rendered":"Volkswagen, 2027 Passat Pro&#8217;yu sat\u0131\u015fa \u00e7\u0131kard\u0131"},"content":{"rendered":"<p> <br \/>\n<\/p>\n<div>\n<p>Passat Pro, \u00c7in&#8217;deki orta s\u0131n\u0131f sedan pazar\u0131na y\u00f6nelik uzun g\u00f6vde yap\u0131s\u0131n\u0131 koruyor.<\/p>\n<p>\u00a0<\/p>\n<p>Bagaj hacmi 506 litre olarak a\u00e7\u0131klanan otomobilde \u00f6n tarafta IQ.Light Matrix LED farlara yer veriliyor. Arka b\u00f6l\u00fcmde boydan boya uzanan stop grubu ve ayd\u0131nlat\u0131labilen Volkswagen logosu dikkat \u00e7ekiyor.<\/p>\n<p>\u00a0<\/p>\n<p>Volkswagen ayr\u0131ca farkl\u0131 \u00f6n y\u00fcz se\u00e7eneklerinin yan\u0131 s\u0131ra siyah d\u0131\u015f tasar\u0131m detaylar\u0131 ve 19 in\u00e7 jantlar\u0131 i\u00e7eren daha sportif bir paket de sunuyor.<\/p>\n<p>\u00a0<\/p>\n<p><strong>\u00dc\u00c7 EKRANLI KOKP\u0130T<\/strong><\/p>\n<p>\u00a0<\/p>\n<p>2027 model Passat Pro&#8217;nun \u00f6nemli yeniliklerinden biri dijital \u00f6zellikler taraf\u0131nda g\u00f6r\u00fcl\u00fcyor.<\/p>\n<p>\u00a0<\/p>\n<p>\u00dcst donan\u0131mlarda s\u00fcr\u00fcc\u00fcn\u00fcn kar\u015f\u0131s\u0131nda 10,3 in\u00e7lik dijital g\u00f6sterge paneli bulunurken orta b\u00f6l\u00fcmde 15 in\u00e7lik multimedya ekran\u0131 yer al\u0131yor. \u00d6n yolcu i\u00e7in ise 11,6 in\u00e7 b\u00fcy\u00fckl\u00fc\u011f\u00fcnde ayr\u0131 bir e\u011flence ekran\u0131 sunuluyor.<\/p>\n<p>\u00a0<\/p>\n<p>Sistemin merkezinde Qualcomm Snapdragon 8155 i\u015flemci bulunuyor. \u00c7in pazar\u0131na \u00f6zg\u00fc bilgi-e\u011flence sistemi, DeepSeek ve Baidu&#8217;nun Wenxin yapay zeka modellerinden yararlanan ara\u00e7 i\u00e7i \u00f6zelliklere sahip.<\/p>\n<p>\u00a0<\/p>\n<p>Apple CarPlay ve Huawei HiCar gibi telefon ba\u011flant\u0131 sistemleri de destekleniyor.<\/p>\n<p>\u00a0<\/p>\n<p>Volkswagen, yeni modelin \u00c7in&#8217;deki sat\u0131\u015f ba\u015flang\u0131c\u0131nda dikkat \u00e7eken bir garanti kampanyas\u0131 da a\u00e7\u0131klad\u0131.<\/p>\n<p>\u00a0<\/p>\n<p>Belirlenen ko\u015fullar\u0131 kar\u015f\u0131layan ilk sahipler i\u00e7in motor ve \u015fanz\u0131man\u0131 kapsayan \u00f6m\u00fcr boyu g\u00fc\u00e7 aktarma sistemi garantisi sunuluyor.\u00a0<\/p>\n<\/div>\n<p><br \/>\n<br \/><a href=\"https:\/\/www.ntv.com.tr\/otomobil\/galeri-volkswagen-2027-passat-proyu-satisa-cikardi-1740262\"><\/a><\/p>\n","protected":false},"excerpt":{"rendered":"<p>Passat Pro, \u00c7in&#8217;deki orta s\u0131n\u0131f sedan pazar\u0131na y\u00f6nelik uzun g\u00f6vde yap\u0131s\u0131n\u0131 koruyor. \u00a0 Bagaj hacmi 506 litre olarak a\u00e7\u0131klanan otomobilde \u00f6n tarafta IQ.Light Matrix LED farlara yer veriliyor. Arka b\u00f6l\u00fcmde boydan boya uzanan stop grubu ve ayd\u0131nlat\u0131labilen Volkswagen logosu dikkat \u00e7ekiyor. \u00a0 Volkswagen ayr\u0131ca farkl\u0131 \u00f6n y\u00fcz se\u00e7eneklerinin yan\u0131 s\u0131ra siyah d\u0131\u015f tasar\u0131m detaylar\u0131 ve [&hellip;]<\/p>\n","protected":false},"author":908,"featured_media":39324,"comment_status":"open","ping_status":"open","sticky":false,"template":"","format":"standard","meta":{"advanced_seo_description":"","jetpack_seo_html_title":"","jetpack_seo_noindex":false,"jetpack_seo_schema_type":"","_jetpack_newsletter_access":"","_jetpack_dont_email_post_to_subs":false,"_jetpack_newsletter_tier_id":0,"_jetpack_memberships_contains_paywalled_content":false,"_jetpack_feature_clip_id":0,"_jetpack_memberships_contains_paid_content":false,"footnotes":"","jetpack_publicize_message":"","jetpack_publicize_feature_enabled":true,"jetpack_social_post_already_shared":true,"jetpack_social_options":{"image_generator_settings":{"template":"highway","default_image_id":0,"font":"","enabled":false},"version":2},"jetpack_post_was_ever_published":false},"categories":[13],"tags":[],"class_list":["post-39323","post","type-post","status-publish","format-standard","has-post-thumbnail","hentry","category-otomobil"],"jetpack_publicize_connections":[],"jetpack_featured_media_url":"https:\/\/kibrisayna.com\/wp-content\/uploads\/2026\/09\/93637103-6b00-415d-b11a-ce252e26de0f-949513.png","jetpack_sharing_enabled":true,"_links":{"self":[{"href":"https:\/\/kibrisayna.com\/index.php\/wp-json\/wp\/v2\/posts\/39323","targetHints":{"allow":["GET"]}}],"collection":[{"href":"https:\/\/kibrisayna.com\/index.php\/wp-json\/wp\/v2\/posts"}],"about":[{"href":"https:\/\/kibrisayna.com\/index.php\/wp-json\/wp\/v2\/types\/post"}],"author":[{"embeddable":true,"href":"https:\/\/kibrisayna.com\/index.php\/wp-json\/wp\/v2\/users\/908"}],"replies":[{"embeddable":true,"href":"https:\/\/kibrisayna.com\/index.php\/wp-json\/wp\/v2\/comments?post=39323"}],"version-history":[{"count":0,"href":"https:\/\/kibrisayna.com\/index.php\/wp-json\/wp\/v2\/posts\/39323\/revisions"}],"wp:featuredmedia":[{"embeddable":true,"href":"https:\/\/kibrisayna.com\/index.php\/wp-json\/wp\/v2\/media\/39324"}],"wp:attachment":[{"href":"https:\/\/kibrisayna.com\/index.php\/wp-json\/wp\/v2\/media?parent=39323"}],"wp:term":[{"taxonomy":"category","embeddable":true,"href":"https:\/\/kibrisayna.com\/index.php\/wp-json\/wp\/v2\/categories?post=39323"},{"taxonomy":"post_tag","embeddable":true,"href":"https:\/\/kibrisayna.com\/index.php\/wp-json\/wp\/v2\/tags?post=39323"}],"curies":[{"name":"wp","href":"https:\/\/api.w.org\/{rel}","templated":true}]}}