{"id":39314,"date":"2026-09-03T14:00:58","date_gmt":"2026-09-03T11:00:58","guid":{"rendered":"https:\/\/kibrisayna.com\/index.php\/2026\/09\/03\/hondanin-hibrit-model-satislari-rekora-kosuyor\/"},"modified":"2026-09-03T14:00:58","modified_gmt":"2026-09-03T11:00:58","slug":"hondanin-hibrit-model-satislari-rekora-kosuyor","status":"publish","type":"post","link":"https:\/\/kibrisayna.com\/index.php\/2026\/09\/03\/hondanin-hibrit-model-satislari-rekora-kosuyor\/","title":{"rendered":"Honda&#8217;n\u0131n hibrit model sat\u0131\u015flar\u0131 rekora ko\u015fuyor"},"content":{"rendered":"<p> <br \/>\n<\/p>\n<div>\n<p><a href=\"https:\/\/www.ntv.com.tr\/haberleri\/honda\" class=\"text-light-blue hover:opacity-75 transition-opacity duration-150\" target=\"_blank\" rel=\"noopener noreferrer\">Honda<svg viewbox=\"0 0 12 12\" fill=\"none\" style=\"display:inline-block;width:0.75em;height:0.75em;vertical-align:baseline;margin:0 0.25em\"><path d=\"M3.5 1.5H1.5a1 1 0 00-1 1v8a1 1 0 001 1h8a1 1 0 001-1V8.5M7 .5H11.5V5M4.5 7.5L11 1\" stroke=\"currentColor\" stroke-linecap=\"round\" stroke-linejoin=\"round\"\/><\/svg><\/a>&#8216;n\u0131n son sat\u0131\u015f raporu, hibrit ve sedan modellerinin de katk\u0131s\u0131yla Japon <a href=\"https:\/\/www.ntv.com.tr\/otomobil\" class=\"text-light-blue hover:opacity-75 transition-opacity duration-150\" target=\"_blank\" rel=\"noopener noreferrer\">otomobil<svg viewbox=\"0 0 12 12\" fill=\"none\" style=\"display:inline-block;width:0.75em;height:0.75em;vertical-align:baseline;margin:0 0.25em\"><path d=\"M3.5 1.5H1.5a1 1 0 00-1 1v8a1 1 0 001 1h8a1 1 0 001-1V8.5M7 .5H11.5V5M4.5 7.5L11 1\" stroke=\"currentColor\" stroke-linecap=\"round\" stroke-linejoin=\"round\"\/><\/svg><\/a> \u00fcreticisi i\u00e7in olumlu bir tablo \u00e7iziyor. \u015eirketin hibrit modelleri, y\u0131lba\u015f\u0131ndan bu yana y\u00fczde 9,2 art\u0131\u015fla 36 bin 776 adet sat\u0131larak A\u011fustos ay\u0131nda \u015fimdiye kadarki en iyi sat\u0131\u015f rakam\u0131na ula\u015ft\u0131.<\/p>\n<p>\u00a0<\/p>\n<p>CR-V hibrit modeli, markan\u0131n hibrit sat\u0131\u015flar\u0131n\u0131 art\u0131rd\u0131. A\u011fustos ay\u0131nda sat\u0131\u015flar y\u00fczde 8,0 artarak 20 bin 437 adede ula\u015ft\u0131 ve bu da modelin toplam 37 bin 607 adetlik sat\u0131\u015f\u0131n\u0131n yar\u0131s\u0131ndan fazlas\u0131n\u0131 olu\u015fturdu. Accord hibrit sat\u0131\u015flar\u0131 ise y\u00fczde 16,4 ile daha da artarken, yaln\u0131zca 8 bin 120 adet sedan sat\u0131ld\u0131.<\/p>\n<p>\u00a0<\/p>\n<p>Honda Civic hibrit sat\u0131\u015flar\u0131 ge\u00e7en ay y\u00fczde 11,8 oran\u0131nda d\u00fc\u015f\u00fc\u015f g\u00f6sterirken, y\u0131l genelinde ise y\u00fczde 3,7 oran\u0131nda geriledi. Buna ra\u011fmen Honda, ge\u00e7en ay 21 bin 976 adet Civic satarak y\u00fczde 1,8&#8217;lik bir art\u0131\u015f kaydetti ve A\u011fustos ay\u0131nda markan\u0131n en \u00e7ok satan ikinci modeli oldu. Accord ise y\u00fczde 19,1&#8217;lik sat\u0131\u015f art\u0131\u015f\u0131 ve 18 bin 691 adet sat\u0131\u015fla Civic&#8217;in hemen arkas\u0131nda yer ald\u0131.<\/p>\n<p>\u00a0<\/p>\n<p><strong>D\u0130\u011eER HONDA MODELLER\u0130NDE SATI\u015eLAR NE DURUMDA?<\/strong><\/p>\n<p>\u00a0<\/p>\n<p>Honda Passport sat\u0131\u015flar\u0131 ge\u00e7en ay y\u00fczde 16,0 artt\u0131. \u00d6zellikle sa\u011flam TrailSport donan\u0131m paketi al\u0131c\u0131lar taraf\u0131ndan be\u011fenildi. HR-V sat\u0131\u015flar\u0131 da A\u011fustos ay\u0131nda y\u00fczde 4,3 artarken, Odyssey sat\u0131\u015flar\u0131 y\u00fczde 3,8 artt\u0131.<\/p>\n<p>\u00a0<\/p>\n<p>Pilot modelinin sat\u0131\u015flar\u0131 y\u00fczde 7,5 oran\u0131nda d\u00fc\u015ferken, Ridgeline sat\u0131\u015flar\u0131 bir y\u0131l \u00f6ncesine g\u00f6re neredeyse ayn\u0131 seviyede kald\u0131 ve y\u00fczde 0,1 oran\u0131nda azald\u0131. Honda&#8217;n\u0131n tamamen elektrikli arac\u0131 Prologue&#8217;un sat\u0131\u015flar\u0131 ise y\u00fczde 80,9 oran\u0131nda d\u00fc\u015ft\u00fc. Otomobil firmas\u0131, Prologue \u00fcretimini 2026 y\u0131l\u0131ndan itibaren sonland\u0131racak.<\/p>\n<p>\u00a0<\/p>\n<p>Japon \u015firketin l\u00fcks otomobil markalar\u0131ndan biri olan Acura, A\u011fustos ay\u0131nda y\u00fczde 6,5&#8217;lik sat\u0131\u015f art\u0131\u015f\u0131yla olduk\u00e7a iyi bir performans sergiledi. En b\u00fcy\u00fck art\u0131\u015f\u0131 ise MDX modeli ya\u015fad\u0131. Bu modelin sat\u0131\u015flar\u0131 A\u011fustos 2025&#8217;ten A\u011fustos 2026&#8217;ya kadar y\u00fczde 66,3 oran\u0131nda y\u00fckseldi. Bu senenin ba\u015flar\u0131ndan bu yana Acura sat\u0131\u015flar\u0131 y\u00fczde 4,4 artarak 93 bin 553 adede ula\u015ft\u0131.<\/p>\n<p>\u00a0<\/p>\n<p>Honda&#8217;n\u0131n genel sat\u0131\u015flar\u0131 da y\u0131l ba\u015f\u0131ndan beri y\u00fczde 3,4 oran\u0131nda art\u0131\u015f g\u00f6sterdi. Japon Otomobil \u00fcreticisi, y\u0131l\u0131n ilk sekiz ay\u0131nda 1 milyonun \u00fczerinde ara\u00e7 satarak bu orana, ge\u00e7en y\u0131la g\u00f6re bir ay daha erken ula\u015ft\u0131. \u015eirket, A\u011fustos ay\u0131nda ise 122 bin 174 ara\u00e7 satt\u0131.<\/p>\n<\/div>\n<p><br \/>\n<br \/><a href=\"https:\/\/www.ntv.com.tr\/otomobil\/hondanin-hibrit-model-satislarinda-rekora-kosuyor-1740203\"><\/a><\/p>\n","protected":false},"excerpt":{"rendered":"<p>Honda&#8216;n\u0131n son sat\u0131\u015f raporu, hibrit ve sedan modellerinin de katk\u0131s\u0131yla Japon otomobil \u00fcreticisi i\u00e7in olumlu bir tablo \u00e7iziyor. \u015eirketin hibrit modelleri, y\u0131lba\u015f\u0131ndan bu yana y\u00fczde 9,2 art\u0131\u015fla 36 bin 776 adet sat\u0131larak A\u011fustos ay\u0131nda \u015fimdiye kadarki en iyi sat\u0131\u015f rakam\u0131na ula\u015ft\u0131. \u00a0 CR-V hibrit modeli, markan\u0131n hibrit sat\u0131\u015flar\u0131n\u0131 art\u0131rd\u0131. A\u011fustos ay\u0131nda sat\u0131\u015flar y\u00fczde 8,0 artarak [&hellip;]<\/p>\n","protected":false},"author":908,"featured_media":39315,"comment_status":"open","ping_status":"open","sticky":false,"template":"","format":"standard","meta":{"advanced_seo_description":"","jetpack_seo_html_title":"","jetpack_seo_noindex":false,"jetpack_seo_schema_type":"","_jetpack_newsletter_access":"","_jetpack_dont_email_post_to_subs":false,"_jetpack_newsletter_tier_id":0,"_jetpack_memberships_contains_paywalled_content":false,"_jetpack_feature_clip_id":0,"_jetpack_memberships_contains_paid_content":false,"footnotes":"","jetpack_publicize_message":"","jetpack_publicize_feature_enabled":true,"jetpack_social_post_already_shared":true,"jetpack_social_options":{"image_generator_settings":{"template":"highway","default_image_id":0,"font":"","enabled":false},"version":2},"jetpack_post_was_ever_published":false},"categories":[13],"tags":[],"class_list":["post-39314","post","type-post","status-publish","format-standard","has-post-thumbnail","hentry","category-otomobil"],"jetpack_publicize_connections":[],"jetpack_featured_media_url":"https:\/\/kibrisayna.com\/wp-content\/uploads\/2026\/09\/honda-668697.jpg","jetpack_sharing_enabled":true,"_links":{"self":[{"href":"https:\/\/kibrisayna.com\/index.php\/wp-json\/wp\/v2\/posts\/39314","targetHints":{"allow":["GET"]}}],"collection":[{"href":"https:\/\/kibrisayna.com\/index.php\/wp-json\/wp\/v2\/posts"}],"about":[{"href":"https:\/\/kibrisayna.com\/index.php\/wp-json\/wp\/v2\/types\/post"}],"author":[{"embeddable":true,"href":"https:\/\/kibrisayna.com\/index.php\/wp-json\/wp\/v2\/users\/908"}],"replies":[{"embeddable":true,"href":"https:\/\/kibrisayna.com\/index.php\/wp-json\/wp\/v2\/comments?post=39314"}],"version-history":[{"count":0,"href":"https:\/\/kibrisayna.com\/index.php\/wp-json\/wp\/v2\/posts\/39314\/revisions"}],"wp:featuredmedia":[{"embeddable":true,"href":"https:\/\/kibrisayna.com\/index.php\/wp-json\/wp\/v2\/media\/39315"}],"wp:attachment":[{"href":"https:\/\/kibrisayna.com\/index.php\/wp-json\/wp\/v2\/media?parent=39314"}],"wp:term":[{"taxonomy":"category","embeddable":true,"href":"https:\/\/kibrisayna.com\/index.php\/wp-json\/wp\/v2\/categories?post=39314"},{"taxonomy":"post_tag","embeddable":true,"href":"https:\/\/kibrisayna.com\/index.php\/wp-json\/wp\/v2\/tags?post=39314"}],"curies":[{"name":"wp","href":"https:\/\/api.w.org\/{rel}","templated":true}]}}