{"id":39307,"date":"2026-09-03T11:49:47","date_gmt":"2026-09-03T08:49:47","guid":{"rendered":"https:\/\/kibrisayna.com\/index.php\/2026\/09\/03\/renault-scenic-e-tech-daha-uzun-menzil-ve-daha-hizli-sarj-ozelligi-sunuyor\/"},"modified":"2026-09-03T11:49:47","modified_gmt":"2026-09-03T08:49:47","slug":"renault-scenic-e-tech-daha-uzun-menzil-ve-daha-hizli-sarj-ozelligi-sunuyor","status":"publish","type":"post","link":"https:\/\/kibrisayna.com\/index.php\/2026\/09\/03\/renault-scenic-e-tech-daha-uzun-menzil-ve-daha-hizli-sarj-ozelligi-sunuyor\/","title":{"rendered":"Renault Scenic E-Tech daha uzun menzil ve daha h\u0131zl\u0131 \u015farj \u00f6zelli\u011fi sunuyor"},"content":{"rendered":"<p> <br \/>\n<\/p>\n<div>\n<p>Renault&#8217;un elektrikli SUV arac\u0131 Scenic E-Tech, Avrupa&#8217;da k\u00fc\u00e7\u00fck bir g\u00fcncelleme kapsam\u0131nda daha b\u00fcy\u00fck bataryalar ve daha uzun menzil kazand\u0131. Bu g\u00fcncellemenin 2027&#8217;nin ortalar\u0131ndan sonlar\u0131na do\u011fru gelmesi ve BYD Sealion 7 ile Zeekr 7X&#8217;e rakip olarak performans\u0131n\u0131 art\u0131rmas\u0131 bekleniyor.<\/p>\n<p>\u00a0<\/p>\n<p>G\u00fcncellemelerin ba\u015f\u0131nda, mevcut giri\u015f seviyesi Scenic E-Tech Techno&#8217;da bulunan 60 kWh&#8217;lik bataryadan daha b\u00fcy\u00fck olan yeni bir 67 kWh&#8217;lik lityum demir fosfat (LFP) batarya geliyor. Bu model, y\u0131l\u0131n ba\u015flar\u0131nda yol masraflar\u0131 hari\u00e7 55 bin 990 dolarl\u0131k fiyat etiketi ve 125 kW\/280 Nm&#8217;lik elektrik motoruyla piyasaya s\u00fcr\u00fclm\u00fc\u015ft\u00fc.<\/p>\n<p>\u00a0<\/p>\n<p>Daha b\u00fcy\u00fck batarya, 160kW\/300Nm&#8217;lik bir elektrik motoruyla e\u015fle\u015ftirildi ve mevcut 125kW Techno&#8217;nun 430km WLTP menzilini 467 kilometreye \u00e7\u0131kararak, giri\u015f seviyesindeki Tesla Model Y RWD&#8217;nin resmi menzilinden bir kilometre daha fazla menzil sa\u011fl\u0131yor.<\/p>\n<p>\u00a0<\/p>\n<p>Yeni bataryan\u0131n k\u00fcresel olarak ne zaman kullan\u0131ma sunulaca\u011f\u0131 hen\u00fcz do\u011frulanmad\u0131. Renault, mevcut 60 kWh&#8217;lik bataryan\u0131n tamamen yerini al\u0131p almayaca\u011f\u0131 ve daha az g\u00fc\u00e7l\u00fc giri\u015f seviyesi elektrik motorunun kald\u0131r\u0131l\u0131p kald\u0131r\u0131lmayaca\u011f\u0131 konusunda net bir a\u00e7\u0131klama yapmad\u0131.<\/p>\n<\/div>\n<p><br \/>\n<br \/><a href=\"https:\/\/www.ntv.com.tr\/otomobil\/galeri-renault-scenic-e-tech-daha-uzun-menzil-ve-daha-hizli-sarj-ozelligi-sunuyor-1740174\"><\/a><\/p>\n","protected":false},"excerpt":{"rendered":"<p>Renault&#8217;un elektrikli SUV arac\u0131 Scenic E-Tech, Avrupa&#8217;da k\u00fc\u00e7\u00fck bir g\u00fcncelleme kapsam\u0131nda daha b\u00fcy\u00fck bataryalar ve daha uzun menzil kazand\u0131. Bu g\u00fcncellemenin 2027&#8217;nin ortalar\u0131ndan sonlar\u0131na do\u011fru gelmesi ve BYD Sealion 7 ile Zeekr 7X&#8217;e rakip olarak performans\u0131n\u0131 art\u0131rmas\u0131 bekleniyor. \u00a0 G\u00fcncellemelerin ba\u015f\u0131nda, mevcut giri\u015f seviyesi Scenic E-Tech Techno&#8217;da bulunan 60 kWh&#8217;lik bataryadan daha b\u00fcy\u00fck olan yeni [&hellip;]<\/p>\n","protected":false},"author":908,"featured_media":39308,"comment_status":"open","ping_status":"open","sticky":false,"template":"","format":"standard","meta":{"advanced_seo_description":"","jetpack_seo_html_title":"","jetpack_seo_noindex":false,"jetpack_seo_schema_type":"","_jetpack_newsletter_access":"","_jetpack_dont_email_post_to_subs":false,"_jetpack_newsletter_tier_id":0,"_jetpack_memberships_contains_paywalled_content":false,"_jetpack_feature_clip_id":0,"_jetpack_memberships_contains_paid_content":false,"footnotes":"","jetpack_publicize_message":"","jetpack_publicize_feature_enabled":true,"jetpack_social_post_already_shared":true,"jetpack_social_options":{"image_generator_settings":{"template":"highway","default_image_id":0,"font":"","enabled":false},"version":2},"jetpack_post_was_ever_published":false},"categories":[13],"tags":[],"class_list":["post-39307","post","type-post","status-publish","format-standard","has-post-thumbnail","hentry","category-otomobil"],"jetpack_publicize_connections":[],"jetpack_featured_media_url":"https:\/\/kibrisayna.com\/wp-content\/uploads\/2026\/09\/renaultsceinice-tech-277854.jpg","jetpack_sharing_enabled":true,"_links":{"self":[{"href":"https:\/\/kibrisayna.com\/index.php\/wp-json\/wp\/v2\/posts\/39307","targetHints":{"allow":["GET"]}}],"collection":[{"href":"https:\/\/kibrisayna.com\/index.php\/wp-json\/wp\/v2\/posts"}],"about":[{"href":"https:\/\/kibrisayna.com\/index.php\/wp-json\/wp\/v2\/types\/post"}],"author":[{"embeddable":true,"href":"https:\/\/kibrisayna.com\/index.php\/wp-json\/wp\/v2\/users\/908"}],"replies":[{"embeddable":true,"href":"https:\/\/kibrisayna.com\/index.php\/wp-json\/wp\/v2\/comments?post=39307"}],"version-history":[{"count":0,"href":"https:\/\/kibrisayna.com\/index.php\/wp-json\/wp\/v2\/posts\/39307\/revisions"}],"wp:featuredmedia":[{"embeddable":true,"href":"https:\/\/kibrisayna.com\/index.php\/wp-json\/wp\/v2\/media\/39308"}],"wp:attachment":[{"href":"https:\/\/kibrisayna.com\/index.php\/wp-json\/wp\/v2\/media?parent=39307"}],"wp:term":[{"taxonomy":"category","embeddable":true,"href":"https:\/\/kibrisayna.com\/index.php\/wp-json\/wp\/v2\/categories?post=39307"},{"taxonomy":"post_tag","embeddable":true,"href":"https:\/\/kibrisayna.com\/index.php\/wp-json\/wp\/v2\/tags?post=39307"}],"curies":[{"name":"wp","href":"https:\/\/api.w.org\/{rel}","templated":true}]}}