{"id":39297,"date":"2026-09-02T10:44:38","date_gmt":"2026-09-02T07:44:38","guid":{"rendered":"https:\/\/kibrisayna.com\/index.php\/2026\/09\/02\/appleda-tim-cook-devri-sona-erdi-yeni-ceo-belli-oldu\/"},"modified":"2026-09-02T10:44:38","modified_gmt":"2026-09-02T07:44:38","slug":"appleda-tim-cook-devri-sona-erdi-yeni-ceo-belli-oldu","status":"publish","type":"post","link":"https:\/\/kibrisayna.com\/index.php\/2026\/09\/02\/appleda-tim-cook-devri-sona-erdi-yeni-ceo-belli-oldu\/","title":{"rendered":"Apple&#8217;da Tim Cook devri sona erdi. Yeni CEO belli oldu"},"content":{"rendered":"<p> <br \/>\n<\/p>\n<div>\n<p>ABD Ba\u015fkan\u0131 Donald Trump ise Apple&#8217;\u0131n iPhone&#8217;lar\u0131 ABD topraklar\u0131nda \u00fcretmesini defalarca talep etmi\u015f ve deniza\u015f\u0131r\u0131 \u00fclkelerde \u00fcretilen \u00fcr\u00fcnlere g\u00fcmr\u00fck vergisi getirme tehdidinde bulunmu\u015ftu.<\/p>\n<p>\u00a0<\/p>\n<p>Cook, do\u011frudan temaslar kurarak, ABD i\u00e7i yat\u0131r\u0131m taahh\u00fctleri vererek ve siyasi ba\u011f\u0131\u015flar yaparak Trump&#8217;\u0131n ticaret sava\u015f\u0131n\u0131n en sert darbelerinden korunmay\u0131 ba\u015farm\u0131\u015f, ayn\u0131 zamanda Pekin y\u00f6netimiyle de dengeli ili\u015fkiler y\u00fcr\u00fctm\u00fc\u015ft\u00fc.<\/p>\n<p>\u00a0<\/p>\n<p>Ives, donan\u0131m konusunda \u015firketin merkezini \u00e7ok iyi bilen Ternus&#8217;un k\u00fcresel siyaset sahnesinde i\u015f ba\u015f\u0131nda deneyim kazanmas\u0131 gerekece\u011fini ifade etti.<\/p>\n<p>\u00a0<\/p>\n<p>Cook, \u015firketten tamamen ayr\u0131lmayarak Apple Y\u00f6netim Kurulu Ba\u015fkan\u0131 g\u00f6revine ge\u00e7iyor.<\/p>\n<p>\u00a0<\/p>\n<p>\u015eirket, Cook&#8217;un g\u00f6rev tan\u0131m\u0131n\u0131n d\u00fcnya genelindeki siyaset\u00e7iler ve karar mercileriyle temaslar\u0131 s\u00fcrd\u00fcrmeyi de kapsad\u0131\u011f\u0131n\u0131 bildirdi.<\/p>\n<p>\u00a0<\/p>\n<p>Analist Milanesi, bu yap\u0131lanman\u0131n son derece ak\u0131ll\u0131ca oldu\u011funu ve Ternus&#8217;u Cook&#8217;un y\u0131llard\u0131r tek ba\u015f\u0131na y\u00fcr\u00fctt\u00fc\u011f\u00fc diplomatik y\u00fckten kurtard\u0131\u011f\u0131n\u0131 ifade etti.<\/p>\n<\/div>\n<p><br \/>\n<br \/><a href=\"https:\/\/www.ntv.com.tr\/teknoloji\/galeri-appleda-tim-cook-devri-sona-erdi-yeni-ceo-belli-oldu-1739993\"><\/a><\/p>\n","protected":false},"excerpt":{"rendered":"<p>ABD Ba\u015fkan\u0131 Donald Trump ise Apple&#8217;\u0131n iPhone&#8217;lar\u0131 ABD topraklar\u0131nda \u00fcretmesini defalarca talep etmi\u015f ve deniza\u015f\u0131r\u0131 \u00fclkelerde \u00fcretilen \u00fcr\u00fcnlere g\u00fcmr\u00fck vergisi getirme tehdidinde bulunmu\u015ftu. \u00a0 Cook, do\u011frudan temaslar kurarak, ABD i\u00e7i yat\u0131r\u0131m taahh\u00fctleri vererek ve siyasi ba\u011f\u0131\u015flar yaparak Trump&#8217;\u0131n ticaret sava\u015f\u0131n\u0131n en sert darbelerinden korunmay\u0131 ba\u015farm\u0131\u015f, ayn\u0131 zamanda Pekin y\u00f6netimiyle de dengeli ili\u015fkiler y\u00fcr\u00fctm\u00fc\u015ft\u00fc. \u00a0 Ives, [&hellip;]<\/p>\n","protected":false},"author":908,"featured_media":39298,"comment_status":"open","ping_status":"open","sticky":false,"template":"","format":"standard","meta":{"advanced_seo_description":"","jetpack_seo_html_title":"","jetpack_seo_noindex":false,"jetpack_seo_schema_type":"","_jetpack_newsletter_access":"","_jetpack_dont_email_post_to_subs":false,"_jetpack_newsletter_tier_id":0,"_jetpack_memberships_contains_paywalled_content":false,"_jetpack_feature_clip_id":0,"_jetpack_memberships_contains_paid_content":false,"footnotes":"","jetpack_publicize_message":"","jetpack_publicize_feature_enabled":true,"jetpack_social_post_already_shared":true,"jetpack_social_options":{"image_generator_settings":{"template":"highway","default_image_id":0,"font":"","enabled":false},"version":2},"jetpack_post_was_ever_published":false},"categories":[12],"tags":[],"class_list":["post-39297","post","type-post","status-publish","format-standard","has-post-thumbnail","hentry","category-teknoloji"],"jetpack_publicize_connections":[],"jetpack_featured_media_url":"https:\/\/kibrisayna.com\/wp-content\/uploads\/2026\/09\/LYNXNPEF5325L-893872.jpg","jetpack_sharing_enabled":true,"_links":{"self":[{"href":"https:\/\/kibrisayna.com\/index.php\/wp-json\/wp\/v2\/posts\/39297","targetHints":{"allow":["GET"]}}],"collection":[{"href":"https:\/\/kibrisayna.com\/index.php\/wp-json\/wp\/v2\/posts"}],"about":[{"href":"https:\/\/kibrisayna.com\/index.php\/wp-json\/wp\/v2\/types\/post"}],"author":[{"embeddable":true,"href":"https:\/\/kibrisayna.com\/index.php\/wp-json\/wp\/v2\/users\/908"}],"replies":[{"embeddable":true,"href":"https:\/\/kibrisayna.com\/index.php\/wp-json\/wp\/v2\/comments?post=39297"}],"version-history":[{"count":0,"href":"https:\/\/kibrisayna.com\/index.php\/wp-json\/wp\/v2\/posts\/39297\/revisions"}],"wp:featuredmedia":[{"embeddable":true,"href":"https:\/\/kibrisayna.com\/index.php\/wp-json\/wp\/v2\/media\/39298"}],"wp:attachment":[{"href":"https:\/\/kibrisayna.com\/index.php\/wp-json\/wp\/v2\/media?parent=39297"}],"wp:term":[{"taxonomy":"category","embeddable":true,"href":"https:\/\/kibrisayna.com\/index.php\/wp-json\/wp\/v2\/categories?post=39297"},{"taxonomy":"post_tag","embeddable":true,"href":"https:\/\/kibrisayna.com\/index.php\/wp-json\/wp\/v2\/tags?post=39297"}],"curies":[{"name":"wp","href":"https:\/\/api.w.org\/{rel}","templated":true}]}}