{"id":39291,"date":"2026-09-01T15:08:29","date_gmt":"2026-09-01T12:08:29","guid":{"rendered":"https:\/\/kibrisayna.com\/index.php\/2026\/09\/01\/otomobil-fabrikasinda-uretim-durdu-ntv-haber\/"},"modified":"2026-09-01T15:08:29","modified_gmt":"2026-09-01T12:08:29","slug":"otomobil-fabrikasinda-uretim-durdu-ntv-haber","status":"publish","type":"post","link":"https:\/\/kibrisayna.com\/index.php\/2026\/09\/01\/otomobil-fabrikasinda-uretim-durdu-ntv-haber\/","title":{"rendered":"Otomobil fabrikas\u0131nda \u00fcretim durdu | NTV Haber"},"content":{"rendered":"<p> <br \/>\n<\/p>\n<div>\n<p>D\u00fcnyan\u0131n d\u00f6rd\u00fcnc\u00fc b\u00fcy\u00fck <a href=\"https:\/\/www.ntv.com.tr\/otomobil\" class=\"text-light-blue hover:opacity-75 transition-opacity duration-150\" target=\"_blank\" rel=\"noopener noreferrer\">otomobil<svg viewbox=\"0 0 12 12\" fill=\"none\" style=\"display:inline-block;width:0.75em;height:0.75em;vertical-align:baseline;margin:0 0.25em\"><path d=\"M3.5 1.5H1.5a1 1 0 00-1 1v8a1 1 0 001 1h8a1 1 0 001-1V8.5M7 .5H11.5V5M4.5 7.5L11 1\" stroke=\"currentColor\" stroke-linecap=\"round\" stroke-linejoin=\"round\"\/><\/svg><\/a> grubu  <a href=\"https:\/\/www.ntv.com.tr\/otomobil\/geri-gorus-kamerasi-sorunu-955-bin-arac-geri-cagrildi-1737775\" target=\"_blank\" rel=\"noopener noreferrer\">Stellantis<svg viewbox=\"0 0 12 12\" fill=\"none\" style=\"display:inline-block;width:0.75em;height:0.75em;vertical-align:baseline;margin:0 0.25em\"><path d=\"M3.5 1.5H1.5a1 1 0 00-1 1v8a1 1 0 001 1h8a1 1 0 001-1V8.5M7 .5H11.5V5M4.5 7.5L11 1\" stroke=\"currentColor\" stroke-linecap=\"round\" stroke-linejoin=\"round\"\/><\/svg><\/a> , hibrit ara\u00e7lara y\u00f6nelik beklenenden g\u00fc\u00e7l\u00fc talep nedeniyle ya\u015fanan motor par\u00e7as\u0131 darbo\u011faz\u0131 sebebiyle Torina&#8217;daki Mirafiori fabrikas\u0131ndaki \u00fcretimini bu hafta durduracak.<\/p>\n<p>\u00a0<\/p>\n<p>Mirafiori i\u00e7in motor bile\u015fenleri \u00fcreten Carmagnola yak\u0131nlar\u0131ndaki Teksid fabrikas\u0131, hibrit modellere y\u00f6nelik talebi kar\u015f\u0131lamaya yetmeyecek bir <a href=\"https:\/\/www.ntv.com.tr\/haberleri\/uretim\" class=\"text-light-blue hover:opacity-75 transition-opacity duration-150\" target=\"_blank\" rel=\"noopener noreferrer\">\u00fcretim<svg viewbox=\"0 0 12 12\" fill=\"none\" style=\"display:inline-block;width:0.75em;height:0.75em;vertical-align:baseline;margin:0 0.25em\"><path d=\"M3.5 1.5H1.5a1 1 0 00-1 1v8a1 1 0 001 1h8a1 1 0 001-1V8.5M7 .5H11.5V5M4.5 7.5L11 1\" stroke=\"currentColor\" stroke-linecap=\"round\" stroke-linejoin=\"round\"\/><\/svg><\/a> seviyesinde faaliyet g\u00f6steriyor.  <a href=\"https:\/\/www.ntv.com.tr\/ntvpara\/stellantisten-60-milyar-euroluk-donusum-plani-avrupada-kuculme-cinle-ortaklik-1725358\" target=\"_blank\" rel=\"noopener noreferrer\">Stellantis<svg viewbox=\"0 0 12 12\" fill=\"none\" style=\"display:inline-block;width:0.75em;height:0.75em;vertical-align:baseline;margin:0 0.25em\"><path d=\"M3.5 1.5H1.5a1 1 0 00-1 1v8a1 1 0 001 1h8a1 1 0 001-1V8.5M7 .5H11.5V5M4.5 7.5L11 1\" stroke=\"currentColor\" stroke-linecap=\"round\" stroke-linejoin=\"round\"\/><\/svg><\/a> , motor \u00fcretim seviyelerini talep ile uyumlu hale getirmek i\u00e7in \u00e7al\u0131\u015ft\u0131\u011f\u0131n\u0131 belirtti.<\/p>\n<p>\u00a0<\/p>\n<p>\u0130\u015f\u00e7i sendikas\u0131 FIOM ise ayr\u0131 bir a\u00e7\u0131klamada, \u00fcretimin 02-04 Eyl\u00fcl tarihleri aras\u0131nda duraca\u011f\u0131n\u0131 bildirdi ve Mirafiori fabrikas\u0131n\u0131n d\u00f6rt haftal\u0131k yaz tatilinin ard\u0131ndan ge\u00e7en hafta yeniden \u00e7al\u0131\u015fmaya ba\u015flad\u0131\u011f\u0131na dikkat \u00e7ekti.<\/p>\n<p>\u00a0<\/p>\n<p>FIOM durdurulma gerek\u00e7esi olarak farkl\u0131 bir sebebe i\u015faret ederek durumu Turin tesisinde \u00fcretilen Fiat 500 \u015fehir otomobili modeline y\u00f6nelik d\u00fc\u015f\u00fck talebe ba\u011flad\u0131.<\/p>\n<\/div>\n<p><br \/>\n<br \/><a href=\"https:\/\/www.ntv.com.tr\/otomobil\/otomobil-fabrikasinda-uretim-durdu-1739895\"><\/a><\/p>\n","protected":false},"excerpt":{"rendered":"<p>D\u00fcnyan\u0131n d\u00f6rd\u00fcnc\u00fc b\u00fcy\u00fck otomobil grubu Stellantis , hibrit ara\u00e7lara y\u00f6nelik beklenenden g\u00fc\u00e7l\u00fc talep nedeniyle ya\u015fanan motor par\u00e7as\u0131 darbo\u011faz\u0131 sebebiyle Torina&#8217;daki Mirafiori fabrikas\u0131ndaki \u00fcretimini bu hafta durduracak. \u00a0 Mirafiori i\u00e7in motor bile\u015fenleri \u00fcreten Carmagnola yak\u0131nlar\u0131ndaki Teksid fabrikas\u0131, hibrit modellere y\u00f6nelik talebi kar\u015f\u0131lamaya yetmeyecek bir \u00fcretim seviyesinde faaliyet g\u00f6steriyor. Stellantis , motor \u00fcretim seviyelerini talep ile uyumlu [&hellip;]<\/p>\n","protected":false},"author":908,"featured_media":39292,"comment_status":"open","ping_status":"open","sticky":false,"template":"","format":"standard","meta":{"advanced_seo_description":"","jetpack_seo_html_title":"","jetpack_seo_noindex":false,"jetpack_seo_schema_type":"","_jetpack_newsletter_access":"","_jetpack_dont_email_post_to_subs":false,"_jetpack_newsletter_tier_id":0,"_jetpack_memberships_contains_paywalled_content":false,"_jetpack_feature_clip_id":0,"_jetpack_memberships_contains_paid_content":false,"footnotes":"","jetpack_publicize_message":"","jetpack_publicize_feature_enabled":true,"jetpack_social_post_already_shared":true,"jetpack_social_options":{"image_generator_settings":{"template":"highway","default_image_id":0,"font":"","enabled":false},"version":2},"jetpack_post_was_ever_published":false},"categories":[13],"tags":[],"class_list":["post-39291","post","type-post","status-publish","format-standard","has-post-thumbnail","hentry","category-otomobil"],"jetpack_publicize_connections":[],"jetpack_featured_media_url":"https:\/\/kibrisayna.com\/wp-content\/uploads\/2026\/09\/iStock-2008735944-752355.jpg","jetpack_sharing_enabled":true,"_links":{"self":[{"href":"https:\/\/kibrisayna.com\/index.php\/wp-json\/wp\/v2\/posts\/39291","targetHints":{"allow":["GET"]}}],"collection":[{"href":"https:\/\/kibrisayna.com\/index.php\/wp-json\/wp\/v2\/posts"}],"about":[{"href":"https:\/\/kibrisayna.com\/index.php\/wp-json\/wp\/v2\/types\/post"}],"author":[{"embeddable":true,"href":"https:\/\/kibrisayna.com\/index.php\/wp-json\/wp\/v2\/users\/908"}],"replies":[{"embeddable":true,"href":"https:\/\/kibrisayna.com\/index.php\/wp-json\/wp\/v2\/comments?post=39291"}],"version-history":[{"count":0,"href":"https:\/\/kibrisayna.com\/index.php\/wp-json\/wp\/v2\/posts\/39291\/revisions"}],"wp:featuredmedia":[{"embeddable":true,"href":"https:\/\/kibrisayna.com\/index.php\/wp-json\/wp\/v2\/media\/39292"}],"wp:attachment":[{"href":"https:\/\/kibrisayna.com\/index.php\/wp-json\/wp\/v2\/media?parent=39291"}],"wp:term":[{"taxonomy":"category","embeddable":true,"href":"https:\/\/kibrisayna.com\/index.php\/wp-json\/wp\/v2\/categories?post=39291"},{"taxonomy":"post_tag","embeddable":true,"href":"https:\/\/kibrisayna.com\/index.php\/wp-json\/wp\/v2\/tags?post=39291"}],"curies":[{"name":"wp","href":"https:\/\/api.w.org\/{rel}","templated":true}]}}