{"id":39285,"date":"2026-09-01T05:50:28","date_gmt":"2026-09-01T02:50:28","guid":{"rendered":"https:\/\/kibrisayna.com\/index.php\/2026\/09\/01\/turkiye-artemis-anlasmalarina-katildi-ntv-haber\/"},"modified":"2026-09-01T05:50:28","modified_gmt":"2026-09-01T02:50:28","slug":"turkiye-artemis-anlasmalarina-katildi-ntv-haber","status":"publish","type":"post","link":"https:\/\/kibrisayna.com\/index.php\/2026\/09\/01\/turkiye-artemis-anlasmalarina-katildi-ntv-haber\/","title":{"rendered":"T\u00fcrkiye, Artemis Anla\u015fmalar\u0131&#8217;na kat\u0131ld\u0131 | NTV Haber"},"content":{"rendered":"<p> <br \/>\n<\/p>\n<div>\n<p><a href=\"https:\/\/www.ntv.com.tr\/turkiye\" class=\"text-light-blue hover:opacity-75 transition-opacity duration-150\" target=\"_blank\" rel=\"noopener noreferrer\">T\u00fcrkiye<svg viewbox=\"0 0 12 12\" fill=\"none\" style=\"display:inline-block;width:0.75em;height:0.75em;vertical-align:baseline;margin:0 0.25em\"><path d=\"M3.5 1.5H1.5a1 1 0 00-1 1v8a1 1 0 001 1h8a1 1 0 001-1V8.5M7 .5H11.5V5M4.5 7.5L11 1\" stroke=\"currentColor\" stroke-linecap=\"round\" stroke-linejoin=\"round\"\/><\/svg><\/a>, <a href=\"https:\/\/www.ntv.com.tr\/haberleri\/nasa\" class=\"text-light-blue hover:opacity-75 transition-opacity duration-150\" target=\"_blank\" rel=\"noopener noreferrer\">NASA<svg viewbox=\"0 0 12 12\" fill=\"none\" style=\"display:inline-block;width:0.75em;height:0.75em;vertical-align:baseline;margin:0 0.25em\"><path d=\"M3.5 1.5H1.5a1 1 0 00-1 1v8a1 1 0 001 1h8a1 1 0 001-1V8.5M7 .5H11.5V5M4.5 7.5L11 1\" stroke=\"currentColor\" stroke-linecap=\"round\" stroke-linejoin=\"round\"\/><\/svg><\/a>&#8216;n\u0131n Artemis Anla\u015fmalar\u0131&#8217;na kat\u0131ld\u0131. B\u00f6ylece T\u00fcrkiye, uzay\u0131n bar\u0131\u015f\u00e7\u0131l ke\u015ffini hedefleyen \u00e7er\u00e7eve anla\u015fman\u0131n 71&#8217;inci imzac\u0131 \u00fclkesi oldu.\u00a0<\/p>\n<p>\u00a0<\/p>\n<p>Sanayi ve <a href=\"https:\/\/www.ntv.com.tr\/teknoloji\" class=\"text-light-blue hover:opacity-75 transition-opacity duration-150\" target=\"_blank\" rel=\"noopener noreferrer\">Teknoloji<svg viewbox=\"0 0 12 12\" fill=\"none\" style=\"display:inline-block;width:0.75em;height:0.75em;vertical-align:baseline;margin:0 0.25em\"><path d=\"M3.5 1.5H1.5a1 1 0 00-1 1v8a1 1 0 001 1h8a1 1 0 001-1V8.5M7 .5H11.5V5M4.5 7.5L11 1\" stroke=\"currentColor\" stroke-linecap=\"round\" stroke-linejoin=\"round\"\/><\/svg><\/a> Bakan\u0131 Mehmet Fatih Kac\u0131r, anla\u015fmay\u0131 T\u00fcrkiye ad\u0131na Washington&#8217;daki NASA merkezinde d\u00fczenlenen t\u00f6rende imzalad\u0131. Bakan Kac\u0131r&#8217;a T\u00fcrkiye <a href=\"https:\/\/www.ntv.com.tr\/haberleri\/uzay\" class=\"text-light-blue hover:opacity-75 transition-opacity duration-150\" target=\"_blank\" rel=\"noopener noreferrer\">Uzay<svg viewbox=\"0 0 12 12\" fill=\"none\" style=\"display:inline-block;width:0.75em;height:0.75em;vertical-align:baseline;margin:0 0.25em\"><path d=\"M3.5 1.5H1.5a1 1 0 00-1 1v8a1 1 0 001 1h8a1 1 0 001-1V8.5M7 .5H11.5V5M4.5 7.5L11 1\" stroke=\"currentColor\" stroke-linecap=\"round\" stroke-linejoin=\"round\"\/><\/svg><\/a> Ajans\u0131 Ba\u015fkan\u0131 Yusuf K\u0131ra\u00e7 da e\u015flik etti.\u00a0<\/p>\n<p>\u00a0<\/p>\n<p>T\u00f6rene ev sahipli\u011fi yapan NASA Ba\u015fkan\u0131 Jared Isaacman, \u201cT\u00fcrkiye Cumhuriyeti&#8217;ni Artemis Anla\u015fmalar\u0131&#8217;n\u0131n 71&#8217;inci imzac\u0131s\u0131 olarak kar\u015f\u0131lamaktan onur duyuyorum\u201d dedi.\u00a0<\/p>\n<p>\u00a0<\/p>\n<p>NASA, T\u00fcrkiye&#8217;nin uzay ara\u015ft\u0131rmalar\u0131ndaki rol\u00fcn\u00fcn giderek artt\u0131\u011f\u0131na da dikkat \u00e7ekti.\u00a0<\/p>\n<p>\u00a0<\/p>\n<p>2020&#8217;de ba\u015flat\u0131lan Artemis Anla\u015fmalar\u0131, uzayda uluslararas\u0131 i\u015fbirli\u011fine ili\u015fkin ilkeleri belirliyor. Bu ilkeler aras\u0131nda bar\u0131\u015f\u00e7\u0131l ke\u015fif, bilimsel verilerin payla\u015f\u0131lmas\u0131, ihtiya\u00e7 halinde yard\u0131m sa\u011flanmas\u0131 ve tarihsel \u00f6neme sahip alanlar ile eserlerin korunmas\u0131 bulunuyor.<\/p>\n<\/div>\n<p><br \/>\n<br \/><a href=\"https:\/\/www.ntv.com.tr\/teknoloji\/turkiye-artemis-anlasmalarina-katildi-1739800\"><\/a><\/p>\n","protected":false},"excerpt":{"rendered":"<p>T\u00fcrkiye, NASA&#8216;n\u0131n Artemis Anla\u015fmalar\u0131&#8217;na kat\u0131ld\u0131. B\u00f6ylece T\u00fcrkiye, uzay\u0131n bar\u0131\u015f\u00e7\u0131l ke\u015ffini hedefleyen \u00e7er\u00e7eve anla\u015fman\u0131n 71&#8217;inci imzac\u0131 \u00fclkesi oldu.\u00a0 \u00a0 Sanayi ve Teknoloji Bakan\u0131 Mehmet Fatih Kac\u0131r, anla\u015fmay\u0131 T\u00fcrkiye ad\u0131na Washington&#8217;daki NASA merkezinde d\u00fczenlenen t\u00f6rende imzalad\u0131. Bakan Kac\u0131r&#8217;a T\u00fcrkiye Uzay Ajans\u0131 Ba\u015fkan\u0131 Yusuf K\u0131ra\u00e7 da e\u015flik etti.\u00a0 \u00a0 T\u00f6rene ev sahipli\u011fi yapan NASA Ba\u015fkan\u0131 Jared Isaacman, \u201cT\u00fcrkiye [&hellip;]<\/p>\n","protected":false},"author":908,"featured_media":39286,"comment_status":"open","ping_status":"open","sticky":false,"template":"","format":"standard","meta":{"advanced_seo_description":"","jetpack_seo_html_title":"","jetpack_seo_noindex":false,"jetpack_seo_schema_type":"","_jetpack_newsletter_access":"","_jetpack_dont_email_post_to_subs":false,"_jetpack_newsletter_tier_id":0,"_jetpack_memberships_contains_paywalled_content":false,"_jetpack_feature_clip_id":0,"_jetpack_memberships_contains_paid_content":false,"footnotes":"","jetpack_publicize_message":"","jetpack_publicize_feature_enabled":true,"jetpack_social_post_already_shared":true,"jetpack_social_options":{"image_generator_settings":{"template":"highway","default_image_id":0,"font":"","enabled":false},"version":2},"jetpack_post_was_ever_published":false},"categories":[12],"tags":[],"class_list":["post-39285","post","type-post","status-publish","format-standard","has-post-thumbnail","hentry","category-teknoloji"],"jetpack_publicize_connections":[],"jetpack_featured_media_url":"https:\/\/kibrisayna.com\/wp-content\/uploads\/2026\/09\/GXMZHNBUW5KKJHHJLD2M4W2HNQcopy-758062.jpg","jetpack_sharing_enabled":true,"_links":{"self":[{"href":"https:\/\/kibrisayna.com\/index.php\/wp-json\/wp\/v2\/posts\/39285","targetHints":{"allow":["GET"]}}],"collection":[{"href":"https:\/\/kibrisayna.com\/index.php\/wp-json\/wp\/v2\/posts"}],"about":[{"href":"https:\/\/kibrisayna.com\/index.php\/wp-json\/wp\/v2\/types\/post"}],"author":[{"embeddable":true,"href":"https:\/\/kibrisayna.com\/index.php\/wp-json\/wp\/v2\/users\/908"}],"replies":[{"embeddable":true,"href":"https:\/\/kibrisayna.com\/index.php\/wp-json\/wp\/v2\/comments?post=39285"}],"version-history":[{"count":0,"href":"https:\/\/kibrisayna.com\/index.php\/wp-json\/wp\/v2\/posts\/39285\/revisions"}],"wp:featuredmedia":[{"embeddable":true,"href":"https:\/\/kibrisayna.com\/index.php\/wp-json\/wp\/v2\/media\/39286"}],"wp:attachment":[{"href":"https:\/\/kibrisayna.com\/index.php\/wp-json\/wp\/v2\/media?parent=39285"}],"wp:term":[{"taxonomy":"category","embeddable":true,"href":"https:\/\/kibrisayna.com\/index.php\/wp-json\/wp\/v2\/categories?post=39285"},{"taxonomy":"post_tag","embeddable":true,"href":"https:\/\/kibrisayna.com\/index.php\/wp-json\/wp\/v2\/tags?post=39285"}],"curies":[{"name":"wp","href":"https:\/\/api.w.org\/{rel}","templated":true}]}}