{"id":37553,"date":"2026-05-01T10:58:24","date_gmt":"2026-05-01T07:58:24","guid":{"rendered":"https:\/\/kibrisayna.com\/index.php\/2026\/05\/01\/otomobil-devinden-kritik-iptal-planlar-degisti\/"},"modified":"2026-05-01T10:58:24","modified_gmt":"2026-05-01T07:58:24","slug":"otomobil-devinden-kritik-iptal-planlar-degisti","status":"publish","type":"post","link":"https:\/\/kibrisayna.com\/index.php\/2026\/05\/01\/otomobil-devinden-kritik-iptal-planlar-degisti\/","title":{"rendered":"Otomobil devinden kritik iptal, planlar de\u011fi\u015fti"},"content":{"rendered":"<p> <br \/>\n<\/p>\n<div>\n<p><a href=\"https:\/\/www.ntv.com.tr\/haberleri\/nissan\" class=\"text-light-blue hover:opacity-75 transition-opacity duration-150\" target=\"_blank\" rel=\"noopener noreferrer\">Nissan<svg viewbox=\"0 0 12 12\" fill=\"none\" style=\"display:inline-block;width:0.75em;height:0.75em;vertical-align:baseline;margin:0 0.25em\"><path d=\"M3.5 1.5H1.5a1 1 0 00-1 1v8a1 1 0 001 1h8a1 1 0 001-1V8.5M7 .5H11.5V5M4.5 7.5L11 1\" stroke=\"currentColor\" stroke-linecap=\"round\" stroke-linejoin=\"round\"\/><\/svg><\/a>, <a href=\"https:\/\/www.ntv.com.tr\/haberleri\/abd\" class=\"text-light-blue hover:opacity-75 transition-opacity duration-150\" target=\"_blank\" rel=\"noopener noreferrer\">ABD<svg viewbox=\"0 0 12 12\" fill=\"none\" style=\"display:inline-block;width:0.75em;height:0.75em;vertical-align:baseline;margin:0 0.25em\"><path d=\"M3.5 1.5H1.5a1 1 0 00-1 1v8a1 1 0 001 1h8a1 1 0 001-1V8.5M7 .5H11.5V5M4.5 7.5L11 1\" stroke=\"currentColor\" stroke-linecap=\"round\" stroke-linejoin=\"round\"\/><\/svg><\/a>&#8216;nin g\u00fcneyindeki Mississippi eyaletinde bulunan fabrikas\u0131nda elektrikli ara\u00e7 <a href=\"https:\/\/www.ntv.com.tr\/haberleri\/uretim\" class=\"text-light-blue hover:opacity-75 transition-opacity duration-150\" target=\"_blank\" rel=\"noopener noreferrer\">\u00fcretim<svg viewbox=\"0 0 12 12\" fill=\"none\" style=\"display:inline-block;width:0.75em;height:0.75em;vertical-align:baseline;margin:0 0.25em\"><path d=\"M3.5 1.5H1.5a1 1 0 00-1 1v8a1 1 0 001 1h8a1 1 0 001-1V8.5M7 .5H11.5V5M4.5 7.5L11 1\" stroke=\"currentColor\" stroke-linecap=\"round\" stroke-linejoin=\"round\"\/><\/svg><\/a> planlar\u0131n\u0131 iptal etti\u011fini a\u00e7\u0131klad\u0131.<\/p>\n<p>\u00a0<\/p>\n<p>Bu iptal, Japon otomobil \u00fcreticisinin stratejik politika incelemesinin bir par\u00e7as\u0131 oldu. Zira ge\u00e7en y\u0131l ye\u015fil ara\u00e7 te\u015fviklerinin sona ermesiyle ABD elektrikli ara\u00e7 pazar\u0131 k\u00fc\u00e7\u00fclm\u00fc\u015ft\u00fc.<\/p>\n<p>\u00a0<\/p>\n<p><strong>ABD&#8217;DE ELEKTR\u0130KL\u0130 ARA\u00c7LARA TALEP D\u00dc\u015e\u00dcYOR<\/strong><\/p>\n<p>\u00a0<\/p>\n<p>Nissan, Canton fabrikas\u0131nda benzinli otomobiller gibi geleneksel ara\u00e7lar\u0131n \u00fcretimini art\u0131racak. ABD&#8217;de elektrikli olmayan ara\u00e7 sat\u0131\u015flar\u0131 art\u0131\u015f g\u00f6steriyor.<\/p>\n<p>\u00a0<\/p>\n<p>Japon otomobil \u00fcreticisi, Leaf de dahil olmak \u00fczere elektrikli ara\u00e7lar\u0131n\u0131 ABD&#8217;de satmaya devam edecek.<\/p>\n<p>\u015eirket, Canton fabrikas\u0131nda iki elektrikli spor arazi arac\u0131 modeli \u00fcretmeyi planl\u0131yordu ve \u00fcretime 2028 y\u0131l\u0131n\u0131n sonu ile 2029 y\u0131l\u0131n\u0131n ilk yar\u0131s\u0131 aras\u0131nda ba\u015flamay\u0131 hedefliyordu. Temmuz 2025&#8217;te \u00fcretim planlar\u0131n\u0131 bir y\u0131la kadar ertelemi\u015fti.<\/p>\n<\/div>\n<p><br \/>\n<br \/><a href=\"https:\/\/www.ntv.com.tr\/otomobil\/otomobil-devinden-kritik-iptal-planlar-degisti-1722384\"><\/a><\/p>\n","protected":false},"excerpt":{"rendered":"<p>Nissan, ABD&#8216;nin g\u00fcneyindeki Mississippi eyaletinde bulunan fabrikas\u0131nda elektrikli ara\u00e7 \u00fcretim planlar\u0131n\u0131 iptal etti\u011fini a\u00e7\u0131klad\u0131. \u00a0 Bu iptal, Japon otomobil \u00fcreticisinin stratejik politika incelemesinin bir par\u00e7as\u0131 oldu. Zira ge\u00e7en y\u0131l ye\u015fil ara\u00e7 te\u015fviklerinin sona ermesiyle ABD elektrikli ara\u00e7 pazar\u0131 k\u00fc\u00e7\u00fclm\u00fc\u015ft\u00fc. \u00a0 ABD&#8217;DE ELEKTR\u0130KL\u0130 ARA\u00c7LARA TALEP D\u00dc\u015e\u00dcYOR \u00a0 Nissan, Canton fabrikas\u0131nda benzinli otomobiller gibi geleneksel ara\u00e7lar\u0131n \u00fcretimini [&hellip;]<\/p>\n","protected":false},"author":908,"featured_media":37554,"comment_status":"open","ping_status":"open","sticky":false,"template":"","format":"standard","meta":{"_jetpack_memberships_contains_paid_content":false,"footnotes":"","jetpack_publicize_message":"","jetpack_publicize_feature_enabled":true,"jetpack_social_post_already_shared":true,"jetpack_social_options":{"image_generator_settings":{"template":"highway","default_image_id":0,"font":"","enabled":false},"version":2}},"categories":[13],"tags":[],"class_list":["post-37553","post","type-post","status-publish","format-standard","has-post-thumbnail","hentry","category-otomobil"],"jetpack_publicize_connections":[],"jetpack_featured_media_url":"https:\/\/kibrisayna.com\/wp-content\/uploads\/2026\/05\/nissan-365570.jpg","jetpack_sharing_enabled":true,"_links":{"self":[{"href":"https:\/\/kibrisayna.com\/index.php\/wp-json\/wp\/v2\/posts\/37553","targetHints":{"allow":["GET"]}}],"collection":[{"href":"https:\/\/kibrisayna.com\/index.php\/wp-json\/wp\/v2\/posts"}],"about":[{"href":"https:\/\/kibrisayna.com\/index.php\/wp-json\/wp\/v2\/types\/post"}],"author":[{"embeddable":true,"href":"https:\/\/kibrisayna.com\/index.php\/wp-json\/wp\/v2\/users\/908"}],"replies":[{"embeddable":true,"href":"https:\/\/kibrisayna.com\/index.php\/wp-json\/wp\/v2\/comments?post=37553"}],"version-history":[{"count":0,"href":"https:\/\/kibrisayna.com\/index.php\/wp-json\/wp\/v2\/posts\/37553\/revisions"}],"wp:featuredmedia":[{"embeddable":true,"href":"https:\/\/kibrisayna.com\/index.php\/wp-json\/wp\/v2\/media\/37554"}],"wp:attachment":[{"href":"https:\/\/kibrisayna.com\/index.php\/wp-json\/wp\/v2\/media?parent=37553"}],"wp:term":[{"taxonomy":"category","embeddable":true,"href":"https:\/\/kibrisayna.com\/index.php\/wp-json\/wp\/v2\/categories?post=37553"},{"taxonomy":"post_tag","embeddable":true,"href":"https:\/\/kibrisayna.com\/index.php\/wp-json\/wp\/v2\/tags?post=37553"}],"curies":[{"name":"wp","href":"https:\/\/api.w.org\/{rel}","templated":true}]}}