{"id":37534,"date":"2026-04-27T09:54:15","date_gmt":"2026-04-27T06:54:15","guid":{"rendered":"https:\/\/kibrisayna.com\/index.php\/2026\/04\/27\/otomotiv-devi-hondadan-23-yil-sonra-veda-ulkeden-tamamen-cikiyor\/"},"modified":"2026-04-27T09:54:15","modified_gmt":"2026-04-27T06:54:15","slug":"otomotiv-devi-hondadan-23-yil-sonra-veda-ulkeden-tamamen-cikiyor","status":"publish","type":"post","link":"https:\/\/kibrisayna.com\/index.php\/2026\/04\/27\/otomotiv-devi-hondadan-23-yil-sonra-veda-ulkeden-tamamen-cikiyor\/","title":{"rendered":"Otomotiv devi Honda&#8217;dan 23 y\u0131l sonra veda. \u00dclkeden tamamen \u00e7\u0131k\u0131yor"},"content":{"rendered":"<p> <br \/>\n<\/p>\n<div>\n<p><a href=\"https:\/\/www.ntv.com.tr\/haberleri\/honda\" class=\"text-light-blue hover:opacity-75 transition-opacity duration-150\" target=\"_blank\" rel=\"noopener noreferrer\">Honda<svg viewbox=\"0 0 12 12\" fill=\"none\" style=\"display:inline-block;width:0.75em;height:0.75em;vertical-align:baseline;margin:0 0.25em\"><path d=\"M3.5 1.5H1.5a1 1 0 00-1 1v8a1 1 0 001 1h8a1 1 0 001-1V8.5M7 .5H11.5V5M4.5 7.5L11 1\" stroke=\"currentColor\" stroke-linecap=\"round\" stroke-linejoin=\"round\"\/><\/svg><\/a>&#8216;n\u0131n resmi web sitesinden yap\u0131lan a\u00e7\u0131klamada, merkezi <a href=\"https:\/\/www.ntv.com.tr\/haberleri\/guney-kore\" class=\"text-light-blue hover:opacity-75 transition-opacity duration-150\" target=\"_blank\" rel=\"noopener noreferrer\">G\u00fcney Kore<svg viewbox=\"0 0 12 12\" fill=\"none\" style=\"display:inline-block;width:0.75em;height:0.75em;vertical-align:baseline;margin:0 0.25em\"><path d=\"M3.5 1.5H1.5a1 1 0 00-1 1v8a1 1 0 001 1h8a1 1 0 001-1V8.5M7 .5H11.5V5M4.5 7.5L11 1\" stroke=\"currentColor\" stroke-linecap=\"round\" stroke-linejoin=\"round\"\/><\/svg><\/a>&#8216;nin Seul \u015fehrinde bulunan Honda&#8217;n\u0131n motosiklet ve <a href=\"https:\/\/www.ntv.com.tr\/otomobil\" class=\"text-light-blue hover:opacity-75 transition-opacity duration-150\" target=\"_blank\" rel=\"noopener noreferrer\">otomobil<svg viewbox=\"0 0 12 12\" fill=\"none\" style=\"display:inline-block;width:0.75em;height:0.75em;vertical-align:baseline;margin:0 0.25em\"><path d=\"M3.5 1.5H1.5a1 1 0 00-1 1v8a1 1 0 001 1h8a1 1 0 001-1V8.5M7 .5H11.5V5M4.5 7.5L11 1\" stroke=\"currentColor\" stroke-linecap=\"round\" stroke-linejoin=\"round\"\/><\/svg><\/a> sat\u0131\u015f i\u015ftiraki Honda Kore&#8217;nin otomobil sat\u0131\u015f faaliyetlerinin 2026 y\u0131l\u0131n\u0131n sonunda sona erece\u011fini duyurdu.<\/p>\n<p>\u00a0<\/p>\n<p>K\u00fcresel ve G\u00fcney Kore otomobil pazarlar\u0131n\u0131 \u00e7evreleyen ortamdaki de\u011fi\u015fiklikler \u0131\u015f\u0131\u011f\u0131nda ve orta ve uzun vadeli rekabet g\u00fcc\u00fcn\u00fc g\u00fc\u00e7lendirmek i\u00e7in kurumsal kaynaklar\u0131 yo\u011funla\u015ft\u0131rma perspektifinden kapsaml\u0131 bir de\u011ferlendirme sonras\u0131nda Honda, G\u00fcney Kore&#8217;deki otomobil sat\u0131\u015f faaliyetlerini durdurma karar\u0131 ald\u0131.<\/p>\n<p>\u00a0<\/p>\n<p>Otomobil sat\u0131\u015flar\u0131n\u0131n durdurulmas\u0131ndan sonra bile Honda, G\u00fcney Kore pazar\u0131ndaki Honda ara\u00e7 m\u00fc\u015fterilerine ara\u00e7 servisi ve bak\u0131m\u0131, yedek par\u00e7a temini ve garanti deste\u011fi de dahil olmak \u00fczere sat\u0131\u015f sonras\u0131 hizmetler sunmaya devam edecek.<\/p>\n<p>\u00a0<\/p>\n<p>Honda Kore, motosiklet i\u015fini faaliyetlerinin merkezinde konumland\u0131rmaya devam ederken, G\u00fcney Kore&#8217;deki m\u00fc\u015fterilerine cazip \u00fcr\u00fcnler sunmaya ve hizmet ve deneyimleri daha da geli\u015ftirerek i\u015fini daha da g\u00fc\u00e7lendirecek.<\/p>\n<p>\u00a0<\/p>\n<p><strong>T\u00dcRK\u0130YE&#8217;DE DE SATI\u015eLARI ZAYIFLADI<\/strong><\/p>\n<p>\u00a0<\/p>\n<p>Honda&#8217;n\u0131n <a href=\"https:\/\/www.ntv.com.tr\/turkiye\" class=\"text-light-blue hover:opacity-75 transition-opacity duration-150\" target=\"_blank\" rel=\"noopener noreferrer\">T\u00fcrkiye<svg viewbox=\"0 0 12 12\" fill=\"none\" style=\"display:inline-block;width:0.75em;height:0.75em;vertical-align:baseline;margin:0 0.25em\"><path d=\"M3.5 1.5H1.5a1 1 0 00-1 1v8a1 1 0 001 1h8a1 1 0 001-1V8.5M7 .5H11.5V5M4.5 7.5L11 1\" stroke=\"currentColor\" stroke-linecap=\"round\" stroke-linejoin=\"round\"\/><\/svg><\/a>&#8216;de de sat\u0131\u015flar\u0131 zay\u0131f seyrediyor. Amiral gemisi olan Honda Civic&#8217;in T\u00fcrkiye sat\u0131\u015flar\u0131n\u0131 durduran Honda, motosiklet \u00fczerine yat\u0131r\u0131m yapmaya karar vermi\u015fti.<\/p>\n<\/div>\n<p><br \/>\n<br \/><a href=\"https:\/\/www.ntv.com.tr\/otomobil\/otomotiv-devi-hondadan-23-yil-sonra-veda-ulkeden-tamamen-cikiyor-1721797\"><\/a><\/p>\n","protected":false},"excerpt":{"rendered":"<p>Honda&#8216;n\u0131n resmi web sitesinden yap\u0131lan a\u00e7\u0131klamada, merkezi G\u00fcney Kore&#8216;nin Seul \u015fehrinde bulunan Honda&#8217;n\u0131n motosiklet ve otomobil sat\u0131\u015f i\u015ftiraki Honda Kore&#8217;nin otomobil sat\u0131\u015f faaliyetlerinin 2026 y\u0131l\u0131n\u0131n sonunda sona erece\u011fini duyurdu. \u00a0 K\u00fcresel ve G\u00fcney Kore otomobil pazarlar\u0131n\u0131 \u00e7evreleyen ortamdaki de\u011fi\u015fiklikler \u0131\u015f\u0131\u011f\u0131nda ve orta ve uzun vadeli rekabet g\u00fcc\u00fcn\u00fc g\u00fc\u00e7lendirmek i\u00e7in kurumsal kaynaklar\u0131 yo\u011funla\u015ft\u0131rma perspektifinden kapsaml\u0131 bir [&hellip;]<\/p>\n","protected":false},"author":908,"featured_media":37535,"comment_status":"open","ping_status":"open","sticky":false,"template":"","format":"standard","meta":{"_jetpack_memberships_contains_paid_content":false,"footnotes":"","jetpack_publicize_message":"","jetpack_publicize_feature_enabled":true,"jetpack_social_post_already_shared":true,"jetpack_social_options":{"image_generator_settings":{"template":"highway","default_image_id":0,"font":"","enabled":false},"version":2}},"categories":[13],"tags":[],"class_list":["post-37534","post","type-post","status-publish","format-standard","has-post-thumbnail","hentry","category-otomobil"],"jetpack_publicize_connections":[],"jetpack_featured_media_url":"https:\/\/kibrisayna.com\/wp-content\/uploads\/2026\/04\/honda-508295.jpg","jetpack_sharing_enabled":true,"_links":{"self":[{"href":"https:\/\/kibrisayna.com\/index.php\/wp-json\/wp\/v2\/posts\/37534","targetHints":{"allow":["GET"]}}],"collection":[{"href":"https:\/\/kibrisayna.com\/index.php\/wp-json\/wp\/v2\/posts"}],"about":[{"href":"https:\/\/kibrisayna.com\/index.php\/wp-json\/wp\/v2\/types\/post"}],"author":[{"embeddable":true,"href":"https:\/\/kibrisayna.com\/index.php\/wp-json\/wp\/v2\/users\/908"}],"replies":[{"embeddable":true,"href":"https:\/\/kibrisayna.com\/index.php\/wp-json\/wp\/v2\/comments?post=37534"}],"version-history":[{"count":0,"href":"https:\/\/kibrisayna.com\/index.php\/wp-json\/wp\/v2\/posts\/37534\/revisions"}],"wp:featuredmedia":[{"embeddable":true,"href":"https:\/\/kibrisayna.com\/index.php\/wp-json\/wp\/v2\/media\/37535"}],"wp:attachment":[{"href":"https:\/\/kibrisayna.com\/index.php\/wp-json\/wp\/v2\/media?parent=37534"}],"wp:term":[{"taxonomy":"category","embeddable":true,"href":"https:\/\/kibrisayna.com\/index.php\/wp-json\/wp\/v2\/categories?post=37534"},{"taxonomy":"post_tag","embeddable":true,"href":"https:\/\/kibrisayna.com\/index.php\/wp-json\/wp\/v2\/tags?post=37534"}],"curies":[{"name":"wp","href":"https:\/\/api.w.org\/{rel}","templated":true}]}}