{"id":37532,"date":"2026-04-27T09:20:40","date_gmt":"2026-04-27T06:20:40","guid":{"rendered":"https:\/\/kibrisayna.com\/index.php\/2026\/04\/27\/toyota-guc-kaybetmeye-basladi-ntv-haber\/"},"modified":"2026-04-27T09:20:40","modified_gmt":"2026-04-27T06:20:40","slug":"toyota-guc-kaybetmeye-basladi-ntv-haber","status":"publish","type":"post","link":"https:\/\/kibrisayna.com\/index.php\/2026\/04\/27\/toyota-guc-kaybetmeye-basladi-ntv-haber\/","title":{"rendered":"Toyota g\u00fc\u00e7 kaybetmeye ba\u015flad\u0131 | NTV Haber"},"content":{"rendered":"<p> <br \/>\n<\/p>\n<div>\n<p><a href=\"https:\/\/www.ntv.com.tr\/haberleri\/toyota\" class=\"text-light-blue hover:opacity-75 transition-opacity duration-150\" target=\"_blank\" rel=\"noopener noreferrer\">Toyota<svg viewbox=\"0 0 12 12\" fill=\"none\" style=\"display:inline-block;width:0.75em;height:0.75em;vertical-align:baseline;margin:0 0.25em\"><path d=\"M3.5 1.5H1.5a1 1 0 00-1 1v8a1 1 0 001 1h8a1 1 0 001-1V8.5M7 .5H11.5V5M4.5 7.5L11 1\" stroke=\"currentColor\" stroke-linecap=\"round\" stroke-linejoin=\"round\"\/><\/svg><\/a> Motor, mart ay\u0131nda k\u00fcresel ara\u00e7 sat\u0131\u015flar\u0131n\u0131n, Orta Do\u011fu pazar\u0131ndaki sert d\u00fc\u015f\u00fc\u015f ve pop\u00fcler modeli RAV4&#8217;\u00fcn yeni versiyonuna ge\u00e7i\u015f s\u00fcreci nedeniyle art arda ikinci ayda da geriledi\u011fini duyurdu.<\/p>\n<p>\u00a0<\/p>\n<p>Mart ay\u0131nda k\u00fcresel sat\u0131\u015flar, bir \u00f6nceki y\u0131l\u0131n ayn\u0131 d\u00f6nemine g\u00f6re y\u00fczde 7,3 oran\u0131nda azalarak 897 bin 871 adede geriledi. Bu d\u00f6nemde yurt d\u0131\u015f\u0131 sat\u0131\u015flar\u0131 y\u00fczde 7,2, <a href=\"https:\/\/www.ntv.com.tr\/haberleri\/japonya\" class=\"text-light-blue hover:opacity-75 transition-opacity duration-150\" target=\"_blank\" rel=\"noopener noreferrer\">Japonya<svg viewbox=\"0 0 12 12\" fill=\"none\" style=\"display:inline-block;width:0.75em;height:0.75em;vertical-align:baseline;margin:0 0.25em\"><path d=\"M3.5 1.5H1.5a1 1 0 00-1 1v8a1 1 0 001 1h8a1 1 0 001-1V8.5M7 .5H11.5V5M4.5 7.5L11 1\" stroke=\"currentColor\" stroke-linecap=\"round\" stroke-linejoin=\"round\"\/><\/svg><\/a> i\u00e7indeki sat\u0131\u015flar\u0131 ise y\u00fczde 7,8 oran\u0131nda d\u00fc\u015f\u00fc\u015f g\u00f6sterdi.<\/p>\n<p>\u00a0<\/p>\n<p>B\u00f6lgesel bazda incelendi\u011finde, Orta Do\u011fu&#8217;daki sat\u0131\u015flar\u0131n Mart ay\u0131nda neredeyse \u00fc\u00e7te bir oran\u0131nda azald\u0131\u011f\u0131 g\u00f6r\u00fcld\u00fc. Amerika Birle\u015fik Devletleri&#8217;ndeki sat\u0131\u015flar y\u00fczde 8,5, \u00c7in&#8217;deki sat\u0131\u015flar ise y\u00fczde 8 oran\u0131nda geriledi.<\/p>\n<p>\u00a0<\/p>\n<p>Orta Do\u011fu, Toyota i\u00e7in nispeten k\u00fc\u00e7\u00fck bir pazar konumunda bulunurken, b\u00f6lgedeki sat\u0131\u015flar\u0131n Mart ay\u0131nda yakla\u015f\u0131k 34 bin adet seviyesinde ger\u00e7ekle\u015fti\u011fi bildirildi.<\/p>\n<p>\u00a0<\/p>\n<p>\u015eirket, Orta Do\u011fu&#8217;daki bu keskin d\u00fc\u015f\u00fc\u015fe ili\u015fkin \u00f6zel bir gerek\u00e7e belirtmedi. Di\u011fer <a href=\"https:\/\/www.ntv.com.tr\/otomobil\" class=\"text-light-blue hover:opacity-75 transition-opacity duration-150\" target=\"_blank\" rel=\"noopener noreferrer\">otomobil<svg viewbox=\"0 0 12 12\" fill=\"none\" style=\"display:inline-block;width:0.75em;height:0.75em;vertical-align:baseline;margin:0 0.25em\"><path d=\"M3.5 1.5H1.5a1 1 0 00-1 1v8a1 1 0 001 1h8a1 1 0 001-1V8.5M7 .5H11.5V5M4.5 7.5L11 1\" stroke=\"currentColor\" stroke-linecap=\"round\" stroke-linejoin=\"round\"\/><\/svg><\/a> \u00fcreticileri ise ABD-\u0130srail sava\u015f\u0131n\u0131n H\u00fcrm\u00fcz Bo\u011faz\u0131 \u00fczerinden ger\u00e7ekle\u015ftirilen sevkiyatlar\u0131 aksatmas\u0131 ve genel ekonomik faaliyetleri yava\u015flatmas\u0131 nedeniyle b\u00f6lgedeki talebin zay\u0131flad\u0131\u011f\u0131n\u0131 ifade etmi\u015flerdi.<\/p>\n<p>\u00a0<\/p>\n<\/div>\n<p><br \/>\n<br \/><a href=\"https:\/\/www.ntv.com.tr\/otomobil\/toyota-guc-kaybetmeye-basladi-1721798\"><\/a><\/p>\n","protected":false},"excerpt":{"rendered":"<p>Toyota Motor, mart ay\u0131nda k\u00fcresel ara\u00e7 sat\u0131\u015flar\u0131n\u0131n, Orta Do\u011fu pazar\u0131ndaki sert d\u00fc\u015f\u00fc\u015f ve pop\u00fcler modeli RAV4&#8217;\u00fcn yeni versiyonuna ge\u00e7i\u015f s\u00fcreci nedeniyle art arda ikinci ayda da geriledi\u011fini duyurdu. \u00a0 Mart ay\u0131nda k\u00fcresel sat\u0131\u015flar, bir \u00f6nceki y\u0131l\u0131n ayn\u0131 d\u00f6nemine g\u00f6re y\u00fczde 7,3 oran\u0131nda azalarak 897 bin 871 adede geriledi. Bu d\u00f6nemde yurt d\u0131\u015f\u0131 sat\u0131\u015flar\u0131 y\u00fczde 7,2, [&hellip;]<\/p>\n","protected":false},"author":908,"featured_media":37533,"comment_status":"open","ping_status":"open","sticky":false,"template":"","format":"standard","meta":{"_jetpack_memberships_contains_paid_content":false,"footnotes":"","jetpack_publicize_message":"","jetpack_publicize_feature_enabled":true,"jetpack_social_post_already_shared":true,"jetpack_social_options":{"image_generator_settings":{"template":"highway","default_image_id":0,"font":"","enabled":false},"version":2}},"categories":[13],"tags":[],"class_list":["post-37532","post","type-post","status-publish","format-standard","has-post-thumbnail","hentry","category-otomobil"],"jetpack_publicize_connections":[],"jetpack_featured_media_url":"https:\/\/kibrisayna.com\/wp-content\/uploads\/2026\/04\/toyotabz-737643.jpg","jetpack_sharing_enabled":true,"_links":{"self":[{"href":"https:\/\/kibrisayna.com\/index.php\/wp-json\/wp\/v2\/posts\/37532","targetHints":{"allow":["GET"]}}],"collection":[{"href":"https:\/\/kibrisayna.com\/index.php\/wp-json\/wp\/v2\/posts"}],"about":[{"href":"https:\/\/kibrisayna.com\/index.php\/wp-json\/wp\/v2\/types\/post"}],"author":[{"embeddable":true,"href":"https:\/\/kibrisayna.com\/index.php\/wp-json\/wp\/v2\/users\/908"}],"replies":[{"embeddable":true,"href":"https:\/\/kibrisayna.com\/index.php\/wp-json\/wp\/v2\/comments?post=37532"}],"version-history":[{"count":0,"href":"https:\/\/kibrisayna.com\/index.php\/wp-json\/wp\/v2\/posts\/37532\/revisions"}],"wp:featuredmedia":[{"embeddable":true,"href":"https:\/\/kibrisayna.com\/index.php\/wp-json\/wp\/v2\/media\/37533"}],"wp:attachment":[{"href":"https:\/\/kibrisayna.com\/index.php\/wp-json\/wp\/v2\/media?parent=37532"}],"wp:term":[{"taxonomy":"category","embeddable":true,"href":"https:\/\/kibrisayna.com\/index.php\/wp-json\/wp\/v2\/categories?post=37532"},{"taxonomy":"post_tag","embeddable":true,"href":"https:\/\/kibrisayna.com\/index.php\/wp-json\/wp\/v2\/tags?post=37532"}],"curies":[{"name":"wp","href":"https:\/\/api.w.org\/{rel}","templated":true}]}}