{"id":37322,"date":"2026-03-08T11:59:09","date_gmt":"2026-03-08T08:59:09","guid":{"rendered":"https:\/\/kibrisayna.com\/index.php\/2026\/03\/08\/savasi-6-ay-surdurebilecek-kapasiteye-sahibiz-brtk\/"},"modified":"2026-03-08T11:59:09","modified_gmt":"2026-03-08T08:59:09","slug":"savasi-6-ay-surdurebilecek-kapasiteye-sahibiz-brtk","status":"publish","type":"post","link":"https:\/\/kibrisayna.com\/index.php\/2026\/03\/08\/savasi-6-ay-surdurebilecek-kapasiteye-sahibiz-brtk\/","title":{"rendered":"Sava\u015f\u0131 6 ay s\u00fcrd\u00fcrebilecek kapasiteye sahibiz \u2013 BRTK"},"content":{"rendered":"<p> <br \/>\n<\/p>\n<div>\n<div class=\"mariselle-image-container center\">\n                <img loading=\"lazy\" decoding=\"async\" width=\"864\" height=\"486\" class=\"lazy-image\" alt=\"\" sizes=\"auto, (max-width: 864px) 100vw, 864px\" src=\"https:\/\/brtk.net\/wp-content\/uploads\/2026\/03\/08\/79797.jpg?ver=2ff92a1cc4b98bba4f3334036e469c27\" srcset=\"https:\/\/brtk.net\/wp-content\/uploads\/2026\/03\/08\/79797.jpg?ver=2ff92a1cc4b98bba4f3334036e469c27 864w, https:\/\/brtk.net\/wp-content\/uploads\/2026\/03\/08\/79797-300x169.jpg?ver=2ff92a1cc4b98bba4f3334036e469c27 300w, https:\/\/brtk.net\/wp-content\/uploads\/2026\/03\/08\/79797-768x432.jpg?ver=2ff92a1cc4b98bba4f3334036e469c27 768w\"\/>                            <\/div>\n<p>\u0130ran Devrim Muhaf\u0131zlar\u0131 Ordusu S\u00f6zc\u00fcs\u00fc Ali Muhammed Naini, mevcut operasyon temposunu koruyarak en az 6 ay s\u00fcrecek yo\u011fun bir sava\u015f\u0131 s\u00fcrd\u00fcrebilecek kapasiteye sahip olduklar\u0131n\u0131 \u00f6ne s\u00fcrd\u00fc.<\/p>\n<p>Fars Haber Ajans\u0131\u2019na g\u00f6re Naini, \u0130ran\u2019\u0131n misilleme sald\u0131r\u0131lar\u0131na ili\u015fkin a\u00e7\u0131klama yapt\u0131.<\/p>\n<p>Naini, \u201c\u0130ran Silahl\u0131 Kuvvetleri, mevcut operasyon temposunu koruyarak en az 6 ay s\u00fcrecek yo\u011fun bir sava\u015f\u0131 s\u00fcrd\u00fcrebilecek kapasiteye sahiptir.\u201d dedi.<\/p>\n<p>\u00dclkesinin ABD \u00fcsleri ve \u0130srail\u2019e y\u00f6nelik sald\u0131r\u0131lar\u0131 hakk\u0131nda bilgi veren Naini, \u201cABD ve \u0130srail \u00fcsleri ile tesislerine y\u00f6nelik 200\u2019den fazla nokta hedef ald\u0131. \u0130ran\u2019\u0131n ate\u015f g\u00fcc\u00fcn\u00fcn yakla\u015f\u0131k y\u00fczde 60\u2019\u0131 b\u00f6lgedeki ABD \u00fcslerine, y\u00fczde 40\u2019\u0131 \u0130srail hedeflerine y\u00f6nelik ger\u00e7ekle\u015ftirildi.\u201d a\u00e7\u0131klamas\u0131nda bulundu.<\/p>\n<p>\u015eu ana kadar operasyonlarda kullan\u0131lan f\u00fczelerin a\u011f\u0131rl\u0131kl\u0131 olarak birinci ve ikinci nesil f\u00fczeler oldu\u011funu dile getiren Naini, gelecek a\u015famalarda daha geli\u015fmi\u015f, daha az kullan\u0131lan ve uzun menzilli f\u00fczelerle yeni bir sald\u0131r\u0131 tarz\u0131 uygulayacaklar\u0131n\u0131 belirtti.<\/p>\n<p>Sava\u015f\u0131n planlay\u0131c\u0131lar\u0131n\u0131n 3 konuda yanl\u0131\u015f hesap yapt\u0131klar\u0131n\u0131 savunan Naini, \u201cSava\u015f\u0131 planlayanlar, \u0130ran liderinin suikast\u0131 ile 48 saat i\u00e7inde \u00fclkenin \u00e7\u00f6kece\u011fini, sava\u015f\u0131n sadece 3 g\u00fcn s\u00fcrece\u011fini ve \u0130ran\u2019a kar\u015f\u0131 b\u00f6lgesel ve uluslararas\u0131 koalisyonun olu\u015faca\u011f\u0131n\u0131 beklediler. Fakat bu hesaplarda tamamen ba\u015far\u0131s\u0131z oldular.\u201d ifadelerini kulland\u0131.<\/p>\n<\/p><\/div>\n<p><script async\n                    defer\n                    crossorigin=\"anonymous\"\n                    src=\"https:\/\/connect.facebook.net\/tr_TR\/sdk.js#xfbml=1&#038;version=v3.3\"\n            ><\/script><br \/>\n<br \/><br \/>\n<br \/><a href=\"https:\/\/brtk.net\/iran-ordusu-savasi-6-ay-surdurebilecek-kapasiteye-sahibiz\/\">Kaynak BRT <\/a><\/p>\n","protected":false},"excerpt":{"rendered":"<p>\u0130ran Devrim Muhaf\u0131zlar\u0131 Ordusu S\u00f6zc\u00fcs\u00fc Ali Muhammed Naini, mevcut operasyon temposunu koruyarak en az 6 ay s\u00fcrecek yo\u011fun bir sava\u015f\u0131 s\u00fcrd\u00fcrebilecek kapasiteye sahip olduklar\u0131n\u0131 \u00f6ne s\u00fcrd\u00fc. Fars Haber Ajans\u0131\u2019na g\u00f6re Naini, \u0130ran\u2019\u0131n misilleme sald\u0131r\u0131lar\u0131na ili\u015fkin a\u00e7\u0131klama yapt\u0131. Naini, \u201c\u0130ran Silahl\u0131 Kuvvetleri, mevcut operasyon temposunu koruyarak en az 6 ay s\u00fcrecek yo\u011fun bir sava\u015f\u0131 s\u00fcrd\u00fcrebilecek kapasiteye [&hellip;]<\/p>\n","protected":false},"author":908,"featured_media":37323,"comment_status":"open","ping_status":"open","sticky":false,"template":"","format":"standard","meta":{"_jetpack_memberships_contains_paid_content":false,"footnotes":"","jetpack_publicize_message":"","jetpack_publicize_feature_enabled":true,"jetpack_social_post_already_shared":true,"jetpack_social_options":{"image_generator_settings":{"template":"highway","default_image_id":0,"font":"","enabled":false},"version":2}},"categories":[253],"tags":[],"class_list":["post-37322","post","type-post","status-publish","format-standard","has-post-thumbnail","hentry","category-gundem"],"jetpack_publicize_connections":[],"jetpack_featured_media_url":"https:\/\/kibrisayna.com\/wp-content\/uploads\/2026\/03\/79797.jpg","jetpack_sharing_enabled":true,"_links":{"self":[{"href":"https:\/\/kibrisayna.com\/index.php\/wp-json\/wp\/v2\/posts\/37322","targetHints":{"allow":["GET"]}}],"collection":[{"href":"https:\/\/kibrisayna.com\/index.php\/wp-json\/wp\/v2\/posts"}],"about":[{"href":"https:\/\/kibrisayna.com\/index.php\/wp-json\/wp\/v2\/types\/post"}],"author":[{"embeddable":true,"href":"https:\/\/kibrisayna.com\/index.php\/wp-json\/wp\/v2\/users\/908"}],"replies":[{"embeddable":true,"href":"https:\/\/kibrisayna.com\/index.php\/wp-json\/wp\/v2\/comments?post=37322"}],"version-history":[{"count":0,"href":"https:\/\/kibrisayna.com\/index.php\/wp-json\/wp\/v2\/posts\/37322\/revisions"}],"wp:featuredmedia":[{"embeddable":true,"href":"https:\/\/kibrisayna.com\/index.php\/wp-json\/wp\/v2\/media\/37323"}],"wp:attachment":[{"href":"https:\/\/kibrisayna.com\/index.php\/wp-json\/wp\/v2\/media?parent=37322"}],"wp:term":[{"taxonomy":"category","embeddable":true,"href":"https:\/\/kibrisayna.com\/index.php\/wp-json\/wp\/v2\/categories?post=37322"},{"taxonomy":"post_tag","embeddable":true,"href":"https:\/\/kibrisayna.com\/index.php\/wp-json\/wp\/v2\/tags?post=37322"}],"curies":[{"name":"wp","href":"https:\/\/api.w.org\/{rel}","templated":true}]}}