{"id":37318,"date":"2026-03-08T11:56:56","date_gmt":"2026-03-08T08:56:56","guid":{"rendered":"https:\/\/kibrisayna.com\/index.php\/2026\/03\/08\/kadinlarin-sesi-duyulmali-emegi-gorunur-olmali-brtk\/"},"modified":"2026-03-08T11:56:56","modified_gmt":"2026-03-08T08:56:56","slug":"kadinlarin-sesi-duyulmali-emegi-gorunur-olmali-brtk","status":"publish","type":"post","link":"https:\/\/kibrisayna.com\/index.php\/2026\/03\/08\/kadinlarin-sesi-duyulmali-emegi-gorunur-olmali-brtk\/","title":{"rendered":"Kad\u0131nlar\u0131n sesi duyulmal\u0131, eme\u011fi g\u00f6r\u00fcn\u00fcr olmal\u0131 \u2013 BRTK"},"content":{"rendered":"<p> <br \/>\n<\/p>\n<div>\n<div class=\"mariselle-image-container center\">\n                <img loading=\"lazy\" decoding=\"async\" width=\"630\" height=\"315\" class=\"lazy-image\" alt=\"\" sizes=\"auto, (max-width: 630px) 100vw, 630px\" src=\"https:\/\/brtk.net\/wp-content\/uploads\/2025\/07\/23\/meryemozkurt.jpg?ver=f66bc7989191f2073ea8bb353875b23a\" srcset=\"https:\/\/brtk.net\/wp-content\/uploads\/2025\/07\/23\/meryemozkurt.jpg?ver=f66bc7989191f2073ea8bb353875b23a 630w, https:\/\/brtk.net\/wp-content\/uploads\/2025\/07\/23\/meryemozkurt-300x150.jpg?ver=f66bc7989191f2073ea8bb353875b23a 300w\"\/>                            <\/div>\n<p>Bayrak Radyo Televizyon Kurumu (BRTK) M\u00fcd\u00fcr\u00fc Meryem \u00d6zkurt, 8 Mart D\u00fcnya Kad\u0131nlar G\u00fcn\u00fc dolay\u0131s\u0131yla yay\u0131mlad\u0131\u011f\u0131 mesajda, medyada kad\u0131nlar\u0131n temsil bi\u00e7imine dikkat \u00e7ekerek toplumsal cinsiyet e\u015fitli\u011finin \u00f6nemini vurgulad\u0131.<\/p>\n<p>\u00d6zkurt, kad\u0131nlar\u0131n medyada ve g\u00fcndelik ya\u015famda \u00e7o\u011fu zaman ak\u0131llar\u0131, ba\u015far\u0131lar\u0131 ve s\u00f6zleriyle de\u011fil; bedenleri, ma\u011fduriyetleri ya da kal\u0131pla\u015fm\u0131\u015f roller \u00fczerinden temsil edildi\u011fini belirtti. Kad\u0131nlar\u0131n yaln\u0131zca \u201cma\u011fdur\u201d ya da \u201cg\u00f6rsel bir unsur\u201d olarak g\u00f6r\u00fclmemesi gerekti\u011fini ifade eden \u00d6zkurt, kad\u0131nlar\u0131n d\u00fc\u015f\u00fcnen, \u00fcreten, karar veren ve de\u011fi\u015fim yaratan bireyler oldu\u011funa i\u015faret etti.<\/p>\n<p>8 Mart D\u00fcnya Kad\u0131nlar G\u00fcn\u00fc\u2019n\u00fcn kad\u0131nlar\u0131n e\u015fit temsil edildi\u011fi, \u015fiddetin ve ayr\u0131mc\u0131l\u0131\u011f\u0131n son buldu\u011fu bir d\u00fcnya talebini hat\u0131rlatan \u00f6nemli bir g\u00fcn oldu\u011funu kaydeden \u00d6zkurt, kad\u0131nlar\u0131n sesinin duyuldu\u011fu, bedenlerinden \u00e7ok d\u00fc\u015f\u00fcncelerinin ve emeklerinin g\u00f6r\u00fcn\u00fcr oldu\u011fu bir toplumun m\u00fcmk\u00fcn oldu\u011funu vurgulad\u0131.<\/p>\n<p>Kad\u0131nlar\u0131n hayat\u0131n her alan\u0131nda b\u00fcy\u00fck emek harcad\u0131\u011f\u0131n\u0131, toplumsal geli\u015fime katk\u0131 sa\u011flad\u0131\u011f\u0131n\u0131 ve daha adil bir d\u00fcnya i\u00e7in m\u00fccadele etti\u011fini belirten \u00d6zkurt, toplumsal alg\u0131lar\u0131 \u015fekillendiren en g\u00fc\u00e7l\u00fc ara\u00e7lardan biri olan medyan\u0131n bu d\u00f6n\u00fc\u015f\u00fcmde \u00f6nemli bir rol \u00fcstlendi\u011fini ifade etti.<\/p>\n<p>Medya sekt\u00f6r\u00fcnde kad\u0131nlar\u0131n yaratt\u0131\u011f\u0131 etkinin her ge\u00e7en g\u00fcn daha g\u00f6r\u00fcn\u00fcr hale geldi\u011fini dile getiren \u00d6zkurt, buna ra\u011fmen eril dil ve cinsiyet\u00e7i bak\u0131\u015f a\u00e7\u0131s\u0131n\u0131n h\u00e2l\u00e2 baz\u0131 medya i\u00e7eriklerinde kendini g\u00f6sterebildi\u011fine dikkat \u00e7ekti.<\/p>\n<p>Kad\u0131nlar\u0131 kli\u015felere hapseden ve ba\u015far\u0131lar\u0131n\u0131 yeterince g\u00f6r\u00fcn\u00fcr k\u0131lmayan bu dilin d\u00f6n\u00fc\u015fmeden e\u015fit ve adil bir toplumun in\u015fa edilemeyece\u011fini belirten \u00d6zkurt, daha kapsay\u0131c\u0131 ve duyarl\u0131 bir dil kullanman\u0131n, kad\u0131nlar\u0131n ba\u015far\u0131lar\u0131n\u0131 hak ettikleri \u015fekilde \u00f6ne \u00e7\u0131karman\u0131n ve toplumsal cinsiyet e\u015fitli\u011fini g\u00fc\u00e7lendirmenin herkesin sorumlulu\u011fu oldu\u011funu kaydetti.<\/p>\n<p>\u00d6zkurt, kad\u0131nlar\u0131n sesini y\u00fckselten, temsilini g\u00fc\u00e7lendiren ve eme\u011fini g\u00f6r\u00fcn\u00fcr k\u0131lan bir medya i\u00e7in \u00e7al\u0131\u015fmaya devam edeceklerini ifade ederek, t\u00fcm emek\u00e7i kad\u0131nlar\u0131n 8 Mart D\u00fcnya Kad\u0131nlar G\u00fcn\u00fc\u2019n\u00fc kutlad\u0131.<\/p>\n<\/p><\/div>\n<p><script async\n                    defer\n                    crossorigin=\"anonymous\"\n                    src=\"https:\/\/connect.facebook.net\/tr_TR\/sdk.js#xfbml=1&#038;version=v3.3\"\n            ><\/script><br \/>\n<br \/><br \/>\n<br \/><a href=\"https:\/\/brtk.net\/ozkurt-kadinlarin-sesi-duyulmali-emegi-gorunur-olmali\/\">Kaynak BRT <\/a><\/p>\n","protected":false},"excerpt":{"rendered":"<p>Bayrak Radyo Televizyon Kurumu (BRTK) M\u00fcd\u00fcr\u00fc Meryem \u00d6zkurt, 8 Mart D\u00fcnya Kad\u0131nlar G\u00fcn\u00fc dolay\u0131s\u0131yla yay\u0131mlad\u0131\u011f\u0131 mesajda, medyada kad\u0131nlar\u0131n temsil bi\u00e7imine dikkat \u00e7ekerek toplumsal cinsiyet e\u015fitli\u011finin \u00f6nemini vurgulad\u0131. \u00d6zkurt, kad\u0131nlar\u0131n medyada ve g\u00fcndelik ya\u015famda \u00e7o\u011fu zaman ak\u0131llar\u0131, ba\u015far\u0131lar\u0131 ve s\u00f6zleriyle de\u011fil; bedenleri, ma\u011fduriyetleri ya da kal\u0131pla\u015fm\u0131\u015f roller \u00fczerinden temsil edildi\u011fini belirtti. Kad\u0131nlar\u0131n yaln\u0131zca \u201cma\u011fdur\u201d ya da [&hellip;]<\/p>\n","protected":false},"author":908,"featured_media":37319,"comment_status":"open","ping_status":"open","sticky":false,"template":"","format":"standard","meta":{"_jetpack_memberships_contains_paid_content":false,"footnotes":"","jetpack_publicize_message":"","jetpack_publicize_feature_enabled":true,"jetpack_social_post_already_shared":true,"jetpack_social_options":{"image_generator_settings":{"template":"highway","default_image_id":0,"font":"","enabled":false},"version":2}},"categories":[253],"tags":[],"class_list":["post-37318","post","type-post","status-publish","format-standard","has-post-thumbnail","hentry","category-gundem"],"jetpack_publicize_connections":[],"jetpack_featured_media_url":"https:\/\/kibrisayna.com\/wp-content\/uploads\/2026\/03\/meryemozkurt.jpg","jetpack_sharing_enabled":true,"_links":{"self":[{"href":"https:\/\/kibrisayna.com\/index.php\/wp-json\/wp\/v2\/posts\/37318","targetHints":{"allow":["GET"]}}],"collection":[{"href":"https:\/\/kibrisayna.com\/index.php\/wp-json\/wp\/v2\/posts"}],"about":[{"href":"https:\/\/kibrisayna.com\/index.php\/wp-json\/wp\/v2\/types\/post"}],"author":[{"embeddable":true,"href":"https:\/\/kibrisayna.com\/index.php\/wp-json\/wp\/v2\/users\/908"}],"replies":[{"embeddable":true,"href":"https:\/\/kibrisayna.com\/index.php\/wp-json\/wp\/v2\/comments?post=37318"}],"version-history":[{"count":0,"href":"https:\/\/kibrisayna.com\/index.php\/wp-json\/wp\/v2\/posts\/37318\/revisions"}],"wp:featuredmedia":[{"embeddable":true,"href":"https:\/\/kibrisayna.com\/index.php\/wp-json\/wp\/v2\/media\/37319"}],"wp:attachment":[{"href":"https:\/\/kibrisayna.com\/index.php\/wp-json\/wp\/v2\/media?parent=37318"}],"wp:term":[{"taxonomy":"category","embeddable":true,"href":"https:\/\/kibrisayna.com\/index.php\/wp-json\/wp\/v2\/categories?post=37318"},{"taxonomy":"post_tag","embeddable":true,"href":"https:\/\/kibrisayna.com\/index.php\/wp-json\/wp\/v2\/tags?post=37318"}],"curies":[{"name":"wp","href":"https:\/\/api.w.org\/{rel}","templated":true}]}}