{"id":37314,"date":"2026-03-08T11:50:33","date_gmt":"2026-03-08T08:50:33","guid":{"rendered":"https:\/\/kibrisayna.com\/index.php\/2026\/03\/08\/kurucu-meclis-uyesi-eski-bakanlardan-salih-cosar-hayatini-kaybetti-brtk\/"},"modified":"2026-03-08T11:50:33","modified_gmt":"2026-03-08T08:50:33","slug":"kurucu-meclis-uyesi-eski-bakanlardan-salih-cosar-hayatini-kaybetti-brtk","status":"publish","type":"post","link":"https:\/\/kibrisayna.com\/index.php\/2026\/03\/08\/kurucu-meclis-uyesi-eski-bakanlardan-salih-cosar-hayatini-kaybetti-brtk\/","title":{"rendered":"Kurucu Meclis \u00dcyesi, eski bakanlardan Salih Co\u015far hayat\u0131n\u0131 kaybetti \u2013 BRTK"},"content":{"rendered":"<p> <br \/>\n<\/p>\n<div>\n<div class=\"mariselle-image-container center\">\n                <img loading=\"lazy\" decoding=\"async\" width=\"670\" height=\"310\" class=\"lazy-image\" alt=\"\" sizes=\"auto, (max-width: 670px) 100vw, 670px\" src=\"https:\/\/brtk.net\/wp-content\/uploads\/2026\/03\/08\/salih-cosar.jpeg?ver=c05fa488fcab3e3b84c3b44d6a02bfc7\" srcset=\"https:\/\/brtk.net\/wp-content\/uploads\/2026\/03\/08\/salih-cosar.jpeg?ver=c05fa488fcab3e3b84c3b44d6a02bfc7 670w, https:\/\/brtk.net\/wp-content\/uploads\/2026\/03\/08\/salih-cosar-300x139.jpeg?ver=c05fa488fcab3e3b84c3b44d6a02bfc7 300w\"\/>                            <\/div>\n<p> Kurucu Meclis \u00dcyesi, uzun y\u0131llar bakanl\u0131k g\u00f6revi yapan Salih Co\u015far hayat\u0131n\u0131 kaybetti. Co\u015far i\u00e7in sal\u0131 g\u00fcn\u00fc Cumhuriyet Meclisi\u2019nde t\u00f6ren d\u00fczenlenecek.<\/p>\n<p>Cumhuriyet Meclisi Ba\u015fkan\u0131 Ziya \u00d6zt\u00fcrkler yay\u0131mlad\u0131\u011f\u0131 taziye mesaj\u0131nda, \u201cKurucu Meclis \u00dcyesi, Ulusal Birlik Partisi ve Demokrat Parti\u2019nin \u00e7e\u015fitli kademelerinde g\u00f6rev yapm\u0131\u015f, k\u0131ymetli b\u00fcy\u00fc\u011f\u00fcm\u00fcz Salih Co\u015far\u2019\u0131n vefat\u0131n\u0131 derin bir \u00fcz\u00fcnt\u00fcyle \u00f6\u011frenmi\u015f bulunmaktay\u0131m\u201d dedi.<\/p>\n<p>Co\u015far\u2019\u0131n, siyasi hayat\u0131 boyunca \u00fclkesine ve milletine ba\u011fl\u0131l\u0131\u011f\u0131yla kendilerine her zaman \u00f6rnek oldu\u011funu vurgulayan \u00d6zt\u00fcrkler, Co\u015far\u2019\u0131n gerek milletvekilli\u011fi, gerek bakanl\u0131k g\u00f6revleri, gerekse Meclis Ba\u015fkan Yard\u0131mc\u0131l\u0131\u011f\u0131 d\u00f6nemlerinde halka hizmet etti\u011fini, yol g\u00f6sterici duru\u015fuyla haf\u0131zalarda yer edindi\u011fini belirtti.<\/p>\n<p>\u201cOnun aziz hat\u0131ras\u0131, \u00fclkemize katt\u0131\u011f\u0131 de\u011ferler ve hizmetleriyle daima ya\u015fayacakt\u0131r\u201d diyen \u00d6zt\u00fcrkler, Co\u015far\u2019a Allah\u2019tan rahmet, ailesine, sevenlerine ve t\u00fcm camiaya ba\u015fsa\u011fl\u0131\u011f\u0131 diledi.<\/p>\n<p>\u00d6zt\u00fcrkler, Co\u015far i\u00e7in sal\u0131 g\u00fcn\u00fc saat 09.30\u2019da Cumhuriyet Meclisi\u2019nde t\u00f6ren d\u00fczenlenece\u011fini bildirdi.<\/p>\n<\/p><\/div>\n<p><script async\n                    defer\n                    crossorigin=\"anonymous\"\n                    src=\"https:\/\/connect.facebook.net\/tr_TR\/sdk.js#xfbml=1&#038;version=v3.3\"\n            ><\/script><br \/>\n<br \/><br \/>\n<br \/><a href=\"https:\/\/brtk.net\/kurucu-meclis-uyesi-eski-bakanlardan-salih-cosar-hayatini-kaybetti\/\">Kaynak BRT <\/a><\/p>\n","protected":false},"excerpt":{"rendered":"<p>Kurucu Meclis \u00dcyesi, uzun y\u0131llar bakanl\u0131k g\u00f6revi yapan Salih Co\u015far hayat\u0131n\u0131 kaybetti. Co\u015far i\u00e7in sal\u0131 g\u00fcn\u00fc Cumhuriyet Meclisi\u2019nde t\u00f6ren d\u00fczenlenecek. Cumhuriyet Meclisi Ba\u015fkan\u0131 Ziya \u00d6zt\u00fcrkler yay\u0131mlad\u0131\u011f\u0131 taziye mesaj\u0131nda, \u201cKurucu Meclis \u00dcyesi, Ulusal Birlik Partisi ve Demokrat Parti\u2019nin \u00e7e\u015fitli kademelerinde g\u00f6rev yapm\u0131\u015f, k\u0131ymetli b\u00fcy\u00fc\u011f\u00fcm\u00fcz Salih Co\u015far\u2019\u0131n vefat\u0131n\u0131 derin bir \u00fcz\u00fcnt\u00fcyle \u00f6\u011frenmi\u015f bulunmaktay\u0131m\u201d dedi. Co\u015far\u2019\u0131n, siyasi hayat\u0131 [&hellip;]<\/p>\n","protected":false},"author":908,"featured_media":37315,"comment_status":"open","ping_status":"open","sticky":false,"template":"","format":"standard","meta":{"_jetpack_memberships_contains_paid_content":false,"footnotes":"","jetpack_publicize_message":"","jetpack_publicize_feature_enabled":true,"jetpack_social_post_already_shared":true,"jetpack_social_options":{"image_generator_settings":{"template":"highway","default_image_id":0,"font":"","enabled":false},"version":2}},"categories":[253],"tags":[],"class_list":["post-37314","post","type-post","status-publish","format-standard","has-post-thumbnail","hentry","category-gundem"],"jetpack_publicize_connections":[],"jetpack_featured_media_url":"https:\/\/kibrisayna.com\/wp-content\/uploads\/2026\/03\/salih-cosar.jpeg","jetpack_sharing_enabled":true,"_links":{"self":[{"href":"https:\/\/kibrisayna.com\/index.php\/wp-json\/wp\/v2\/posts\/37314","targetHints":{"allow":["GET"]}}],"collection":[{"href":"https:\/\/kibrisayna.com\/index.php\/wp-json\/wp\/v2\/posts"}],"about":[{"href":"https:\/\/kibrisayna.com\/index.php\/wp-json\/wp\/v2\/types\/post"}],"author":[{"embeddable":true,"href":"https:\/\/kibrisayna.com\/index.php\/wp-json\/wp\/v2\/users\/908"}],"replies":[{"embeddable":true,"href":"https:\/\/kibrisayna.com\/index.php\/wp-json\/wp\/v2\/comments?post=37314"}],"version-history":[{"count":0,"href":"https:\/\/kibrisayna.com\/index.php\/wp-json\/wp\/v2\/posts\/37314\/revisions"}],"wp:featuredmedia":[{"embeddable":true,"href":"https:\/\/kibrisayna.com\/index.php\/wp-json\/wp\/v2\/media\/37315"}],"wp:attachment":[{"href":"https:\/\/kibrisayna.com\/index.php\/wp-json\/wp\/v2\/media?parent=37314"}],"wp:term":[{"taxonomy":"category","embeddable":true,"href":"https:\/\/kibrisayna.com\/index.php\/wp-json\/wp\/v2\/categories?post=37314"},{"taxonomy":"post_tag","embeddable":true,"href":"https:\/\/kibrisayna.com\/index.php\/wp-json\/wp\/v2\/tags?post=37314"}],"curies":[{"name":"wp","href":"https:\/\/api.w.org\/{rel}","templated":true}]}}