{"id":37072,"date":"2026-01-29T11:01:00","date_gmt":"2026-01-29T08:01:00","guid":{"rendered":"https:\/\/kibrisayna.com\/index.php\/2026\/01\/29\/uzayda-yapay-zeka-yarisi-cinden-muska-acik-meydan-okuma\/"},"modified":"2026-01-29T11:01:00","modified_gmt":"2026-01-29T08:01:00","slug":"uzayda-yapay-zeka-yarisi-cinden-muska-acik-meydan-okuma","status":"publish","type":"post","link":"https:\/\/kibrisayna.com\/index.php\/2026\/01\/29\/uzayda-yapay-zeka-yarisi-cinden-muska-acik-meydan-okuma\/","title":{"rendered":"Uzayda yapay zeka yar\u0131\u015f\u0131. \u00c7in&#8217;den Musk&#8217;a a\u00e7\u0131k meydan okuma"},"content":{"rendered":"<p> <br \/>\n<\/p>\n<div>\n<p>\u00c7in, \u00f6n\u00fcm\u00fczdeki be\u015f y\u0131l i\u00e7inde uzay tabanl\u0131 <a href=\"https:\/\/www.ntv.com.tr\/haberleri\/yapay-zeka\" class=\"text-light-blue hover:underline\" target=\"_blank\" rel=\"\">yapay zeka<\/a> veri merkezleri kurmay\u0131 planl\u0131yor. Devlet medyas\u0131n\u0131n aktard\u0131\u011f\u0131 plan, ABD\u2019li milyarder <a href=\"https:\/\/www.ntv.com.tr\/haberleri\/elon-musk\" class=\"text-light-blue hover:underline\" target=\"_blank\" rel=\"\">Elon Musk<\/a>\u2019\u0131n SpaceX \u00fczerinden uzaya ta\u015f\u0131may\u0131 hedefledi\u011fi veri merkezi projelerine do\u011frudan bir meydan okuma olarak de\u011ferlendiriliyor.<\/p>\n<p>\u00a0<\/p>\n<p>\u00c7in\u2019in ana uzay y\u00fcklenicisi China Aerospace Science and Technology Corporation (CASC), devlet televizyonu CCTV\u2019nin aktard\u0131\u011f\u0131 be\u015f y\u0131ll\u0131k kalk\u0131nma plan\u0131nda \u201cgigawatt s\u0131n\u0131f\u0131 uzay yapay-zeka altyap\u0131s\u0131\u201d in\u015fa etme taahh\u00fcd\u00fcnde bulundu. B\u00f6ylece D\u00fcnya\u2019dan gelen veriler do\u011frudan uzayda i\u015flenebilecek.<\/p>\n<p>\u00a0<\/p>\n<p><strong>MUSK&#8217;IN UZAY HEDEFLER\u0130<\/strong><\/p>\n<p>\u00a0<\/p>\n<p>ABD\u2019li SpaceX\u2019in, bu y\u0131l planlanan 25 milyar dolarl\u0131k halka arzdan sa\u011flanacak kaynakla, yery\u00fcz\u00fcndeki enerji k\u0131s\u0131tlar\u0131 nedeniyle uzayda yapay zeka veri merkezleri geli\u015ftirmeyi hedefledi\u011fi belirtiliyor.<\/p>\n<p>\u00a0<\/p>\n<p>Musk, ge\u00e7en hafta \u0130svi\u00e7re\u2019nin Davos kentinde d\u00fczenlenen D\u00fcnya Ekonomik Forumu\u2019nda yapt\u0131\u011f\u0131 a\u00e7\u0131klamada, g\u00fcne\u015f enerjili yapay zeka veri merkezi uydular\u0131n\u0131 en ge\u00e7 \u00fc\u00e7 y\u0131l i\u00e7inde f\u0131rlatmay\u0131 planlad\u0131klar\u0131n\u0131 s\u00f6yledi.\u00a0<\/p>\n<p>\u00a0<\/p>\n<p>Musk\u2019a g\u00f6re y\u00f6r\u00fcngedeki g\u00fcne\u015f panelleri, yery\u00fcz\u00fcndekilerin be\u015f kat\u0131 elektrik \u00fcretebiliyor.<\/p>\n<p>\u00a0<\/p>\n<p>Uzay tabanl\u0131 g\u00fcne\u015f enerjisi ile yapay zeka hesaplamas\u0131n\u0131n entegrasyonu, \u00c7in\u2019in yakla\u015fan 15. Be\u015f Y\u0131ll\u0131k Plan\u0131n\u0131n temel s\u00fctunlar\u0131ndan biri olarak tan\u0131mland\u0131.<\/p>\n<p>\u00a0<\/p>\n<p><strong>UZAY TUR\u0130ZM\u0130 DE G\u00dcNDEMDE<\/strong><\/p>\n<p>\u00a0<\/p>\n<p>\u00c7in&#8217;in plan\u0131, \u00f6n\u00fcm\u00fczdeki be\u015f y\u0131l i\u00e7inde uzay turizminin u\u00e7u\u015f operasyonlar\u0131n\u0131n ger\u00e7ekle\u015ftirilmesini ve y\u00f6r\u00fcngesel uzay turizminin kademeli olarak geli\u015ftirilmesini de \u00f6ng\u00f6r\u00fcyor.<\/p>\n<p>\u00a0<\/p>\n<p>Pekin ile Washington, uzay\u0131 sivil havac\u0131l\u0131\u011fa benzer \u015fekilde ticari olarak s\u00fcrd\u00fcr\u00fclebilir bir alan haline getirme yar\u0131\u015f\u0131nda. Ulusal uzay ajans\u0131, \u00c7in\u2019i 2045\u2019e kadar \u201cd\u00fcnya lideri bir uzay g\u00fcc\u00fc\u201d yapma hedefini vurguluyor.<\/p>\n<p>\u00a0<\/p>\n<p>\u00c7in, h\u0131zla olgunla\u015fan ticari uzay giri\u015fimlerinin katk\u0131s\u0131yla ge\u00e7en y\u0131l rekor 93 f\u0131rlatma ger\u00e7ekle\u015ftirdi.<\/p>\n<p>\u00a0<\/p>\n<p><strong>\u0130NSANLAR AY&#8217;A GER\u0130 D\u00d6N\u00dcYOR<\/strong><\/p>\n<p>\u00a0<\/p>\n<p>ABD, bu on y\u0131lda astronotlar\u0131 Ay\u2019a geri g\u00f6nderme hedefinde \u00c7in\u2019den yo\u011fun rekabet g\u00f6r\u00fcyor. \u0130nsanl\u0131\u011f\u0131n Ay\u2019daki son g\u00f6revi, Apollo program kapsam\u0131ndaki 1972 tarihli u\u00e7u\u015ftu.<\/p>\n<\/div>\n<p><br \/>\n<br \/><a href=\"https:\/\/www.ntv.com.tr\/teknoloji\/uzayda-yapay-zeka-yarisi-cinden-muska-acik-meydan-okuma-1709540\"><\/a><\/p>\n","protected":false},"excerpt":{"rendered":"<p>\u00c7in, \u00f6n\u00fcm\u00fczdeki be\u015f y\u0131l i\u00e7inde uzay tabanl\u0131 yapay zeka veri merkezleri kurmay\u0131 planl\u0131yor. Devlet medyas\u0131n\u0131n aktard\u0131\u011f\u0131 plan, ABD\u2019li milyarder Elon Musk\u2019\u0131n SpaceX \u00fczerinden uzaya ta\u015f\u0131may\u0131 hedefledi\u011fi veri merkezi projelerine do\u011frudan bir meydan okuma olarak de\u011ferlendiriliyor. \u00a0 \u00c7in\u2019in ana uzay y\u00fcklenicisi China Aerospace Science and Technology Corporation (CASC), devlet televizyonu CCTV\u2019nin aktard\u0131\u011f\u0131 be\u015f y\u0131ll\u0131k kalk\u0131nma plan\u0131nda [&hellip;]<\/p>\n","protected":false},"author":908,"featured_media":37073,"comment_status":"open","ping_status":"open","sticky":false,"template":"","format":"standard","meta":{"_jetpack_memberships_contains_paid_content":false,"footnotes":"","jetpack_publicize_message":"","jetpack_publicize_feature_enabled":true,"jetpack_social_post_already_shared":true,"jetpack_social_options":{"image_generator_settings":{"template":"highway","default_image_id":0,"font":"","enabled":false},"version":2}},"categories":[12],"tags":[],"class_list":["post-37072","post","type-post","status-publish","format-standard","has-post-thumbnail","hentry","category-teknoloji"],"jetpack_publicize_connections":[],"jetpack_featured_media_url":"https:\/\/kibrisayna.com\/wp-content\/uploads\/2026\/01\/000_82NF763-4913623.jpg","jetpack_sharing_enabled":true,"_links":{"self":[{"href":"https:\/\/kibrisayna.com\/index.php\/wp-json\/wp\/v2\/posts\/37072","targetHints":{"allow":["GET"]}}],"collection":[{"href":"https:\/\/kibrisayna.com\/index.php\/wp-json\/wp\/v2\/posts"}],"about":[{"href":"https:\/\/kibrisayna.com\/index.php\/wp-json\/wp\/v2\/types\/post"}],"author":[{"embeddable":true,"href":"https:\/\/kibrisayna.com\/index.php\/wp-json\/wp\/v2\/users\/908"}],"replies":[{"embeddable":true,"href":"https:\/\/kibrisayna.com\/index.php\/wp-json\/wp\/v2\/comments?post=37072"}],"version-history":[{"count":0,"href":"https:\/\/kibrisayna.com\/index.php\/wp-json\/wp\/v2\/posts\/37072\/revisions"}],"wp:featuredmedia":[{"embeddable":true,"href":"https:\/\/kibrisayna.com\/index.php\/wp-json\/wp\/v2\/media\/37073"}],"wp:attachment":[{"href":"https:\/\/kibrisayna.com\/index.php\/wp-json\/wp\/v2\/media?parent=37072"}],"wp:term":[{"taxonomy":"category","embeddable":true,"href":"https:\/\/kibrisayna.com\/index.php\/wp-json\/wp\/v2\/categories?post=37072"},{"taxonomy":"post_tag","embeddable":true,"href":"https:\/\/kibrisayna.com\/index.php\/wp-json\/wp\/v2\/tags?post=37072"}],"curies":[{"name":"wp","href":"https:\/\/api.w.org\/{rel}","templated":true}]}}