{"id":37064,"date":"2026-01-28T22:37:53","date_gmt":"2026-01-28T19:37:53","guid":{"rendered":"https:\/\/kibrisayna.com\/index.php\/2026\/01\/28\/portekiz-savunma-bakani-melodan-kizilelmaya-ovgu\/"},"modified":"2026-01-28T22:37:53","modified_gmt":"2026-01-28T19:37:53","slug":"portekiz-savunma-bakani-melodan-kizilelmaya-ovgu","status":"publish","type":"post","link":"https:\/\/kibrisayna.com\/index.php\/2026\/01\/28\/portekiz-savunma-bakani-melodan-kizilelmaya-ovgu\/","title":{"rendered":"Portekiz Savunma Bakan\u0131 Melo&#8217;dan KIZILELMA&#8217;ya \u00f6vg\u00fc"},"content":{"rendered":"<p> <br \/>\n<\/p>\n<div>\n<p>Baykar&#8217;\u0131 ziyaret eden <a href=\"https:\/\/www.ntv.com.tr\/haberleri\/portekiz\" class=\"text-light-blue hover:underline\" target=\"_blank\" rel=\"\">Portekiz<\/a> Savunma Bakan\u0131 Nuno Melo, T\u00fcrk silahl\u0131 insans\u0131z hava ara\u00e7lar\u0131ndan (S\u0130HA) \u00f6vg\u00fcyle s\u00f6z ederek, gelecekteki hedeflerini en iyi \u015fekilde belirleyebilmek i\u00e7in bu \u00f6rnekleri g\u00f6rmeleri gerekti\u011fini belirtti.<\/p>\n<p>Melo ve beraberindeki heyet, \u00d6zdemir Bayraktar Milli Teknoloji Merkezi&#8217;ni ziyaret etti.<\/p>\n<p>Baykar Y\u00f6netim Kurulu Ba\u015fkan\u0131 ve Teknoloji Lideri <a href=\"https:\/\/www.ntv.com.tr\/haberleri\/selcuk-bayraktar\" class=\"text-light-blue hover:underline\" target=\"_blank\" rel=\"\">Sel\u00e7uk Bayraktar<\/a> ile Genel M\u00fcd\u00fcr\u00fc Haluk Bayraktar, ziyaret s\u0131ras\u0131nda heyete y\u00fcr\u00fctt\u00fckleri \u00e7al\u0131\u015fmalar hakk\u0131nda bilgi verdi.<\/p>\n<p>\u00a0<\/p>\n<p>Melo, burada yapt\u0131\u011f\u0131 a\u00e7\u0131klamada, gelecekteki hedeflerini en iyi \u015fekilde belirleyebilmeleri i\u00e7in iyi \u00f6rnekleri g\u00f6rmeleri gerekti\u011fini s\u00f6yledi.<\/p>\n<p>\u00a0<\/p>\n<p>Baykar&#8217;\u0131n tamamen \u00f6zel bir \u015firket oldu\u011funa dikkati \u00e7eken Melo, &#8220;Burada \u00e7al\u0131\u015fanlar\u0131n ya\u015f ortalamas\u0131 29&#8217;un alt\u0131nda. Bu t\u00fcr yat\u0131r\u0131mlar\u0131n nitelikli, iyi maa\u015fl\u0131 ve gen\u00e7 istihdam\u0131 \u00e7ekmeye nas\u0131l yard\u0131mc\u0131 oldu\u011funu ve savunma alan\u0131nda gelece\u011fi stratejik olarak tasarlamam\u0131za nas\u0131l katk\u0131 sa\u011flad\u0131\u011f\u0131n\u0131 anl\u0131yorsunuz. Bu y\u00fczden, gerekirse sat\u0131n al\u0131nabilecek ekipmanlardan ba\u011f\u0131ms\u0131z olarak bu deneyim al\u0131\u015fveri\u015fi \u00e7ok \u00f6nemli.&#8221; dedi.<\/p>\n<p><strong>\u201cEN \u0130LER\u0130 TEKNOLOJ\u0130N\u0130N Z\u0130RVES\u0130\u201d\u00a0<\/strong><\/p>\n<p>Ziyareti somut bir al\u0131m amac\u0131 g\u00fctmeden yapt\u0131klar\u0131n\u0131 dile getiren Melo, \u015fu de\u011ferlendirmelerde bulundu:<\/p>\n<p>\u00a0<\/p>\n<p>&#8220;Burada Portekiz&#8217;de farkl\u0131 alanlarda yararl\u0131 olabilecek pek \u00e7ok ekipman buluyoruz. Burada \u015fahit oldu\u011fumuz \u015feylerin d\u00fcnyadaki en ileri teknolojinin zirvesinde oldu\u011funa \u015f\u00fcphe yok. Arkamdaki bu hava arac\u0131 (KIZILELMA) tamamen otonom, etkileyici bir sava\u015f kapasitesine ve mevcut en sofistike teknolojiye sahip. Elbette bunun pek \u00e7ok kullan\u0131m\u0131 olabilir, sadece sava\u015f zaman\u0131nda de\u011fil, bar\u0131\u015f zaman\u0131nda da arama-kurtarma, g\u00f6zetleme, yang\u0131n g\u00f6zetleme gibi faaliyetlerde kullan\u0131labilecek pek \u00e7ok \u00f6rnek var. Bu t\u00fcr teknolojilerin gelecekte sa\u011flayaca\u011f\u0131 devasa bir ekipman ta\u015f\u0131ma ve konumland\u0131rma kapasitesi mevcut.<\/p>\n<p>\u00a0<\/p>\n<p>Biz savunma sanayisine yat\u0131r\u0131m yap\u0131yoruz ve amac\u0131m\u0131z gelece\u011fe de\u011fer katan bir yat\u0131r\u0131m fikrine sahip olmak. Portekiz&#8217;in drone konusunda iddial\u0131 oldu\u011funu biliyoruz. Kendi \u00f6l\u00e7e\u011fimizde \u00f6nemli olan birka\u00e7 \u015firketimiz var, her ne kadar dronlar\u0131 daha k\u00fc\u00e7\u00fck boyutlu olsa da. Ulusal sermaye ve yat\u0131r\u0131mlarla kat edilecek \u00e7ok yol var ama bu ancak g\u00f6rerek ve deneyim payla\u015farak olur.&#8221;<\/p>\n<p>\u00a0<\/p>\n<p>&#8220;Bu gezi daha \u00e7ok g\u00f6rmek i\u00e7in mi yoksa kap\u0131lar\u0131 a\u00e7mak i\u00e7in mi?&#8221; sorusuna Bakan Melo, &#8220;Hepsi diyebilirim. G\u00f6rmeye, bu ekipmanlar\u0131n Portekiz i\u00e7in \u00f6nemli olup olmad\u0131\u011f\u0131n\u0131 anlamaya ve Portekiz&#8217;de yap\u0131lanlar\u0131n T\u00fcrkiye i\u00e7in yararl\u0131 olup olmad\u0131\u011f\u0131n\u0131 g\u00f6rmeye geldik. Bu, ileri teknoloji i\u00e7eren savunma sanayilerine odaklanm\u0131\u015f bir yolculuktur&#8221; yan\u0131t\u0131n\u0131 verdi.<\/p>\n<\/div>\n<p><br \/>\n<br \/><a href=\"https:\/\/www.ntv.com.tr\/teknoloji\/portekiz-savunma-bakani-melodan-kizilelmaya-ovgu-1709479\"><\/a><\/p>\n","protected":false},"excerpt":{"rendered":"<p>Baykar&#8217;\u0131 ziyaret eden Portekiz Savunma Bakan\u0131 Nuno Melo, T\u00fcrk silahl\u0131 insans\u0131z hava ara\u00e7lar\u0131ndan (S\u0130HA) \u00f6vg\u00fcyle s\u00f6z ederek, gelecekteki hedeflerini en iyi \u015fekilde belirleyebilmek i\u00e7in bu \u00f6rnekleri g\u00f6rmeleri gerekti\u011fini belirtti. Melo ve beraberindeki heyet, \u00d6zdemir Bayraktar Milli Teknoloji Merkezi&#8217;ni ziyaret etti. Baykar Y\u00f6netim Kurulu Ba\u015fkan\u0131 ve Teknoloji Lideri Sel\u00e7uk Bayraktar ile Genel M\u00fcd\u00fcr\u00fc Haluk Bayraktar, ziyaret [&hellip;]<\/p>\n","protected":false},"author":908,"featured_media":37065,"comment_status":"open","ping_status":"open","sticky":false,"template":"","format":"standard","meta":{"_jetpack_memberships_contains_paid_content":false,"footnotes":"","jetpack_publicize_message":"","jetpack_publicize_feature_enabled":true,"jetpack_social_post_already_shared":true,"jetpack_social_options":{"image_generator_settings":{"template":"highway","default_image_id":0,"font":"","enabled":false},"version":2}},"categories":[12],"tags":[],"class_list":["post-37064","post","type-post","status-publish","format-standard","has-post-thumbnail","hentry","category-teknoloji"],"jetpack_publicize_connections":[],"jetpack_featured_media_url":"https:\/\/kibrisayna.com\/wp-content\/uploads\/2026\/01\/AA-20260128-40393886-40393882-TURK_SIHALARINA_PORTEKIZ_SAVUNMA_BAKANI_NUNO_MELODAN_OVGU-124965.jpg","jetpack_sharing_enabled":true,"_links":{"self":[{"href":"https:\/\/kibrisayna.com\/index.php\/wp-json\/wp\/v2\/posts\/37064","targetHints":{"allow":["GET"]}}],"collection":[{"href":"https:\/\/kibrisayna.com\/index.php\/wp-json\/wp\/v2\/posts"}],"about":[{"href":"https:\/\/kibrisayna.com\/index.php\/wp-json\/wp\/v2\/types\/post"}],"author":[{"embeddable":true,"href":"https:\/\/kibrisayna.com\/index.php\/wp-json\/wp\/v2\/users\/908"}],"replies":[{"embeddable":true,"href":"https:\/\/kibrisayna.com\/index.php\/wp-json\/wp\/v2\/comments?post=37064"}],"version-history":[{"count":0,"href":"https:\/\/kibrisayna.com\/index.php\/wp-json\/wp\/v2\/posts\/37064\/revisions"}],"wp:featuredmedia":[{"embeddable":true,"href":"https:\/\/kibrisayna.com\/index.php\/wp-json\/wp\/v2\/media\/37065"}],"wp:attachment":[{"href":"https:\/\/kibrisayna.com\/index.php\/wp-json\/wp\/v2\/media?parent=37064"}],"wp:term":[{"taxonomy":"category","embeddable":true,"href":"https:\/\/kibrisayna.com\/index.php\/wp-json\/wp\/v2\/categories?post=37064"},{"taxonomy":"post_tag","embeddable":true,"href":"https:\/\/kibrisayna.com\/index.php\/wp-json\/wp\/v2\/tags?post=37064"}],"curies":[{"name":"wp","href":"https:\/\/api.w.org\/{rel}","templated":true}]}}