{"id":37057,"date":"2026-01-28T00:48:58","date_gmt":"2026-01-27T21:48:58","guid":{"rendered":"https:\/\/kibrisayna.com\/index.php\/2026\/01\/28\/anthropic-ceosundan-yapay-zeka-uyarisi-yikim-kolelik-ve-drone-ordulari\/"},"modified":"2026-01-28T00:48:58","modified_gmt":"2026-01-27T21:48:58","slug":"anthropic-ceosundan-yapay-zeka-uyarisi-yikim-kolelik-ve-drone-ordulari","status":"publish","type":"post","link":"https:\/\/kibrisayna.com\/index.php\/2026\/01\/28\/anthropic-ceosundan-yapay-zeka-uyarisi-yikim-kolelik-ve-drone-ordulari\/","title":{"rendered":"Anthropic CEO\u2019sundan yapay zeka uyar\u0131s\u0131: \u201cY\u0131k\u0131m, k\u00f6lelik ve drone ordular\u0131\u201d"},"content":{"rendered":"<p> <br \/>\n<\/p>\n<div>\n<p><a href=\"https:\/\/www.ntv.com.tr\/haberleri\/yapay-zeka\" class=\"text-light-blue hover:underline\" target=\"_blank\" rel=\"\">Yapay zeka<\/a> \u015firketi Anthropic\u2019in <a href=\"https:\/\/www.ntv.com.tr\/haberleri\/ceo\" class=\"text-light-blue hover:underline\" target=\"_blank\" rel=\"\">CEO<\/a>\u2019su ve kurucu orta\u011f\u0131 Dario Amodei, ki\u015fisel internet sitesinde yay\u0131mlad\u0131\u011f\u0131 38 sayfal\u0131k yeni denemesinde, \u201cs\u00fcper zekaya\u201d sahip yapay zekan\u0131n yol a\u00e7abilece\u011fi risklere kar\u015f\u0131 acil \u00f6nlem \u00e7a\u011fr\u0131s\u0131 yapt\u0131.<\/p>\n<p>\u00a0<\/p>\n<p>\u201cTeknolojinin Ergenlik \u00c7a\u011f\u0131\u201d ba\u015fl\u0131kl\u0131 metinde Amodei, kendi kendini geli\u015ftirebilen yapay zeka sistemlerinin bir ila iki y\u0131l i\u00e7inde ortaya \u00e7\u0131kabilece\u011fini \u00f6ne s\u00fcrerek, bunun insanl\u0131\u011f\u0131n k\u00f6lele\u015ftirilmesi ve \u201ckitlesel y\u0131k\u0131m\u201d gibi sonu\u00e7lar do\u011furabilece\u011fi uyar\u0131s\u0131nda bulundu.<\/p>\n<p>\u00a0<\/p>\n<p>Amodei, makalesinde yapay zeka kaynakl\u0131 risklerin bilinen ve hen\u00fcz \u00f6ng\u00f6r\u00fclemeyen boyutlar\u0131n\u0131 ele al\u0131yor. Yapay zeka destekli biyoter\u00f6rizm, k\u00f6t\u00fc niyetli yapay zekalar taraf\u0131ndan y\u00f6netilen <a href=\"https:\/\/www.ntv.com.tr\/haberleri\/drone\" class=\"text-light-blue hover:underline\" target=\"_blank\" rel=\"\">drone<\/a> ordular\u0131 ve yapay zekan\u0131n insan eme\u011fini toplum genelinde i\u015flevsiz hale getirmesi gibi senaryolar uzun uzun tart\u0131\u015f\u0131l\u0131yor. Bu tehditlere kar\u015f\u0131 ise sekt\u00f6r i\u00e7i \u00f6zdenetimden ABD Anayasas\u0131\u2019nda de\u011fi\u015fiklik yap\u0131lmas\u0131na kadar uzanan geni\u015f bir \u00e7\u00f6z\u00fcm yelpazesi \u00f6neriliyor.<\/p>\n<p>\u00a0<\/p>\n<p><strong>YAPAY ZEKA \u0130NSAN G\u0130B\u0130 ELE ALINMALI MI?<\/strong><\/p>\n<p>\u00a0<\/p>\n<p>Ancak deneme, yapay zeka tart\u0131\u015fmalar\u0131nda s\u0131k\u00e7a ele\u015ftirilen bir noktaya da d\u00fc\u015f\u00fcyor: Yapay zekan\u0131n insan gibi ele al\u0131nmas\u0131. Amodei, yapay zekay\u0131 bilin\u00e7li ve \u201cpsikolojik a\u00e7\u0131dan karma\u015f\u0131k\u201d bir varl\u0131k gibi tasvir ederken, mevcut dil modellerinin \u201ciyi bir insan\u201d olma y\u00f6n\u00fcnde bir t\u00fcr \u00f6z-kimlik geli\u015ftirdi\u011fini ileri s\u00fcr\u00fcyor. Ele\u015ftirmenlere g\u00f6re bu yakla\u015f\u0131m, yazar\u0131n bizzat uyard\u0131\u011f\u0131 tuza\u011f\u0131n kendisi.<\/p>\n<p>Mashab\u2019le\u2019a g\u00f6re ele\u015ftiriler, Amodei\u2019nin s\u00fcper zekan\u0131n \u201chep kap\u0131n\u0131n e\u015fi\u011finde\u201d oldu\u011fu y\u00f6n\u00fcndeki \u00f6ng\u00f6r\u00fclerine de odaklan\u0131yor. CEO, daha \u00f6nce 2024\u2019te kaleme ald\u0131\u011f\u0131 ba\u015fka bir yaz\u0131da da s\u00fcper zekan\u0131n bir-iki y\u0131l i\u00e7inde ortaya \u00e7\u0131kabilece\u011fini savunmu\u015ftu. Aradan ge\u00e7en zamana ra\u011fmen benzer bir \u00f6ng\u00f6r\u00fcn\u00fcn tekrar edilmesi, yapay zeka alan\u0131ndaki \u201ck\u0131yamet senaryolar\u0131n\u0131n\u201d s\u00fcrekli ertelenen ama hi\u00e7 gelmeyen bir yak\u0131n gelecek alg\u0131s\u0131 yaratt\u0131\u011f\u0131 yorumlar\u0131na neden oluyor.<\/p>\n<p>\u00a0<\/p>\n<p>Uzmanlara g\u00f6re, b\u00fcy\u00fck dil modelleri (LLM) son derece g\u00fc\u00e7l\u00fc ara\u00e7lar olsa da bilin\u00e7, duygu veya ger\u00e7ek empatiye sahip de\u011fil. Apple\u2019\u0131n bir ara\u015ft\u0131rmas\u0131nda bu modellerin yaln\u0131zca \u201cd\u00fc\u015f\u00fcnme yan\u0131lsamas\u0131\u201d sundu\u011fu ifade edilmi\u015fti.<\/p>\n<p>Baz\u0131 yorumcular, Skynet benzeri k\u0131yamet senaryolar\u0131 yerine yapay zekan\u0131n bug\u00fcnden yol a\u00e7t\u0131\u011f\u0131 somut sorunlara odaklan\u0131lmas\u0131 gerekti\u011fini savunuyor.<\/p>\n<\/div>\n<p><br \/>\n<br \/><a href=\"https:\/\/www.ntv.com.tr\/teknoloji\/anthropic-ceosundan-yapay-zeka-uyarisi-yikim-kolelik-ve-drone-ordulari-1709301\"><\/a><\/p>\n","protected":false},"excerpt":{"rendered":"<p>Yapay zeka \u015firketi Anthropic\u2019in CEO\u2019su ve kurucu orta\u011f\u0131 Dario Amodei, ki\u015fisel internet sitesinde yay\u0131mlad\u0131\u011f\u0131 38 sayfal\u0131k yeni denemesinde, \u201cs\u00fcper zekaya\u201d sahip yapay zekan\u0131n yol a\u00e7abilece\u011fi risklere kar\u015f\u0131 acil \u00f6nlem \u00e7a\u011fr\u0131s\u0131 yapt\u0131. \u00a0 \u201cTeknolojinin Ergenlik \u00c7a\u011f\u0131\u201d ba\u015fl\u0131kl\u0131 metinde Amodei, kendi kendini geli\u015ftirebilen yapay zeka sistemlerinin bir ila iki y\u0131l i\u00e7inde ortaya \u00e7\u0131kabilece\u011fini \u00f6ne s\u00fcrerek, bunun insanl\u0131\u011f\u0131n [&hellip;]<\/p>\n","protected":false},"author":908,"featured_media":36794,"comment_status":"open","ping_status":"open","sticky":false,"template":"","format":"standard","meta":{"_jetpack_memberships_contains_paid_content":false,"footnotes":"","jetpack_publicize_message":"","jetpack_publicize_feature_enabled":true,"jetpack_social_post_already_shared":true,"jetpack_social_options":{"image_generator_settings":{"template":"highway","default_image_id":0,"font":"","enabled":false},"version":2}},"categories":[12],"tags":[],"class_list":["post-37057","post","type-post","status-publish","format-standard","has-post-thumbnail","hentry","category-teknoloji"],"jetpack_publicize_connections":[],"jetpack_featured_media_url":"https:\/\/kibrisayna.com\/wp-content\/uploads\/2025\/12\/Yapayzeka-448327.jpg","jetpack_sharing_enabled":true,"_links":{"self":[{"href":"https:\/\/kibrisayna.com\/index.php\/wp-json\/wp\/v2\/posts\/37057","targetHints":{"allow":["GET"]}}],"collection":[{"href":"https:\/\/kibrisayna.com\/index.php\/wp-json\/wp\/v2\/posts"}],"about":[{"href":"https:\/\/kibrisayna.com\/index.php\/wp-json\/wp\/v2\/types\/post"}],"author":[{"embeddable":true,"href":"https:\/\/kibrisayna.com\/index.php\/wp-json\/wp\/v2\/users\/908"}],"replies":[{"embeddable":true,"href":"https:\/\/kibrisayna.com\/index.php\/wp-json\/wp\/v2\/comments?post=37057"}],"version-history":[{"count":0,"href":"https:\/\/kibrisayna.com\/index.php\/wp-json\/wp\/v2\/posts\/37057\/revisions"}],"wp:featuredmedia":[{"embeddable":true,"href":"https:\/\/kibrisayna.com\/index.php\/wp-json\/wp\/v2\/media\/36794"}],"wp:attachment":[{"href":"https:\/\/kibrisayna.com\/index.php\/wp-json\/wp\/v2\/media?parent=37057"}],"wp:term":[{"taxonomy":"category","embeddable":true,"href":"https:\/\/kibrisayna.com\/index.php\/wp-json\/wp\/v2\/categories?post=37057"},{"taxonomy":"post_tag","embeddable":true,"href":"https:\/\/kibrisayna.com\/index.php\/wp-json\/wp\/v2\/tags?post=37057"}],"curies":[{"name":"wp","href":"https:\/\/api.w.org\/{rel}","templated":true}]}}