{"id":37049,"date":"2026-01-27T10:56:18","date_gmt":"2026-01-27T07:56:18","guid":{"rendered":"https:\/\/kibrisayna.com\/index.php\/2026\/01\/27\/avrupada-arac-satislari-artti-ntv-haber\/"},"modified":"2026-01-27T10:56:18","modified_gmt":"2026-01-27T07:56:18","slug":"avrupada-arac-satislari-artti-ntv-haber","status":"publish","type":"post","link":"https:\/\/kibrisayna.com\/index.php\/2026\/01\/27\/avrupada-arac-satislari-artti-ntv-haber\/","title":{"rendered":"Avrupa&#8217;da ara\u00e7 sat\u0131\u015flar\u0131 artt\u0131 | NTV Haber"},"content":{"rendered":"<p> <br \/>\n<\/p>\n<div>\n<p><a href=\"https:\/\/www.ntv.com.tr\/haberleri\/avrupa-birligi\" class=\"text-light-blue hover:underline\" target=\"_blank\" rel=\"\">Avrupa Birli\u011fi<\/a>&#8216;nde binek <a href=\"https:\/\/www.ntv.com.tr\/haberleri\/otomobil\" class=\"text-light-blue hover:underline\" target=\"_blank\" rel=\"\">otomobil<\/a> kay\u0131tlar\u0131, Kas\u0131m ay\u0131ndaki y\u00fczde 2,1&#8217;lik art\u0131\u015f\u0131n ard\u0131ndan, Aral\u0131k 2025&#8217;te y\u0131ll\u0131k bazda y\u00fczde 5,8 artarak alt\u0131 ay\u0131n en y\u00fcksek seviyesi olan 963 bin 319 adede ula\u015ft\u0131. Bu, AB&#8217;nin en b\u00fcy\u00fck d\u00f6rt pazar\u0131ndan ikisinde art\u0131\u015f kaydedilmesiyle birlikte, art arda alt\u0131nc\u0131 ay b\u00fcy\u00fcme anlam\u0131na geliyor. Almanya&#8217;da kay\u0131tlar y\u00fczde 9,7 artarken, \u0130talya&#8217;da y\u00fczde 2,3 artt\u0131. Bu arada, \u0130spanya&#8217;da kay\u0131tlar y\u00fczde 2,2 d\u00fc\u015ferken, Fransa&#8217;da y\u00fczde 5,8 azald\u0131.<\/p>\n<p>\u00a0<\/p>\n<p>Bataryal\u0131 elektrikli ara\u00e7 (BEV) segmentinde ise kay\u0131tlar y\u00fczde 51 oran\u0131nda art\u0131\u015f g\u00f6sterdi; bu art\u0131\u015f \u00f6zellikle Hollanda (y\u00fczde 80,1), Almanya (y\u00fczde 63,2), Bel\u00e7ika (y\u00fczde 52,3), Fransa (y\u00fczde 42,5) ve \u0130spanya&#8217;daki (y\u00fczde 26,8) s\u0131\u00e7ramalarla desteklendi.<\/p>\n<p>\u00a0<\/p>\n<p>2025 y\u0131l\u0131n\u0131n tamam\u0131 i\u00e7in, AB&#8217;deki toplam otomobil kay\u0131tlar\u0131 2024 y\u0131l\u0131na k\u0131yasla y\u00fczde 1,8 artt\u0131. Bu arada, tamamen elektrikli ara\u00e7lar\u0131n (BEV) kay\u0131t say\u0131s\u0131 1,9 milyona ula\u015farak AB pazar\u0131n\u0131n y\u00fczde 17,4&#8217;\u00fcn\u00fc olu\u015fturdu; bu oran, Aral\u0131k 2024&#8217;e kadar olan y\u0131ldaki y\u00fczde 13,6&#8217;l\u0131k d\u00fc\u015f\u00fck seviyeden \u00f6nemli bir art\u0131\u015f g\u00f6sterdi.<\/p>\n<\/div>\n<p><br \/>\n<br \/><a href=\"https:\/\/www.ntv.com.tr\/otomobil\/avrupada-arac-satislari-artti-1709210\"><\/a><\/p>\n","protected":false},"excerpt":{"rendered":"<p>Avrupa Birli\u011fi&#8216;nde binek otomobil kay\u0131tlar\u0131, Kas\u0131m ay\u0131ndaki y\u00fczde 2,1&#8217;lik art\u0131\u015f\u0131n ard\u0131ndan, Aral\u0131k 2025&#8217;te y\u0131ll\u0131k bazda y\u00fczde 5,8 artarak alt\u0131 ay\u0131n en y\u00fcksek seviyesi olan 963 bin 319 adede ula\u015ft\u0131. Bu, AB&#8217;nin en b\u00fcy\u00fck d\u00f6rt pazar\u0131ndan ikisinde art\u0131\u015f kaydedilmesiyle birlikte, art arda alt\u0131nc\u0131 ay b\u00fcy\u00fcme anlam\u0131na geliyor. Almanya&#8217;da kay\u0131tlar y\u00fczde 9,7 artarken, \u0130talya&#8217;da y\u00fczde 2,3 artt\u0131. [&hellip;]<\/p>\n","protected":false},"author":908,"featured_media":37050,"comment_status":"open","ping_status":"open","sticky":false,"template":"","format":"standard","meta":{"_jetpack_memberships_contains_paid_content":false,"footnotes":"","jetpack_publicize_message":"","jetpack_publicize_feature_enabled":true,"jetpack_social_post_already_shared":true,"jetpack_social_options":{"image_generator_settings":{"template":"highway","default_image_id":0,"font":"","enabled":false},"version":2}},"categories":[13],"tags":[],"class_list":["post-37049","post","type-post","status-publish","format-standard","has-post-thumbnail","hentry","category-otomobil"],"jetpack_publicize_connections":[],"jetpack_featured_media_url":"https:\/\/kibrisayna.com\/wp-content\/uploads\/2026\/01\/otomobil-319193.jpg","jetpack_sharing_enabled":true,"_links":{"self":[{"href":"https:\/\/kibrisayna.com\/index.php\/wp-json\/wp\/v2\/posts\/37049","targetHints":{"allow":["GET"]}}],"collection":[{"href":"https:\/\/kibrisayna.com\/index.php\/wp-json\/wp\/v2\/posts"}],"about":[{"href":"https:\/\/kibrisayna.com\/index.php\/wp-json\/wp\/v2\/types\/post"}],"author":[{"embeddable":true,"href":"https:\/\/kibrisayna.com\/index.php\/wp-json\/wp\/v2\/users\/908"}],"replies":[{"embeddable":true,"href":"https:\/\/kibrisayna.com\/index.php\/wp-json\/wp\/v2\/comments?post=37049"}],"version-history":[{"count":0,"href":"https:\/\/kibrisayna.com\/index.php\/wp-json\/wp\/v2\/posts\/37049\/revisions"}],"wp:featuredmedia":[{"embeddable":true,"href":"https:\/\/kibrisayna.com\/index.php\/wp-json\/wp\/v2\/media\/37050"}],"wp:attachment":[{"href":"https:\/\/kibrisayna.com\/index.php\/wp-json\/wp\/v2\/media?parent=37049"}],"wp:term":[{"taxonomy":"category","embeddable":true,"href":"https:\/\/kibrisayna.com\/index.php\/wp-json\/wp\/v2\/categories?post=37049"},{"taxonomy":"post_tag","embeddable":true,"href":"https:\/\/kibrisayna.com\/index.php\/wp-json\/wp\/v2\/tags?post=37049"}],"curies":[{"name":"wp","href":"https:\/\/api.w.org\/{rel}","templated":true}]}}