{"id":37047,"date":"2026-01-27T10:22:17","date_gmt":"2026-01-27T07:22:17","guid":{"rendered":"https:\/\/kibrisayna.com\/index.php\/2026\/01\/27\/daha-once-de-ozur-dilemisti-zuckerbergin-basi-bagimlilikla-dertte\/"},"modified":"2026-01-27T10:22:17","modified_gmt":"2026-01-27T07:22:17","slug":"daha-once-de-ozur-dilemisti-zuckerbergin-basi-bagimlilikla-dertte","status":"publish","type":"post","link":"https:\/\/kibrisayna.com\/index.php\/2026\/01\/27\/daha-once-de-ozur-dilemisti-zuckerbergin-basi-bagimlilikla-dertte\/","title":{"rendered":"Daha \u00f6nce de \u00f6z\u00fcr dilemi\u015fti. Zuckerberg&#8217;in ba\u015f\u0131 ba\u011f\u0131ml\u0131l\u0131kla dertte"},"content":{"rendered":"<p> <br \/>\n<\/p>\n<div>\n<p>Snapchat uygulamas\u0131ndan da davac\u0131 olan K.G.M. \u015firket yetkilileriyle yapt\u0131\u011f\u0131 g\u00f6r\u00fc\u015fmeler sonucunda ge\u00e7en hafta anla\u015fmaya vard\u0131.\u00a0<\/p>\n<p>\u00a0<\/p>\n<p>J\u00fcrinin dinleyece\u011fi ve b\u00fcy\u00fck bir merakla beklenen tan\u0131klardan biri de Meta&#8217;n\u0131n patronu Mark Zuckerberg olacak; Zuckerberg&#8217;in davan\u0131n ba\u015flar\u0131nda ifade vermesi bekleniyor. Zuckerberg&#8217;in benzer konulardaki ilk davas\u0131 de\u011fil. 2024&#8217;te ABD senat\u00f6rlerine &#8220;mevcut bilimsel \u00e7al\u0131\u015fmalar, sosyal medya ile gen\u00e7lerin daha k\u00f6t\u00fc ruh sa\u011fl\u0131\u011f\u0131 sonu\u00e7lar\u0131na sahip olmas\u0131 aras\u0131nda herhangi bir nedensel ba\u011flant\u0131 g\u00f6stermemi\u015ftir&#8221; demi\u015fti.<\/p>\n<p>\u00a0<\/p>\n<p>Ayn\u0131 duru\u015fma s\u0131ras\u0131nda, bir senat\u00f6r\u00fcn \u0131srar\u0131 \u00fczerine Zuckerberg, salona dolu\u015fan kurbanlardan ve onlar\u0131n yak\u0131nlar\u0131ndan \u00f6z\u00fcr dilemi\u015fti.<\/p>\n<\/div>\n<p><br \/>\n<br \/><a href=\"https:\/\/www.ntv.com.tr\/galeri\/teknoloji\/daha-once-de-ozur-dilemisti-zuckerbergin-basi-bagimlilikla-dertte-1709207\"><\/a><\/p>\n","protected":false},"excerpt":{"rendered":"<p>Snapchat uygulamas\u0131ndan da davac\u0131 olan K.G.M. \u015firket yetkilileriyle yapt\u0131\u011f\u0131 g\u00f6r\u00fc\u015fmeler sonucunda ge\u00e7en hafta anla\u015fmaya vard\u0131.\u00a0 \u00a0 J\u00fcrinin dinleyece\u011fi ve b\u00fcy\u00fck bir merakla beklenen tan\u0131klardan biri de Meta&#8217;n\u0131n patronu Mark Zuckerberg olacak; Zuckerberg&#8217;in davan\u0131n ba\u015flar\u0131nda ifade vermesi bekleniyor. Zuckerberg&#8217;in benzer konulardaki ilk davas\u0131 de\u011fil. 2024&#8217;te ABD senat\u00f6rlerine &#8220;mevcut bilimsel \u00e7al\u0131\u015fmalar, sosyal medya ile gen\u00e7lerin daha k\u00f6t\u00fc [&hellip;]<\/p>\n","protected":false},"author":908,"featured_media":37048,"comment_status":"open","ping_status":"open","sticky":false,"template":"","format":"standard","meta":{"_jetpack_memberships_contains_paid_content":false,"footnotes":"","jetpack_publicize_message":"","jetpack_publicize_feature_enabled":true,"jetpack_social_post_already_shared":true,"jetpack_social_options":{"image_generator_settings":{"template":"highway","default_image_id":0,"font":"","enabled":false},"version":2}},"categories":[12],"tags":[],"class_list":["post-37047","post","type-post","status-publish","format-standard","has-post-thumbnail","hentry","category-teknoloji"],"jetpack_publicize_connections":[],"jetpack_featured_media_url":"https:\/\/kibrisayna.com\/wp-content\/uploads\/2026\/01\/000_73GD99A-3550912.jpg","jetpack_sharing_enabled":true,"_links":{"self":[{"href":"https:\/\/kibrisayna.com\/index.php\/wp-json\/wp\/v2\/posts\/37047","targetHints":{"allow":["GET"]}}],"collection":[{"href":"https:\/\/kibrisayna.com\/index.php\/wp-json\/wp\/v2\/posts"}],"about":[{"href":"https:\/\/kibrisayna.com\/index.php\/wp-json\/wp\/v2\/types\/post"}],"author":[{"embeddable":true,"href":"https:\/\/kibrisayna.com\/index.php\/wp-json\/wp\/v2\/users\/908"}],"replies":[{"embeddable":true,"href":"https:\/\/kibrisayna.com\/index.php\/wp-json\/wp\/v2\/comments?post=37047"}],"version-history":[{"count":0,"href":"https:\/\/kibrisayna.com\/index.php\/wp-json\/wp\/v2\/posts\/37047\/revisions"}],"wp:featuredmedia":[{"embeddable":true,"href":"https:\/\/kibrisayna.com\/index.php\/wp-json\/wp\/v2\/media\/37048"}],"wp:attachment":[{"href":"https:\/\/kibrisayna.com\/index.php\/wp-json\/wp\/v2\/media?parent=37047"}],"wp:term":[{"taxonomy":"category","embeddable":true,"href":"https:\/\/kibrisayna.com\/index.php\/wp-json\/wp\/v2\/categories?post=37047"},{"taxonomy":"post_tag","embeddable":true,"href":"https:\/\/kibrisayna.com\/index.php\/wp-json\/wp\/v2\/tags?post=37047"}],"curies":[{"name":"wp","href":"https:\/\/api.w.org\/{rel}","templated":true}]}}