{"id":37033,"date":"2026-01-24T16:47:17","date_gmt":"2026-01-24T13:47:17","guid":{"rendered":"https:\/\/kibrisayna.com\/index.php\/2026\/01\/24\/nasadan-ay-gorevinde-buyuk-risk-isi-kalkani-eriyebilir\/"},"modified":"2026-01-24T16:47:17","modified_gmt":"2026-01-24T13:47:17","slug":"nasadan-ay-gorevinde-buyuk-risk-isi-kalkani-eriyebilir","status":"publish","type":"post","link":"https:\/\/kibrisayna.com\/index.php\/2026\/01\/24\/nasadan-ay-gorevinde-buyuk-risk-isi-kalkani-eriyebilir\/","title":{"rendered":"NASA&#8217;dan Ay g\u00f6revinde b\u00fcy\u00fck risk. &#8220;Is\u0131 kalkan\u0131 eriyebilir&#8221;"},"content":{"rendered":"<p> <br \/>\n<\/p>\n<div>\n<p><a href=\"https:\/\/www.ntv.com.tr\/haberleri\/nasa\" class=\"text-light-blue hover:underline\" target=\"_blank\" rel=\"\">NASA<\/a>\u2019n\u0131n insanl\u0131 <a href=\"https:\/\/www.ntv.com.tr\/galeri\/dunya\/54-yil-sonra-insanlik-aya-geri-donuyor-1707963\" target=\"_blank\" rel=\"\">Artemis 2<\/a> <a href=\"https:\/\/www.ntv.com.tr\/haberleri\/ay\" class=\"text-light-blue hover:underline\" target=\"_blank\" rel=\"\">Ay<\/a> g\u00f6revi, Orion uzay arac\u0131n\u0131n \u0131s\u0131 kalkan\u0131nda tespit edilen bir sorun nedeniyle bilim d\u00fcnyas\u0131nda tart\u0131\u015fma yaratmaya devam ediyor.\u00a0<\/p>\n<p>\u00a0<\/p>\n<p>\u015eubat ay\u0131 ba\u015flar\u0131nda ba\u015flamas\u0131 planlanan ve d\u00f6rt astronotu Ay\u2019\u0131n etraf\u0131nda tarihi bir yolculu\u011fa \u00e7\u0131karacak g\u00f6revde, uzmanlar\u0131n bir b\u00f6l\u00fcm\u00fc insanl\u0131 u\u00e7u\u015fa kar\u015f\u0131 uyar\u0131larda bulunurken,<a href=\"https:\/\/www.ntv.com.tr\/teknoloji\/bir-haftaligina-gitti-uzayda-9-ay-mahsur-kaldi-rekor-kiran-astronot-emekli-oldu-1708353\" target=\"_blank\" rel=\"\"> NASA<\/a> riskin y\u00f6netilebilir oldu\u011funu savunuyor.<\/p>\n<p>\u00a0<\/p>\n<p><strong>\u0130LK TESTTE ISI KALKANI ER\u0130D\u0130<\/strong><\/p>\n<p>\u00a0<\/p>\n<p>Sorun, Orion kaps\u00fcl\u00fcn\u00fcn D\u00fcnya\u2019ya d\u00f6n\u00fc\u015f s\u0131ras\u0131nda astronotlar\u0131 a\u015f\u0131r\u0131 \u0131s\u0131dan koruyan Avcoat kapl\u0131 \u0131s\u0131 kalkan\u0131yla ilgili.\u00a0<\/p>\n<p>\u00a0<\/p>\n<p>Ayn\u0131 tasar\u0131m, 2022\u2019de ger\u00e7ekle\u015ftirilen insans\u0131z Artemis 1 test u\u00e7u\u015funda kullan\u0131lm\u0131\u015f, d\u00f6n\u00fc\u015fte kalkan\u0131n y\u00fczeyinde beklenmedik \u00e7atlaklar ve kopmalar tespit edilmi\u015fti. Bu durum NASA\u2019y\u0131 kapsaml\u0131 bir inceleme ba\u015flatmaya zorlad\u0131.<\/p>\n<p>\u00a0<\/p>\n<p><strong>KALKAN DE\u011e\u0130L ROTA DE\u011e\u0130\u015eT\u0130R\u0130LD\u0130<\/strong><\/p>\n<p>\u00a0<\/p>\n<p>NASA\u2019n\u0131n vard\u0131\u011f\u0131 sonu\u00e7, kalkan\u0131n tamamen de\u011fi\u015ftirilmesi yerine g\u00f6revin d\u00f6n\u00fc\u015f rotas\u0131n\u0131n ayarlanmas\u0131 oldu. Ajansa g\u00f6re giri\u015f a\u00e7\u0131s\u0131nda yap\u0131lacak de\u011fi\u015fiklikler sayesinde \u0131s\u0131ya maruz kalma s\u00fcresi azalt\u0131lacak ve kalkan\u0131n kontroll\u00fc bi\u00e7imde a\u015f\u0131nmas\u0131 sa\u011flanacak.\u00a0<\/p>\n<p>\u00a0<\/p>\n<p>NASA, \u00fcretim s\u00fcrecini de\u011fi\u015ftirmenin de belirsizlikler ta\u015f\u0131d\u0131\u011f\u0131na dikkat \u00e7ekerek hangi se\u00e7enek tercih edilirse edilsin risk bar\u0131nd\u0131rd\u0131\u011f\u0131n\u0131 vurguluyor.<\/p>\n<p>\u00a0<\/p>\n<p><strong>UZAY ARA\u015eTIRMACILARI \u0130K\u0130YE B\u00d6L\u00dcND\u00dc<\/strong><\/p>\n<p>\u00a0<\/p>\n<p>Ancak ele\u015ftiriler s\u00fcr\u00fcyor. Baz\u0131 eski NASA astronotlar\u0131 ve \u0131s\u0131 kalkan\u0131 uzmanlar\u0131, Avcoat malzemesinin Artemis 2\u2019de daha az ge\u00e7irgen olmas\u0131n\u0131n \u00e7atlak riskini art\u0131rabilece\u011fini savunuyor.<\/p>\n<p>\u00a0<\/p>\n<p>\u201cIs\u0131 kalkan\u0131 b\u00fcy\u00fck par\u00e7alar halinde d\u00f6k\u00fclmeye ba\u015flarsa, sistem s\u0131n\u0131rda \u00e7al\u0131\u015f\u0131yor demektir\u201d g\u00f6r\u00fc\u015f\u00fcn\u00fc dile getiren uzmanlar, u\u00e7u\u015fun ertelenmesi gerekti\u011fini d\u00fc\u015f\u00fcn\u00fcyor.<\/p>\n<p>\u00a0<\/p>\n<p><strong>NASA&#8217;DAN G\u00dcVEN MESAJI<\/strong><\/p>\n<p>\u00a0<\/p>\n<p>NASA cephesinde ise g\u00fcven mesaj\u0131 hakim. Ajans yetkilileri, yap\u0131lan testler, sim\u00fclasyonlar ve ba\u011f\u0131ms\u0131z incelemeler sonucunda m\u00fcrettebat\u0131n g\u00fcvenli\u011finin sa\u011flanaca\u011f\u0131na inand\u0131klar\u0131n\u0131 belirtiyor.\u00a0<\/p>\n<p>\u00a0<\/p>\n<p>G\u00f6revin komutan\u0131 olarak belirlenen <a href=\"https:\/\/www.ntv.com.tr\/haberleri\/astronot\" class=\"text-light-blue hover:underline\" target=\"_blank\" rel=\"\">astronot<\/a> Reid Wiseman da, k\u00f6k nedenin anla\u015f\u0131ld\u0131\u011f\u0131n\u0131 ve yeni d\u00f6n\u00fc\u015f profiliyle riskin kabul edilebilir seviyede oldu\u011funu ifade ediyor.<\/p>\n<p>\u00a0<\/p>\n<p><strong>ISI KALKANI NED\u0130R? NEDEN \u00d6NEML\u0130?<\/strong><\/p>\n<p>\u00a0<\/p>\n<p>Is\u0131 kalkan\u0131, Orion\u2019un en kritik bile\u015fenlerinden biri olarak g\u00f6r\u00fcl\u00fcyor. Ay d\u00f6n\u00fc\u015f\u00fcnde ara\u00e7, ses h\u0131z\u0131n\u0131n 30 kat\u0131ndan fazla bir h\u0131zla atmosfere giriyor ve d\u0131\u015f y\u00fczey \u00e7ok y\u00fcksek s\u0131cakl\u0131klara maruz kal\u0131yor.\u00a0<\/p>\n<p>\u00a0<\/p>\n<p>Artemis 2\u2019de kalkan\u0131n \u00e7atlamas\u0131 olas\u0131 g\u00f6r\u00fclse de, NASA m\u00fchendisleri bunun m\u00fcrettebat i\u00e7in hayati bir tehlike olu\u015fturmayaca\u011f\u0131n\u0131 savunuyor.<\/p>\n<p>\u00a0<\/p>\n<p>Son karar, yap\u0131lacak son risk de\u011ferlendirmeleri ve u\u00e7u\u015fa haz\u0131rl\u0131k incelemelerinin ard\u0131ndan verilecek.\u00a0<\/p>\n<\/div>\n<p><br \/>\n<br \/><a href=\"https:\/\/www.ntv.com.tr\/teknoloji\/nasadan-ay-gorevinde-buyuk-risk-isi-kalkani-eriyebilir-1708836\"><\/a><\/p>\n","protected":false},"excerpt":{"rendered":"<p>NASA\u2019n\u0131n insanl\u0131 Artemis 2 Ay g\u00f6revi, Orion uzay arac\u0131n\u0131n \u0131s\u0131 kalkan\u0131nda tespit edilen bir sorun nedeniyle bilim d\u00fcnyas\u0131nda tart\u0131\u015fma yaratmaya devam ediyor.\u00a0 \u00a0 \u015eubat ay\u0131 ba\u015flar\u0131nda ba\u015flamas\u0131 planlanan ve d\u00f6rt astronotu Ay\u2019\u0131n etraf\u0131nda tarihi bir yolculu\u011fa \u00e7\u0131karacak g\u00f6revde, uzmanlar\u0131n bir b\u00f6l\u00fcm\u00fc insanl\u0131 u\u00e7u\u015fa kar\u015f\u0131 uyar\u0131larda bulunurken, NASA riskin y\u00f6netilebilir oldu\u011funu savunuyor. \u00a0 \u0130LK TESTTE ISI [&hellip;]<\/p>\n","protected":false},"author":908,"featured_media":37034,"comment_status":"open","ping_status":"open","sticky":false,"template":"","format":"standard","meta":{"_jetpack_memberships_contains_paid_content":false,"footnotes":"","jetpack_publicize_message":"","jetpack_publicize_feature_enabled":true,"jetpack_social_post_already_shared":true,"jetpack_social_options":{"image_generator_settings":{"template":"highway","default_image_id":0,"font":"","enabled":false},"version":2}},"categories":[12],"tags":[],"class_list":["post-37033","post","type-post","status-publish","format-standard","has-post-thumbnail","hentry","category-teknoloji"],"jetpack_publicize_connections":[],"jetpack_featured_media_url":"https:\/\/kibrisayna.com\/wp-content\/uploads\/2026\/01\/ksc-20240203-em1-cm-320-0-0001-1-125957.png","jetpack_sharing_enabled":true,"_links":{"self":[{"href":"https:\/\/kibrisayna.com\/index.php\/wp-json\/wp\/v2\/posts\/37033","targetHints":{"allow":["GET"]}}],"collection":[{"href":"https:\/\/kibrisayna.com\/index.php\/wp-json\/wp\/v2\/posts"}],"about":[{"href":"https:\/\/kibrisayna.com\/index.php\/wp-json\/wp\/v2\/types\/post"}],"author":[{"embeddable":true,"href":"https:\/\/kibrisayna.com\/index.php\/wp-json\/wp\/v2\/users\/908"}],"replies":[{"embeddable":true,"href":"https:\/\/kibrisayna.com\/index.php\/wp-json\/wp\/v2\/comments?post=37033"}],"version-history":[{"count":0,"href":"https:\/\/kibrisayna.com\/index.php\/wp-json\/wp\/v2\/posts\/37033\/revisions"}],"wp:featuredmedia":[{"embeddable":true,"href":"https:\/\/kibrisayna.com\/index.php\/wp-json\/wp\/v2\/media\/37034"}],"wp:attachment":[{"href":"https:\/\/kibrisayna.com\/index.php\/wp-json\/wp\/v2\/media?parent=37033"}],"wp:term":[{"taxonomy":"category","embeddable":true,"href":"https:\/\/kibrisayna.com\/index.php\/wp-json\/wp\/v2\/categories?post=37033"},{"taxonomy":"post_tag","embeddable":true,"href":"https:\/\/kibrisayna.com\/index.php\/wp-json\/wp\/v2\/tags?post=37033"}],"curies":[{"name":"wp","href":"https:\/\/api.w.org\/{rel}","templated":true}]}}