{"id":37004,"date":"2026-01-19T21:59:11","date_gmt":"2026-01-19T18:59:11","guid":{"rendered":"https:\/\/kibrisayna.com\/index.php\/2026\/01\/19\/bellek-krizi-yayiliyor-ssd-gpu-ve-sabit-diskler-de-pahalandi\/"},"modified":"2026-01-19T21:59:11","modified_gmt":"2026-01-19T18:59:11","slug":"bellek-krizi-yayiliyor-ssd-gpu-ve-sabit-diskler-de-pahalandi","status":"publish","type":"post","link":"https:\/\/kibrisayna.com\/index.php\/2026\/01\/19\/bellek-krizi-yayiliyor-ssd-gpu-ve-sabit-diskler-de-pahalandi\/","title":{"rendered":"Bellek krizi yay\u0131l\u0131yor: SSD, GPU ve sabit diskler de pahaland\u0131"},"content":{"rendered":"<p> <br \/>\n<\/p>\n<div>\n<p>B\u00fcy\u00fck teknoloji \u015firketlerinin <a href=\"https:\/\/www.ntv.com.tr\/haberleri\/yapay-zeka\" class=\"text-light-blue hover:underline\" target=\"_blank\" rel=\"\">yapay zeka<\/a> yat\u0131r\u0131mlar\u0131, k\u00fcresel \u00f6l\u00e7ekte ciddi bir bellek s\u0131k\u0131nt\u0131s\u0131n\u0131 da beraberinde getiriyor. Bu durumun, 2026 ve sonras\u0131nda <a href=\"https:\/\/www.ntv.com.tr\/haberleri\/bilgisayar\" class=\"text-light-blue hover:underline\" target=\"_blank\" rel=\"\">bilgisayar<\/a> sekt\u00f6r\u00fcn\u00fcn en belirleyici ba\u015fl\u0131klar\u0131ndan biri olmas\u0131 bekleniyor.<\/p>\n<p>\u00a0<\/p>\n<p>\u0130lk darbeyi bilgisayarlarda do\u011frudan t\u00fcketiciye sat\u0131lan RAM bellekleri ald\u0131; 2025\u2019in sonuna gelindi\u011finde RAM fiyatlar\u0131 y\u00fczde 300 ila 400 oran\u0131nda artarken, SSD fiyatlar\u0131 da daha s\u0131n\u0131rl\u0131 olsa da belirgin bi\u00e7imde y\u00fckseldi.<\/p>\n<p>\u00a0<\/p>\n<p>2026\u2019n\u0131n geri kalan\u0131nda as\u0131l soru, bu fiyat art\u0131\u015flar\u0131n\u0131n bilgisayarlara, telefonlara ve RAM ile NAND bellek kullanan di\u011fer bile\u015fenlere ne \u00f6l\u00e7\u00fcde ve nas\u0131l yans\u0131yaca\u011f\u0131 olacak. \u015eu ana kadar b\u00fcy\u00fck \u00fcreticilerin elindeki stoklar ve uzun vadeli tedarik anla\u015fmalar\u0131, fiyatlar\u0131n nihai \u00fcr\u00fcnlere sert \u015fekilde yans\u0131mas\u0131n\u0131 s\u0131n\u0131rlam\u0131\u015f durumda. Ancak bu durum de\u011fi\u015fmeye ba\u015fl\u0131yor.<\/p>\n<p>\u00a0<\/p>\n<p><strong>KR\u0130Z GPU PAZARINA DA SI\u00c7RIYOR<\/strong><\/p>\n<p>\u00a0<\/p>\n<p>Bu hafta, bellek s\u0131k\u0131nt\u0131s\u0131n\u0131n ekran kart\u0131 pazar\u0131n\u0131 da etkilemeye ba\u015flad\u0131\u011f\u0131na dair ilk i\u015faretler g\u00f6r\u00fcld\u00fc.<\/p>\n<p>\u00a0<\/p>\n<p>Asus\u2019un, GeForce RTX 5070 Ti modelini \u00fcretimden kald\u0131rd\u0131\u011f\u0131n\u0131 duyurmas\u0131 sekt\u00f6rde yank\u0131 uyand\u0131rd\u0131. \u015eirket daha sonra bu a\u00e7\u0131klamay\u0131 geri almaya \u00e7al\u0131\u015fsa da GPU \u00fcreticileri a\u00e7\u0131s\u0131ndan bu karar\u0131n mant\u0131kl\u0131 olabilece\u011fi konu\u015fuluyor.<\/p>\n<p>\u00a0<\/p>\n<p>RTX 5070 Ti; 16 GB GDDR7 bellek ve Nvidia\u2019n\u0131n GB203 grafik i\u015flemcisinin k\u0131smen devre d\u0131\u015f\u0131 b\u0131rak\u0131lm\u0131\u015f bir s\u00fcr\u00fcm\u00fcn\u00fc kullan\u0131yor. Ayn\u0131 bellek miktar\u0131 ve ayn\u0131 \u00e7ip, daha \u00fcst segmentteki RTX 5080 modelinde de var. Bu noktada \u00fcreticiler i\u00e7in kritik soru \u015fu: Neden 749 dolarl\u0131k \u00f6nerilen sat\u0131\u015f fiyat\u0131na sahip bir kart \u00fcretmek yerine, ayn\u0131 par\u00e7alar\u0131 kullanarak 999 dolarl\u0131k bir modeli \u00f6nceliklendirmeyelim?<\/p>\n<p>\u00a0<\/p>\n<p>Piyasa fiyatlar\u0131 bu yakla\u015f\u0131m\u0131 destekliyor. \u015eu anda RTX 5070 Ti modelleri \u00e7evrim i\u00e7i ma\u011fazalarda bin 50 ila bin 100 dolar band\u0131ndan ba\u015flarken, RTX 5080\u2019ler bin 500 ila bin 600 dolar seviyesinde sat\u0131l\u0131yor. RTX 5080\u2019ler daha g\u00fc\u00e7l\u00fc so\u011futma ve devre tasar\u0131mlar\u0131 gerektirse de, ayn\u0131 miktarda RAM ile daha y\u00fcksek k\u00e2r elde etmek isteyen \u00fcreticiler i\u00e7in pahal\u0131 modellere a\u011f\u0131rl\u0131k vermek cazip g\u00f6r\u00fcn\u00fcyor.<\/p>\n<p>\u00a0<\/p>\n<p>Ars Technica\u2019ya g\u00f6re, bu \u00fcst segment ekran kartlar\u0131 \u015fu anda ilk tavsiye edilen fiyatlar\u0131n\u0131n y\u00fczde 40 ila 50 \u00fczerinde sat\u0131l\u0131yor.<\/p>\n<p>\u00a0<\/p>\n<p>Olumlu taraf ise d\u00fc\u015f\u00fck ve orta seviye ekran kartlar\u0131nda durumun hen\u00fcz \u00e7arp\u0131c\u0131 olmamas\u0131.<\/p>\n<p>\u00a0<\/p>\n<p><strong>SSD VE SAB\u0130T D\u0130SK F\u0130YATLARI DA TIRMANI\u015eTA<\/strong><\/p>\n<p>\u00a0<\/p>\n<p>RAM ile birlikte SSD fiyatlar\u0131 da aylard\u0131r y\u00fckseliyor. 2025 A\u011fustos\u2019una k\u0131yasla 500 GB, 1 TB ve 2 TB SSD\u2019ler yakla\u015f\u0131k iki kat pahalanm\u0131\u015f durumda. Bu art\u0131\u015f, DDR5 RAM\u2019de g\u00f6r\u00fclen \u00fc\u00e7-d\u00f6rt katl\u0131k s\u0131\u00e7ramaya g\u00f6re daha s\u0131n\u0131rl\u0131 olsa da y\u00f6n net bi\u00e7imde olumsuz.<\/p>\n<p>\u00a0<\/p>\n<p>Manyetik sabit disk (HDD) fiyatlar\u0131 daha yava\u015f da olsa y\u00fckselmeye ba\u015flad\u0131. 2025 A\u011fustos\u2019unda 140 dolara sat\u0131lan 6 TB WD Red NAS diski \u015fu anda 160 dolar seviyesinde. 4 TB modeller yakla\u015f\u0131k 100 dolarda seyrediyor; ancak ge\u00e7en y\u0131l s\u0131k s\u0131k 80 ila 85 dolara kadar d\u00fc\u015fen bu \u00fcr\u00fcnlerin indirimleri eyl\u00fcl sonras\u0131 neredeyse tamamen ortadan kalkt\u0131. 12 TB ve 16 TB kapasitelerde ise 20 ila 30 dolarl\u0131k art\u0131\u015flar dikkat \u00e7ekiyor.<\/p>\n<p>\u00a0<\/p>\n<p>Uzmanlara g\u00f6re HDD fiyatlar\u0131n\u0131n RAM ve SSD\u2019lerdeki kadar sert y\u00fckselmesi beklenmiyor. Talep seviyesi ayn\u0131 de\u011fil ve veri merkezleri, ev kullan\u0131c\u0131lar\u0131yla 4 ila 8 TB diskler i\u00e7in rekabet etmek yerine 20 ila 30 TB\u2019l\u0131k s\u00fcr\u00fcc\u00fclere y\u00f6neliyor. Yine de artan fiyatlar ve olas\u0131 arz sorunlar\u0131, donan\u0131m pazar\u0131nda sat\u0131n alma al\u0131\u015fkanl\u0131klar\u0131n\u0131 de\u011fi\u015ftirebilecek bir risk olarak g\u00f6r\u00fcl\u00fcyor.<\/p>\n<\/div>\n<p><br \/>\n<br \/><a href=\"https:\/\/www.ntv.com.tr\/teknoloji\/bellek-krizi-yayiliyor-ssd-gpu-ve-sabit-diskler-de-pahalandi-1708152\"><\/a><\/p>\n","protected":false},"excerpt":{"rendered":"<p>B\u00fcy\u00fck teknoloji \u015firketlerinin yapay zeka yat\u0131r\u0131mlar\u0131, k\u00fcresel \u00f6l\u00e7ekte ciddi bir bellek s\u0131k\u0131nt\u0131s\u0131n\u0131 da beraberinde getiriyor. Bu durumun, 2026 ve sonras\u0131nda bilgisayar sekt\u00f6r\u00fcn\u00fcn en belirleyici ba\u015fl\u0131klar\u0131ndan biri olmas\u0131 bekleniyor. \u00a0 \u0130lk darbeyi bilgisayarlarda do\u011frudan t\u00fcketiciye sat\u0131lan RAM bellekleri ald\u0131; 2025\u2019in sonuna gelindi\u011finde RAM fiyatlar\u0131 y\u00fczde 300 ila 400 oran\u0131nda artarken, SSD fiyatlar\u0131 da daha s\u0131n\u0131rl\u0131 olsa [&hellip;]<\/p>\n","protected":false},"author":908,"featured_media":36951,"comment_status":"open","ping_status":"open","sticky":false,"template":"","format":"standard","meta":{"_jetpack_memberships_contains_paid_content":false,"footnotes":"","jetpack_publicize_message":"","jetpack_publicize_feature_enabled":true,"jetpack_social_post_already_shared":true,"jetpack_social_options":{"image_generator_settings":{"template":"highway","default_image_id":0,"font":"","enabled":false},"version":2}},"categories":[12],"tags":[],"class_list":["post-37004","post","type-post","status-publish","format-standard","has-post-thumbnail","hentry","category-teknoloji"],"jetpack_publicize_connections":[],"jetpack_featured_media_url":"https:\/\/kibrisayna.com\/wp-content\/uploads\/2026\/01\/laptop-401693.jpeg","jetpack_sharing_enabled":true,"_links":{"self":[{"href":"https:\/\/kibrisayna.com\/index.php\/wp-json\/wp\/v2\/posts\/37004","targetHints":{"allow":["GET"]}}],"collection":[{"href":"https:\/\/kibrisayna.com\/index.php\/wp-json\/wp\/v2\/posts"}],"about":[{"href":"https:\/\/kibrisayna.com\/index.php\/wp-json\/wp\/v2\/types\/post"}],"author":[{"embeddable":true,"href":"https:\/\/kibrisayna.com\/index.php\/wp-json\/wp\/v2\/users\/908"}],"replies":[{"embeddable":true,"href":"https:\/\/kibrisayna.com\/index.php\/wp-json\/wp\/v2\/comments?post=37004"}],"version-history":[{"count":0,"href":"https:\/\/kibrisayna.com\/index.php\/wp-json\/wp\/v2\/posts\/37004\/revisions"}],"wp:featuredmedia":[{"embeddable":true,"href":"https:\/\/kibrisayna.com\/index.php\/wp-json\/wp\/v2\/media\/36951"}],"wp:attachment":[{"href":"https:\/\/kibrisayna.com\/index.php\/wp-json\/wp\/v2\/media?parent=37004"}],"wp:term":[{"taxonomy":"category","embeddable":true,"href":"https:\/\/kibrisayna.com\/index.php\/wp-json\/wp\/v2\/categories?post=37004"},{"taxonomy":"post_tag","embeddable":true,"href":"https:\/\/kibrisayna.com\/index.php\/wp-json\/wp\/v2\/tags?post=37004"}],"curies":[{"name":"wp","href":"https:\/\/api.w.org\/{rel}","templated":true}]}}