{"id":36958,"date":"2026-01-14T09:22:14","date_gmt":"2026-01-14T06:22:14","guid":{"rendered":"https:\/\/kibrisayna.com\/index.php\/2026\/01\/14\/nasanin-acil-durum-tahliyesi-bu-gece-canli-yayinlanacak\/"},"modified":"2026-01-14T09:22:14","modified_gmt":"2026-01-14T06:22:14","slug":"nasanin-acil-durum-tahliyesi-bu-gece-canli-yayinlanacak","status":"publish","type":"post","link":"https:\/\/kibrisayna.com\/index.php\/2026\/01\/14\/nasanin-acil-durum-tahliyesi-bu-gece-canli-yayinlanacak\/","title":{"rendered":"NASA&#8217;n\u0131n acil durum tahliyesi bu gece canl\u0131 yay\u0131nlanacak"},"content":{"rendered":"<p> <br \/>\n<\/p>\n<div>\n<p><a href=\"https:\/\/www.space.com\/space-exploration\/international-space-station\/what-time-is-spacex-crew-11s-medical-evacuation-from-the-iss-on-jan-14\" target=\"_blank\" rel=\"\">Space.com<\/a> haberine g\u00f6re <a href=\"https:\/\/www.ntv.com.tr\/haberleri\/uzay\" class=\"text-light-blue hover:underline\" target=\"_blank\" rel=\"\">uzay<\/a> devi SpaceX\u2019in Crew-11 g\u00f6revi, 14 Ocak gecesi Uluslararas\u0131 Uzay \u0130stasyonu\u2019ndan (ISS) ilk kez t\u0131bbi gerek\u00e7eyle erken d\u00f6n\u00fc\u015f ger\u00e7ekle\u015ftirecek.<\/p>\n<p>\u00a0<\/p>\n<p>G\u00f6revde yer alan <a href=\"https:\/\/www.ntv.com.tr\/teknoloji\/nasa-tarihinde-ilk-acil-donus-plani-devreye-alindi-1706846\" target=\"_blank\" rel=\"\"\/><a href=\"https:\/\/www.ntv.com.tr\/haberleri\/nasa\" class=\"text-light-blue hover:underline\" target=\"_blank\" rel=\"\">NASA<\/a> astronotlar\u0131 Mike Fincke ve Zena Cardman, Japonya\u2019dan Kimiya Yui ve Rus kozmonot Oleg Platonov, m\u00fcrettebattan birini etkileyen sa\u011fl\u0131k sorunu nedeniyle planlanan alt\u0131 ayl\u0131k g\u00f6revlerini yakla\u015f\u0131k bir ay erken sonland\u0131r\u0131yor.<\/p>\n<p>\u00a0<\/p>\n<p>NASA, mahremiyet gerek\u00e7esiyle sa\u011fl\u0131k sorununun niteli\u011fini ve etkilenen astronotun kimli\u011fini a\u00e7\u0131klamad\u0131. Rahats\u0131zl\u0131k hakk\u0131nda sadece mikro yer \u00e7ekimi ortam\u0131nda tedavisinin m\u00fcmk\u00fcn olmad\u0131\u011f\u0131 biliniyor.<\/p>\n<p>\u00a0<\/p>\n<p><strong>\u0130STASYONDAN AYRILI\u015e VE D\u00dcNYA&#8217;YA D\u00d6N\u00dc\u015e TAKV\u0130M\u0130<\/strong><\/p>\n<p>\u00a0<\/p>\n<p>Mevcut plana g\u00f6re Crew-11\u2019i ta\u015f\u0131yan Crew Dragon Endeavour kaps\u00fcl\u00fc, \u00e7ar\u015fambay\u0131 per\u015fembeye ba\u011flayan gece T\u00fcrkiye saati ile 01.05&#8217;re istasyon&#8217;dan ayr\u0131lacak.<\/p>\n<p>\u00a0<\/p>\n<p>Endeavour ile istasyonu birbirine ba\u011flayan kapaklar\u0131n yakla\u015f\u0131k 90 dakika \u00f6nce, T\u00fcrkiye saati ile 23.30&#8217;da kapanmas\u0131 \u00f6ng\u00f6r\u00fcl\u00fcyor.<\/p>\n<p>\u00a0<\/p>\n<p>D\u00f6n\u00fc\u015f yolculu\u011fu g\u00f6rece k\u0131sa olacak. Kaps\u00fcl\u00fcn, 15 Ocak Per\u015fembe g\u00fcn\u00fc saat T\u00fcrkiye saati ile 11.41 sular\u0131nda Kaliforniya a\u00e7\u0131klar\u0131nda Pasifik Okyanusu\u2019na ini\u015f yapmas\u0131 planlan\u0131yor.\u00a0<\/p>\n<p>\u00a0<\/p>\n<p>NASA, takvimin hava ve deniz ko\u015fullar\u0131, uzay arac\u0131n\u0131n ve kurtarma ekiplerinin haz\u0131rl\u0131k durumu gibi etkenlere ba\u011fl\u0131 olarak de\u011fi\u015febilece\u011fini vurgulad\u0131.<\/p>\n<p>\u00a0<\/p>\n<p><strong>CANLI OLARAK \u0130ZLENEB\u0130LECEK<\/strong><\/p>\n<p>\u00a0<\/p>\n<p>NASA\u2019n\u0131n 9 Ocak tarihli bilgilendirmesine g\u00f6re kaps\u00fcl\u00fcn kapaklar\u0131 kapand\u0131\u011f\u0131 andan itibaren d\u00f6n\u00fc\u015f yolculu\u011fu canl\u0131 olarak izlenebilecek.<\/p>\n<p>\u00a0<\/p>\n<p>T\u00fcm yay\u0131nlar NASA+ \u00fczerinden ve ajans\u0131n YouTube kanal\u0131 arac\u0131l\u0131\u011f\u0131yla izlenebilecek. SpaceX de kendi canl\u0131 yay\u0131n\u0131n\u0131, ayr\u0131l\u0131\u015ftan 15 dakika \u00f6nce ve ini\u015ften yakla\u015f\u0131k bir saat \u00f6nce ba\u015flatacak; yay\u0131nlar \u015firketin internet sitesi ve X hesab\u0131ndan takip edilebilecek.<\/p>\n<\/div>\n<p><br \/>\n<br \/><a href=\"https:\/\/www.ntv.com.tr\/teknoloji\/nasanin-acil-durum-tahliyesi-bu-gece-canli-yayinlanacak-1707376\"><\/a><\/p>\n","protected":false},"excerpt":{"rendered":"<p>Space.com haberine g\u00f6re uzay devi SpaceX\u2019in Crew-11 g\u00f6revi, 14 Ocak gecesi Uluslararas\u0131 Uzay \u0130stasyonu\u2019ndan (ISS) ilk kez t\u0131bbi gerek\u00e7eyle erken d\u00f6n\u00fc\u015f ger\u00e7ekle\u015ftirecek. \u00a0 G\u00f6revde yer alan NASA astronotlar\u0131 Mike Fincke ve Zena Cardman, Japonya\u2019dan Kimiya Yui ve Rus kozmonot Oleg Platonov, m\u00fcrettebattan birini etkileyen sa\u011fl\u0131k sorunu nedeniyle planlanan alt\u0131 ayl\u0131k g\u00f6revlerini yakla\u015f\u0131k bir ay erken [&hellip;]<\/p>\n","protected":false},"author":908,"featured_media":36959,"comment_status":"open","ping_status":"open","sticky":false,"template":"","format":"standard","meta":{"_jetpack_memberships_contains_paid_content":false,"footnotes":"","jetpack_publicize_message":"","jetpack_publicize_feature_enabled":true,"jetpack_social_post_already_shared":true,"jetpack_social_options":{"image_generator_settings":{"template":"highway","default_image_id":0,"font":"","enabled":false},"version":2}},"categories":[12],"tags":[],"class_list":["post-36958","post","type-post","status-publish","format-standard","has-post-thumbnail","hentry","category-teknoloji"],"jetpack_publicize_connections":[],"jetpack_featured_media_url":"https:\/\/kibrisayna.com\/wp-content\/uploads\/2026\/01\/x5PvLmDQW2FFZkkPFTE9tT-650-80.jpg-3963012.png","jetpack_sharing_enabled":true,"_links":{"self":[{"href":"https:\/\/kibrisayna.com\/index.php\/wp-json\/wp\/v2\/posts\/36958","targetHints":{"allow":["GET"]}}],"collection":[{"href":"https:\/\/kibrisayna.com\/index.php\/wp-json\/wp\/v2\/posts"}],"about":[{"href":"https:\/\/kibrisayna.com\/index.php\/wp-json\/wp\/v2\/types\/post"}],"author":[{"embeddable":true,"href":"https:\/\/kibrisayna.com\/index.php\/wp-json\/wp\/v2\/users\/908"}],"replies":[{"embeddable":true,"href":"https:\/\/kibrisayna.com\/index.php\/wp-json\/wp\/v2\/comments?post=36958"}],"version-history":[{"count":0,"href":"https:\/\/kibrisayna.com\/index.php\/wp-json\/wp\/v2\/posts\/36958\/revisions"}],"wp:featuredmedia":[{"embeddable":true,"href":"https:\/\/kibrisayna.com\/index.php\/wp-json\/wp\/v2\/media\/36959"}],"wp:attachment":[{"href":"https:\/\/kibrisayna.com\/index.php\/wp-json\/wp\/v2\/media?parent=36958"}],"wp:term":[{"taxonomy":"category","embeddable":true,"href":"https:\/\/kibrisayna.com\/index.php\/wp-json\/wp\/v2\/categories?post=36958"},{"taxonomy":"post_tag","embeddable":true,"href":"https:\/\/kibrisayna.com\/index.php\/wp-json\/wp\/v2\/tags?post=36958"}],"curies":[{"name":"wp","href":"https:\/\/api.w.org\/{rel}","templated":true}]}}