{"id":36952,"date":"2026-01-13T19:10:10","date_gmt":"2026-01-13T16:10:10","guid":{"rendered":"https:\/\/kibrisayna.com\/index.php\/2026\/01\/13\/mark-zuckerberg-yuzlerce-gigawattlik-nukleer-enerjili-veri-merkezlerinin-pesinde\/"},"modified":"2026-01-13T19:10:10","modified_gmt":"2026-01-13T16:10:10","slug":"mark-zuckerberg-yuzlerce-gigawattlik-nukleer-enerjili-veri-merkezlerinin-pesinde","status":"publish","type":"post","link":"https:\/\/kibrisayna.com\/index.php\/2026\/01\/13\/mark-zuckerberg-yuzlerce-gigawattlik-nukleer-enerjili-veri-merkezlerinin-pesinde\/","title":{"rendered":"Mark Zuckerberg, \u201cy\u00fczlerce gigawatt\u201dl\u0131k n\u00fckleer enerjili veri merkezlerinin pe\u015finde"},"content":{"rendered":"<p> <br \/>\n<\/p>\n<div>\n<p><a href=\"https:\/\/www.ntv.com.tr\/haberleri\/meta\" class=\"text-light-blue hover:underline\" target=\"_blank\" rel=\"\">Meta<\/a>, h\u0131zla b\u00fcy\u00fcyen <a href=\"https:\/\/www.ntv.com.tr\/haberleri\/yapay-zeka\" class=\"text-light-blue hover:underline\" target=\"_blank\" rel=\"\">yapay zeka<\/a> veri merkezi a\u011f\u0131n\u0131n planlanmas\u0131, kurulumu ve i\u015fletilmesini y\u00f6netmek \u00fczere \u201cMeta Compute\u201d ad\u0131n\u0131 verdi\u011fi yeni bir giri\u015fim ba\u015flatt\u0131.<\/p>\n<p>\u00a0<\/p>\n<p>\u015eirketin CEO\u2019su <a href=\"https:\/\/www.ntv.com.tr\/haberleri\/mark-zuckerberg\" class=\"text-light-blue hover:underline\" target=\"_blank\" rel=\"\">Mark Zuckerberg<\/a>, Threads\u2019te yapt\u0131\u011f\u0131 payla\u015f\u0131mda, gelecek y\u0131llarda altyap\u0131 yat\u0131r\u0131mlar\u0131n\u0131n Meta i\u00e7in stratejik bir avantaja d\u00f6n\u00fc\u015fece\u011fini vurgulad\u0131.<\/p>\n<p>\u00a0<\/p>\n<p>Zuckerberg, \u201cMeta bu on y\u0131l i\u00e7inde onlarca gigavatl\u0131k, uzun vadede ise y\u00fczlerce gigavat\u0131 a\u015fabilecek kapasite in\u015fa etmeyi planl\u0131yor. Bu altyap\u0131y\u0131 nas\u0131l tasarlad\u0131\u011f\u0131m\u0131z, finanse etti\u011fimiz ve ortakl\u0131klar kurdu\u011fumuz, rekabette belirleyici olacak\u201d ifadelerini kulland\u0131.<\/p>\n<p>\u00a0<\/p>\n<p>A\u00e7\u0131klama, Zuckerberg\u2019in k\u0131sa s\u00fcre \u00f6nce Goldman Sachs\u2019ta 16 y\u0131l g\u00f6rev yapan ve ABD Ba\u015fkan\u0131 Donald Trump\u2019a dan\u0131\u015fmanl\u0131k yapan Dina Powell McCormick\u2019in Meta\u2019ya Ba\u015fkan ve Ba\u015fkan Yard\u0131mc\u0131s\u0131 olarak kat\u0131ld\u0131\u011f\u0131n\u0131 duyurmas\u0131n\u0131n hemen ard\u0131ndan geldi.<\/p>\n<p>\u00a0<\/p>\n<p>Peki bu proje pratikte ne anlama geliyor?<\/p>\n<p>\u00a0<\/p>\n<p><strong>YEN\u0130 G\u0130R\u0130\u015e\u0130M\u0130N YAPISI<\/strong><\/p>\n<p>\u00a0<\/p>\n<p>Zuckerberg\u2019e g\u00f6re Meta Compute\u2019un ba\u015f\u0131nda iki \u00fcst d\u00fczey y\u00f6netici yer alacak: Meta\u2019n\u0131n k\u00fcresel altyap\u0131dan sorumlu y\u00f6neticisi Santosh Janardhan ve 2025 ortas\u0131nda \u015firketin \u201cSuperintelligence\u201d ekibine kat\u0131lan Daniel Gross.<\/p>\n<p>\u00a0<\/p>\n<p>Janardhan, teknik mimari, yaz\u0131l\u0131m altyap\u0131s\u0131, \u00e7ip (silicon) program\u0131, geli\u015ftirici verimlili\u011fi ile Meta\u2019n\u0131n k\u00fcresel veri merkezleri ve a\u011flar\u0131n\u0131n in\u015fas\u0131 ve i\u015fletilmesinden sorumlu olmaya devam edecek. Gross ise uzun vadeli kapasite stratejisi, tedarik\u00e7i ortakl\u0131klar\u0131, sekt\u00f6r analizi, planlama ve i\u015f modelleri \u00fczerine odaklanacak yeni bir ekibi y\u00f6netecek.<\/p>\n<p>\u00a0<\/p>\n<p>Her iki isim de Dina Powell McCormick ile yak\u0131n \u00e7al\u0131\u015facak. Zuckerberg, McCormick\u2019in \u00f6zellikle \u201ch\u00fck\u00fcmetler ve egemen fonlarla ortakl\u0131klar kurarak Meta\u2019n\u0131n altyap\u0131s\u0131n\u0131n in\u015fas\u0131, devreye al\u0131nmas\u0131, finansman\u0131 ve yat\u0131r\u0131mlar\u0131\u201d \u00fczerinde yo\u011funla\u015faca\u011f\u0131n\u0131 belirtti.<\/p>\n<p>\u00a0<\/p>\n<p><strong>DEV HARCAMALAR, BEL\u0130RS\u0130Z SONU\u00c7LAR<\/strong><\/p>\n<p>\u00a0<\/p>\n<p>Meta, \u201cherkes i\u00e7in ki\u015fisel s\u00fcper zeka\u201d hedefi do\u011frultusunda b\u00fcy\u00fck harcamalar yapmay\u0131 s\u00fcrd\u00fcr\u00fcyor. \u015eirket, 2025 mali y\u0131l\u0131nda bu ama\u00e7la 72 milyar dolarl\u0131k sermaye harcamas\u0131 \u00f6ng\u00f6r\u00fcyor; sonraki y\u0131l bu rakam\u0131n daha da artmas\u0131 bekleniyor.<\/p>\n<p>\u00a0<\/p>\n<p>Ancak rakipleriyle k\u0131yasland\u0131\u011f\u0131nda, Meta\u2019n\u0131n bu yat\u0131r\u0131mlar\u0131n kar\u015f\u0131l\u0131\u011f\u0131nda hen\u00fcz g\u00fc\u00e7l\u00fc bir sonu\u00e7 ortaya koyamad\u0131\u011f\u0131 da dikkat \u00e7ekiyor. A\u00e7\u0131k kaynakl\u0131 Llama 4 modellerinin beklenen etkiyi yaratamamas\u0131, OpenAI ile ya\u015fanan yetenek sava\u015f\u0131 ve makine \u00f6\u011frenimi alan\u0131n\u0131n \u00f6nde gelen isimlerinden Yann LeCun\u2019un ayr\u0131lmas\u0131, \u015firketin yeni nesil temel modellerini belirsizli\u011fe s\u00fcr\u00fcklemi\u015f durumda.<\/p>\n<p>\u00a0<\/p>\n<p>Zuckerberg\u2019in, bir d\u00f6nem \u00f6ne \u00e7\u0131kard\u0131\u011f\u0131 a\u00e7\u0131k kaynak yakla\u015f\u0131m\u0131ndan geri ad\u0131m atarak Avocado ve Mango kod adl\u0131, kapal\u0131 ve tescilli modellere y\u00f6neldi\u011fi \u00f6ne s\u00fcr\u00fcl\u00fcyor. Buna ra\u011fmen Meta, Segment Anything Model (SAM) serisi gibi baz\u0131 projeleri a\u00e7\u0131k kaynak olarak yay\u0131mlamay\u0131 s\u00fcrd\u00fcr\u00fcyor.<\/p>\n<p>\u00a0<\/p>\n<p><strong>G\u0130GAVAT \u00d6L\u00c7E\u011e\u0130NDE VER\u0130 MERKEZLER\u0130 VE N\u00dcKLEER ENERJ\u0130<\/strong><\/p>\n<p>\u00a0<\/p>\n<p>Llama 4\u2019teki hayal k\u0131r\u0131kl\u0131\u011f\u0131na ra\u011fmen Zuckerberg, \u00fcretken yapay zeka hedeflerinden vazge\u00e7mi\u015f de\u011fil. Meta h\u00e2lihaz\u0131rda Ohio, Louisiana ve Texas ba\u015fta olmak \u00fczere bir\u00e7ok b\u00f6lgede gigavat \u00f6l\u00e7e\u011finde veri merkezi projeleri y\u00fcr\u00fct\u00fcyor.<\/p>\n<p>\u00a0<\/p>\n<p>Bu h\u0131zl\u0131 b\u00fcy\u00fcmeyi desteklemek i\u00e7in \u015firket, ge\u00e7ti\u011fimiz hafta TerraPower, Oklo ve Vistra ile uzun vadeli n\u00fckleer enerji anla\u015fmalar\u0131 imzalad\u0131. Daha \u00f6nce Constellation Energy ile yap\u0131lan anla\u015fmalar da eklendi\u011finde, Meta\u2019n\u0131n s\u00f6zle\u015fme alt\u0131na ald\u0131\u011f\u0131 n\u00fckleer enerji kapasitesi yakla\u015f\u0131k 6,6 gigavata ula\u015f\u0131yor.<\/p>\n<p>\u00a0<\/p>\n<p>Uzmanlara g\u00f6re Meta Compute giri\u015fimi, Meta\u2019n\u0131n yaln\u0131zca yaz\u0131l\u0131m ve model geli\u015ftirme de\u011fil, ayn\u0131 zamanda enerji ve altyap\u0131 \u00f6l\u00e7e\u011finde de yapay zeka yar\u0131\u015f\u0131nda iddial\u0131 bir oyuncu olma hedefini a\u00e7\u0131k\u00e7a ortaya koyuyor.<\/p>\n<p>\u00a0<\/p>\n<p><strong>R\u0130SKLER NELER?<\/strong><\/p>\n<p>\u00a0<\/p>\n<p>Meta Compute, Meta\u2019n\u0131n yapay zeka i\u00e7in devasa \u00f6l\u00e7ekte veri merkezleri kurmas\u0131n\u0131 ve hesaplama g\u00fcc\u00fcn\u00fc tek elde toplamas\u0131n\u0131 ama\u00e7l\u0131yor. Bu da birka\u00e7 b\u00fcy\u00fck \u015firketin (Meta, Google, Microsoft, OpenAI gibi) k\u00fcresel yapay zeka altyap\u0131s\u0131n\u0131 fiilen kontrol etmesi anlam\u0131na geliyor.<\/p>\n<p>\u00a0<\/p>\n<p>Bu durum kullan\u0131c\u0131 a\u00e7\u0131s\u0131ndan \u015fu riski do\u011furuyor: Yak\u0131n gelecekte hangi yapay zeka ara\u00e7lar\u0131n\u0131n \u201cstandart\u201d olaca\u011f\u0131na birka\u00e7 \u015firket karar verebilir.<\/p>\n<p>\u00a0<\/p>\n<p>Bunun yan\u0131 s\u0131ra Meta Compute i\u00e7in planlanan veri merkezleri \u00e7ok b\u00fcy\u00fck enerji t\u00fcketecek. Bu y\u00fczden Meta n\u00fckleer enerji anla\u015fmalar\u0131 yap\u0131yor. Bunun sonucunda yapay zeka hizmetleri son kullan\u0131c\u0131 a\u00e7\u0131s\u0131ndan maliyetsiz gibi g\u00f6r\u00fcnebilir ama enerji altyap\u0131s\u0131 \u00fczerindeki y\u00fck\u00fcn artmas\u0131 olas\u0131. Elektrik fiyatlar\u0131 ve kaynak rekabeti bu veri merkezlerinden dolayl\u0131 olarak etkilenebilir.<\/p>\n<\/div>\n<p><br \/>\n<br \/><a href=\"https:\/\/www.ntv.com.tr\/teknoloji\/mark-zuckerberg-yuzlerce-gigawattlik-nukleer-enerjili-veri-merkezlerinin-pesinde-1707325\"><\/a><\/p>\n","protected":false},"excerpt":{"rendered":"<p>Meta, h\u0131zla b\u00fcy\u00fcyen yapay zeka veri merkezi a\u011f\u0131n\u0131n planlanmas\u0131, kurulumu ve i\u015fletilmesini y\u00f6netmek \u00fczere \u201cMeta Compute\u201d ad\u0131n\u0131 verdi\u011fi yeni bir giri\u015fim ba\u015flatt\u0131. \u00a0 \u015eirketin CEO\u2019su Mark Zuckerberg, Threads\u2019te yapt\u0131\u011f\u0131 payla\u015f\u0131mda, gelecek y\u0131llarda altyap\u0131 yat\u0131r\u0131mlar\u0131n\u0131n Meta i\u00e7in stratejik bir avantaja d\u00f6n\u00fc\u015fece\u011fini vurgulad\u0131. \u00a0 Zuckerberg, \u201cMeta bu on y\u0131l i\u00e7inde onlarca gigavatl\u0131k, uzun vadede ise y\u00fczlerce gigavat\u0131 [&hellip;]<\/p>\n","protected":false},"author":908,"featured_media":36832,"comment_status":"open","ping_status":"open","sticky":false,"template":"","format":"standard","meta":{"_jetpack_memberships_contains_paid_content":false,"footnotes":"","jetpack_publicize_message":"","jetpack_publicize_feature_enabled":true,"jetpack_social_post_already_shared":true,"jetpack_social_options":{"image_generator_settings":{"template":"highway","default_image_id":0,"font":"","enabled":false},"version":2}},"categories":[12],"tags":[],"class_list":["post-36952","post","type-post","status-publish","format-standard","has-post-thumbnail","hentry","category-teknoloji"],"jetpack_publicize_connections":[],"jetpack_featured_media_url":"https:\/\/kibrisayna.com\/wp-content\/uploads\/2025\/12\/markzuckerberg-189939.jpeg","jetpack_sharing_enabled":true,"_links":{"self":[{"href":"https:\/\/kibrisayna.com\/index.php\/wp-json\/wp\/v2\/posts\/36952","targetHints":{"allow":["GET"]}}],"collection":[{"href":"https:\/\/kibrisayna.com\/index.php\/wp-json\/wp\/v2\/posts"}],"about":[{"href":"https:\/\/kibrisayna.com\/index.php\/wp-json\/wp\/v2\/types\/post"}],"author":[{"embeddable":true,"href":"https:\/\/kibrisayna.com\/index.php\/wp-json\/wp\/v2\/users\/908"}],"replies":[{"embeddable":true,"href":"https:\/\/kibrisayna.com\/index.php\/wp-json\/wp\/v2\/comments?post=36952"}],"version-history":[{"count":0,"href":"https:\/\/kibrisayna.com\/index.php\/wp-json\/wp\/v2\/posts\/36952\/revisions"}],"wp:featuredmedia":[{"embeddable":true,"href":"https:\/\/kibrisayna.com\/index.php\/wp-json\/wp\/v2\/media\/36832"}],"wp:attachment":[{"href":"https:\/\/kibrisayna.com\/index.php\/wp-json\/wp\/v2\/media?parent=36952"}],"wp:term":[{"taxonomy":"category","embeddable":true,"href":"https:\/\/kibrisayna.com\/index.php\/wp-json\/wp\/v2\/categories?post=36952"},{"taxonomy":"post_tag","embeddable":true,"href":"https:\/\/kibrisayna.com\/index.php\/wp-json\/wp\/v2\/tags?post=36952"}],"curies":[{"name":"wp","href":"https:\/\/api.w.org\/{rel}","templated":true}]}}