{"id":36937,"date":"2026-01-12T15:12:58","date_gmt":"2026-01-12T12:12:58","guid":{"rendered":"https:\/\/kibrisayna.com\/index.php\/2026\/01\/12\/avrupa-birligi-elektrikli-araclar-konusunda-cinle-anlasti\/"},"modified":"2026-01-12T15:12:58","modified_gmt":"2026-01-12T12:12:58","slug":"avrupa-birligi-elektrikli-araclar-konusunda-cinle-anlasti","status":"publish","type":"post","link":"https:\/\/kibrisayna.com\/index.php\/2026\/01\/12\/avrupa-birligi-elektrikli-araclar-konusunda-cinle-anlasti\/","title":{"rendered":"Avrupa Birli\u011fi elektrikli ara\u00e7lar konusunda \u00c7in&#8217;le anla\u015ft\u0131"},"content":{"rendered":"<p> <br \/>\n<\/p>\n<div>\n<p><a href=\"https:\/\/www.ntv.com.tr\/haberleri\/avrupa-birligi\" class=\"text-light-blue hover:underline\" target=\"_blank\" rel=\"\">Avrupa Birli\u011fi<\/a>(AB) ve \u00c7in&#8217;in bir s\u00fcredir anla\u015famad\u0131\u011f\u0131 \u00c7in&#8217;den ithal elektrikli ara\u00e7lar\u0131n fiyatland\u0131r\u0131lmas\u0131 konusunda \u00e7er\u00e7eve anla\u015fmaya var\u0131ld\u0131. AB Komisyonunun, \u00c7inli ihracat\u00e7\u0131lar i<a href=\"https:\/\/www.ntv.com.tr\/haberleri\/cin\" class=\"text-light-blue hover:underline\" target=\"_blank\" rel=\"\">\u00e7in<\/a> &#8220;Fiyat Taahh\u00fcd\u00fc \u00d6nerilerine \u0130li\u015fkin K\u0131lavuz Belge&#8221; yay\u0131nlayaca\u011f\u0131 belirtildi.<\/p>\n<p>\u00a0<\/p>\n<p>AB Komisyonu, Ekim 2023&#8217;te \u00c7in&#8217;den ithal edilen elektrikli ara\u00e7lara y\u00f6nelik s\u00fcbvansiyon soru\u015fturmas\u0131 ba\u015flatm\u0131\u015f ve soru\u015fturma sonunda bu \u00fclkede \u00fcretilen elektrikli otomobillerin birlik \u00fcyesi \u00fclkelere ithalat\u0131nda ge\u00e7ici ilave vergiler getirme karar\u0131 alm\u0131\u015ft\u0131.<\/p>\n<p>\u00a0<\/p>\n<p>AB daha \u00f6nce \u00c7in&#8217;den ithal edilen elektrikli ara\u00e7lara yaln\u0131zca standart y\u00fczde 10 vergi uygularken karar sonras\u0131 farkl\u0131 \u00fcreticilere y\u00fczde 7,8 ila y\u00fczde 35,3 ek g\u00fcmr\u00fck vergileri getirilmi\u015fti.<\/p>\n<p>\u00a0<\/p>\n<p>Bu geli\u015fmelerin ard\u0131ndan \u00e7\u00f6z\u00fcm yolu arand\u0131. D\u00fcnya Ticaret \u00d6rg\u00fct\u00fc (DT\u00d6) kurallar\u0131na uygun \u015fekilde K\u0131lavuz Belge&#8217;nin her fiyat taahh\u00fcd\u00fc \u00f6nerisinin, ayn\u0131 yasal kritere g\u00f6re, objektif ve adil \u015fekilde de\u011ferlendirilmesini sa\u011flayaca\u011f\u0131 kaydedildi.<\/p>\n<p>\u00a0<\/p>\n<p>Bu anla\u015fma ve tarifeleri AB \u00fclkeleri taraf\u0131ndan, \u00c7in&#8217;in elektrikli ara\u00e7 \u00fcretimine kar\u015f\u0131 ulusal sanayilerini korumak i\u00e7in al\u0131n\u0131yor.\u00a0<\/p>\n<\/div>\n<p><br \/>\n<br \/><a href=\"https:\/\/www.ntv.com.tr\/otomobil\/avrupa-birligi-elektrikli-araclar-konusunda-cinle-anlasti-1707138\"><\/a><\/p>\n","protected":false},"excerpt":{"rendered":"<p>Avrupa Birli\u011fi(AB) ve \u00c7in&#8217;in bir s\u00fcredir anla\u015famad\u0131\u011f\u0131 \u00c7in&#8217;den ithal elektrikli ara\u00e7lar\u0131n fiyatland\u0131r\u0131lmas\u0131 konusunda \u00e7er\u00e7eve anla\u015fmaya var\u0131ld\u0131. AB Komisyonunun, \u00c7inli ihracat\u00e7\u0131lar i\u00e7in &#8220;Fiyat Taahh\u00fcd\u00fc \u00d6nerilerine \u0130li\u015fkin K\u0131lavuz Belge&#8221; yay\u0131nlayaca\u011f\u0131 belirtildi. \u00a0 AB Komisyonu, Ekim 2023&#8217;te \u00c7in&#8217;den ithal edilen elektrikli ara\u00e7lara y\u00f6nelik s\u00fcbvansiyon soru\u015fturmas\u0131 ba\u015flatm\u0131\u015f ve soru\u015fturma sonunda bu \u00fclkede \u00fcretilen elektrikli otomobillerin birlik \u00fcyesi \u00fclkelere ithalat\u0131nda [&hellip;]<\/p>\n","protected":false},"author":908,"featured_media":36938,"comment_status":"open","ping_status":"open","sticky":false,"template":"","format":"standard","meta":{"_jetpack_memberships_contains_paid_content":false,"footnotes":"","jetpack_publicize_message":"","jetpack_publicize_feature_enabled":true,"jetpack_social_post_already_shared":true,"jetpack_social_options":{"image_generator_settings":{"template":"highway","default_image_id":0,"font":"","enabled":false},"version":2}},"categories":[13],"tags":[],"class_list":["post-36937","post","type-post","status-publish","format-standard","has-post-thumbnail","hentry","category-otomobil"],"jetpack_publicize_connections":[],"jetpack_featured_media_url":"https:\/\/kibrisayna.com\/wp-content\/uploads\/2026\/01\/thumbs_b_c_e4b0f2e045587b94e2777173ac26adf5-429814.jpg","jetpack_sharing_enabled":true,"_links":{"self":[{"href":"https:\/\/kibrisayna.com\/index.php\/wp-json\/wp\/v2\/posts\/36937","targetHints":{"allow":["GET"]}}],"collection":[{"href":"https:\/\/kibrisayna.com\/index.php\/wp-json\/wp\/v2\/posts"}],"about":[{"href":"https:\/\/kibrisayna.com\/index.php\/wp-json\/wp\/v2\/types\/post"}],"author":[{"embeddable":true,"href":"https:\/\/kibrisayna.com\/index.php\/wp-json\/wp\/v2\/users\/908"}],"replies":[{"embeddable":true,"href":"https:\/\/kibrisayna.com\/index.php\/wp-json\/wp\/v2\/comments?post=36937"}],"version-history":[{"count":0,"href":"https:\/\/kibrisayna.com\/index.php\/wp-json\/wp\/v2\/posts\/36937\/revisions"}],"wp:featuredmedia":[{"embeddable":true,"href":"https:\/\/kibrisayna.com\/index.php\/wp-json\/wp\/v2\/media\/36938"}],"wp:attachment":[{"href":"https:\/\/kibrisayna.com\/index.php\/wp-json\/wp\/v2\/media?parent=36937"}],"wp:term":[{"taxonomy":"category","embeddable":true,"href":"https:\/\/kibrisayna.com\/index.php\/wp-json\/wp\/v2\/categories?post=36937"},{"taxonomy":"post_tag","embeddable":true,"href":"https:\/\/kibrisayna.com\/index.php\/wp-json\/wp\/v2\/tags?post=36937"}],"curies":[{"name":"wp","href":"https:\/\/api.w.org\/{rel}","templated":true}]}}