{"id":36927,"date":"2026-01-10T11:53:45","date_gmt":"2026-01-10T08:53:45","guid":{"rendered":"https:\/\/kibrisayna.com\/index.php\/2026\/01\/10\/nasa-tarihinde-ilk-acil-donus-plani-devreye-alindi\/"},"modified":"2026-01-10T11:53:45","modified_gmt":"2026-01-10T08:53:45","slug":"nasa-tarihinde-ilk-acil-donus-plani-devreye-alindi","status":"publish","type":"post","link":"https:\/\/kibrisayna.com\/index.php\/2026\/01\/10\/nasa-tarihinde-ilk-acil-donus-plani-devreye-alindi\/","title":{"rendered":"NASA tarihinde ilk. Acil d\u00f6n\u00fc\u015f plan\u0131 devreye al\u0131nd\u0131"},"content":{"rendered":"<p> <br \/>\n<\/p>\n<div>\n<p><a href=\"https:\/\/www.ntv.com.tr\/haberleri\/nasa\" class=\"text-light-blue hover:underline\" target=\"_blank\" rel=\"\">NASA<\/a>, Uluslararas\u0131 Uzay \u0130stasyonu\u2019ndan (ISS) ilk kez t\u0131bbi <a href=\"https:\/\/www.ntv.com.tr\/haberleri\/tahliye\" class=\"text-light-blue hover:underline\" target=\"_blank\" rel=\"\">tahliye<\/a> ger\u00e7ekle\u015ftirmeye haz\u0131rlan\u0131yor.\u00a0<\/p>\n<p>\u00a0<\/p>\n<p>Ajans yetkilileri, bir astronotta yer\u00e7ekimsiz ortamda tedavi edilemeyen ciddi bir sa\u011fl\u0131k sorunu tespit edilmesi \u00fczerine, Crew-11 ekibinin planlanandan aylar \u00f6nce D\u00fcnya\u2019ya d\u00f6nd\u00fcr\u00fclece\u011fini duyurdu.\u00a0<\/p>\n<p>\u00a0<\/p>\n<p>Bu d\u00f6n\u00fc\u015f i\u00e7in onlarca y\u0131l \u00f6nce haz\u0131rlanm\u0131\u015f acil durum plan\u0131n\u0131n devreye al\u0131nd\u0131\u011f\u0131 belirtildi.<\/p>\n<p>\u00a0<\/p>\n<p><strong>PLAN NASIL HAYAT GE\u00c7\u0130R\u0130LECEK?<\/strong><\/p>\n<p>\u00a0<\/p>\n<p>Yetkililere g\u00f6re, ISS g\u00f6revleri s\u0131ras\u0131nda daha \u00f6nce hi\u00e7 uygulanmam\u0131\u015f olan bu plan kapsam\u0131nda astronotlar kaps\u00fcl\u00fcn i\u00e7ine girerek kapaklar\u0131 kapatacak, istasyondan ayr\u0131lacak ve kontroll\u00fc bir \u015fekilde D\u00fcnya atmosferine yeniden giri\u015f yapacak.<\/p>\n<p>\u00a0<\/p>\n<p>Para\u015f\u00fct destekli ini\u015fin, Kaliforniya a\u00e7\u0131klar\u0131nda Pasifik Okyanusu\u2019na yap\u0131lmas\u0131 planlan\u0131yor. Kaps\u00fcl denize indikten sonra, i\u00e7inde t\u0131bbi personelin bulundu\u011fu bir kurtarma gemisi astronotlar\u0131 teslim alacak. \u0130lk sa\u011fl\u0131k kontrolleri denizde yap\u0131lacak. Ard\u0131ndan ekip helikopter ve jetle Johnson Space Center\u2019a nakledilecek.<\/p>\n<p>\u00a0<\/p>\n<p><strong>ASTRONOTUN TAHL\u0130YE KARARI NASIL ALINDI?<\/strong><\/p>\n<p>\u00a0<\/p>\n<p>Tahliye karar\u0131, Crew-11\u2019de g\u00f6revli bir astronotun ya\u015fad\u0131\u011f\u0131 ve mikro yer\u00e7ekiminde yeterince tedavi edilemeyen bir sa\u011fl\u0131k sorunu nedeniyle, NASA doktorlar\u0131n\u0131n erken d\u00f6n\u00fc\u015f tavsiyesinde bulunmas\u0131n\u0131n ard\u0131ndan al\u0131nd\u0131.\u00a0<\/p>\n<p>\u00a0<\/p>\n<p>Ajans, t\u0131bbi gizlilik gerek\u00e7esiyle astronotun kimli\u011fini ve rahats\u0131zl\u0131\u011f\u0131n niteli\u011fini a\u00e7\u0131klamad\u0131.<\/p>\n<p>\u00a0<\/p>\n<p><strong>NASA TAR\u0130H\u0130NDEK\u0130 \u0130LK TIBB\u0130 TAHL\u0130YE<\/strong><\/p>\n<p>\u00a0<\/p>\n<p>NASA Y\u00f6neticisi Jared Isaacman, per\u015fembe g\u00fcn\u00fc yapt\u0131\u011f\u0131 a\u00e7\u0131klamada bunun \u201cciddi bir t\u0131bbi durum\u201d olarak de\u011ferlendirildi\u011fini ve bu nedenle ISS tarihindeki ilk t\u0131bbi tahliyenin gerekli g\u00f6r\u00fcld\u00fc\u011f\u00fcn\u00fc s\u00f6yledi.<\/p>\n<p>\u00a0<\/p>\n<p>Isaacman, ini\u015f ko\u015fullar\u0131n\u0131n netle\u015ftirilmesiyle birlikte 48 saat i\u00e7inde g\u00fcncellenmi\u015f bir d\u00f6n\u00fc\u015f takvimi payla\u015f\u0131laca\u011f\u0131n\u0131 belirtti.<\/p>\n<p>\u00a0<\/p>\n<p>NASA Ba\u015f T\u0131bbi Sorumlusu Dr. James Polk ise astronotun hayati tehlikesinin bulunmad\u0131\u011f\u0131n\u0131, d\u00f6n\u00fc\u015f tamamlanana kadar ekip arkada\u015flar\u0131 taraf\u0131ndan g\u00f6zetim alt\u0131nda tutuldu\u011funu vurgulad\u0131.<\/p>\n<p>\u00a0<\/p>\n<p><strong>PLAN BUG\u00dcNE KADAR H\u0130\u00c7 UYGULANMADI<\/strong><\/p>\n<p>\u00a0<\/p>\n<p>Tahliye, NASA\u2019n\u0131n Spaceflight Human-System Standard d\u00fczenlemeleri kapsam\u0131nda, istasyondaki t\u0131bbi imk\u00e2nlar\u0131n yetersiz kald\u0131\u011f\u0131 durumlarda \u00f6ng\u00f6r\u00fclen acil d\u00f6n\u00fc\u015f prosed\u00fcrlerine dayan\u0131yor.<\/p>\n<p>\u00a0<\/p>\n<p>\u0130statistiksel modeller b\u00f6yle bir olay\u0131n yakla\u015f\u0131k \u00fc\u00e7 y\u0131lda bir ya\u015fanabilece\u011fini \u00f6ng\u00f6rse de, plan bug\u00fcne kadar hi\u00e7 uygulanmam\u0131\u015ft\u0131.<\/p>\n<\/div>\n<p><br \/>\n<br \/><a href=\"https:\/\/www.ntv.com.tr\/teknoloji\/nasa-tarihinde-ilk-acil-donus-plani-devreye-alindi-1706846\"><\/a><\/p>\n","protected":false},"excerpt":{"rendered":"<p>NASA, Uluslararas\u0131 Uzay \u0130stasyonu\u2019ndan (ISS) ilk kez t\u0131bbi tahliye ger\u00e7ekle\u015ftirmeye haz\u0131rlan\u0131yor.\u00a0 \u00a0 Ajans yetkilileri, bir astronotta yer\u00e7ekimsiz ortamda tedavi edilemeyen ciddi bir sa\u011fl\u0131k sorunu tespit edilmesi \u00fczerine, Crew-11 ekibinin planlanandan aylar \u00f6nce D\u00fcnya\u2019ya d\u00f6nd\u00fcr\u00fclece\u011fini duyurdu.\u00a0 \u00a0 Bu d\u00f6n\u00fc\u015f i\u00e7in onlarca y\u0131l \u00f6nce haz\u0131rlanm\u0131\u015f acil durum plan\u0131n\u0131n devreye al\u0131nd\u0131\u011f\u0131 belirtildi. \u00a0 PLAN NASIL HAYAT GE\u00c7\u0130R\u0130LECEK? \u00a0 [&hellip;]<\/p>\n","protected":false},"author":908,"featured_media":36928,"comment_status":"open","ping_status":"open","sticky":false,"template":"","format":"standard","meta":{"_jetpack_memberships_contains_paid_content":false,"footnotes":"","jetpack_publicize_message":"","jetpack_publicize_feature_enabled":true,"jetpack_social_post_already_shared":true,"jetpack_social_options":{"image_generator_settings":{"template":"highway","default_image_id":0,"font":"","enabled":false},"version":2}},"categories":[12],"tags":[],"class_list":["post-36927","post","type-post","status-publish","format-standard","has-post-thumbnail","hentry","category-teknoloji"],"jetpack_publicize_connections":[],"jetpack_featured_media_url":"https:\/\/kibrisayna.com\/wp-content\/uploads\/2026\/01\/105339685-15449251-JAXA_astronaut_Kimiya_Yui_center_was_helping_NASA_astronaut_Zena-a-31_17679811601.webp","jetpack_sharing_enabled":true,"_links":{"self":[{"href":"https:\/\/kibrisayna.com\/index.php\/wp-json\/wp\/v2\/posts\/36927","targetHints":{"allow":["GET"]}}],"collection":[{"href":"https:\/\/kibrisayna.com\/index.php\/wp-json\/wp\/v2\/posts"}],"about":[{"href":"https:\/\/kibrisayna.com\/index.php\/wp-json\/wp\/v2\/types\/post"}],"author":[{"embeddable":true,"href":"https:\/\/kibrisayna.com\/index.php\/wp-json\/wp\/v2\/users\/908"}],"replies":[{"embeddable":true,"href":"https:\/\/kibrisayna.com\/index.php\/wp-json\/wp\/v2\/comments?post=36927"}],"version-history":[{"count":0,"href":"https:\/\/kibrisayna.com\/index.php\/wp-json\/wp\/v2\/posts\/36927\/revisions"}],"wp:featuredmedia":[{"embeddable":true,"href":"https:\/\/kibrisayna.com\/index.php\/wp-json\/wp\/v2\/media\/36928"}],"wp:attachment":[{"href":"https:\/\/kibrisayna.com\/index.php\/wp-json\/wp\/v2\/media?parent=36927"}],"wp:term":[{"taxonomy":"category","embeddable":true,"href":"https:\/\/kibrisayna.com\/index.php\/wp-json\/wp\/v2\/categories?post=36927"},{"taxonomy":"post_tag","embeddable":true,"href":"https:\/\/kibrisayna.com\/index.php\/wp-json\/wp\/v2\/tags?post=36927"}],"curies":[{"name":"wp","href":"https:\/\/api.w.org\/{rel}","templated":true}]}}