{"id":36918,"date":"2026-01-09T11:09:41","date_gmt":"2026-01-09T08:09:41","guid":{"rendered":"https:\/\/kibrisayna.com\/index.php\/2026\/01\/09\/general-motorsta-elektrikli-otomobil-zarari\/"},"modified":"2026-01-09T11:09:41","modified_gmt":"2026-01-09T08:09:41","slug":"general-motorsta-elektrikli-otomobil-zarari","status":"publish","type":"post","link":"https:\/\/kibrisayna.com\/index.php\/2026\/01\/09\/general-motorsta-elektrikli-otomobil-zarari\/","title":{"rendered":"General Motors&#8217;ta elektrikli otomobil zarar\u0131"},"content":{"rendered":"<p> <br \/>\n<\/p>\n<div>\n<p>ABD&#8217;li dev otomobil \u00fcreticisi <a href=\"https:\/\/www.ntv.com.tr\/haberleri\/general-motors\" class=\"text-light-blue hover:underline\" target=\"_blank\" rel=\"\">General Motors<\/a>, Trump h\u00fck\u00fcmetinin politikalar\u0131 ve azalan talep do\u011frultusunda elektrikli ara\u00e7 pazar\u0131na yat\u0131r\u0131mlar\u0131n\u0131 azaltan son otomotiv \u015firketi oldu.<\/p>\n<p>\u00a0<\/p>\n<p>\u015eirketin yazaca\u011f\u0131 6 milyar dolarl\u0131k giderin 4.2 milyarl\u0131k nakit k\u0131sm\u0131 tedarik\u00e7ilerle yap\u0131lan s\u00f6zle\u015fmelerin iptali ve yap\u0131lacak uzla\u015fmalar i\u00e7in kullan\u0131lacak.<\/p>\n<p>\u00a0<\/p>\n<p><strong>\u00dcR\u00dcN GAMI ETK\u0130LENMEYECEK<\/strong><\/p>\n<p>\u00a0<\/p>\n<p>GM, s\u00f6z konusu giderin ABD&#8217;de yakla\u015f\u0131k bir d\u00fczine modelden olu\u015fan elektrikli ara\u00e7 \u00fcr\u00fcn gam\u0131n\u0131 etkilemeyece\u011fini belirterek &#8220;Bu modelleri t\u00fcketicilere sunmaya devam etmeyi planl\u0131yoruz&#8221; dedi.<\/p>\n<p>\u00a0<\/p>\n<p>\u015eirket, bu gideri d\u00f6rd\u00fcnc\u00fc \u00e7eyrek bilan\u00e7osunda &#8220;\u00f6zel kalem&#8221; olarak kaydedecek. Tedarik\u00e7ilerle y\u00fcr\u00fct\u00fclen g\u00f6r\u00fc\u015fmelerin sonucu olarak 2026&#8217;da da ilave giderler olu\u015fmas\u0131n\u0131 bekleyen \u015firket bunun 2025&#8217;teki elektrikli ara\u00e7 giderlerinden daha d\u00fc\u015f\u00fck olaca\u011f\u0131n\u0131 \u00f6ng\u00f6r\u00fcyor.<\/p>\n<p>\u00a0<\/p>\n<p>GM ve rakibi Ford da d\u00e2hil olmak \u00fczere bir\u00e7ok otomobil \u00fcreticisi, ABD Ba\u015fkan\u0131 Donald Trump&#8217;\u0131n vergi ve harcama paketi sonras\u0131nda ge\u00e7en y\u0131ldan bu yana elektrikli ara\u00e7lar\u0131n \u00fcretimini azalt\u0131yor. 30 Eyl\u00fcl&#8217;de elektrikli ara\u00e7 al\u0131c\u0131lar\u0131na sa\u011flanan 7 bin 500 dolarl\u0131k federal vergi indiriminin kald\u0131r\u0131lmas\u0131n\u0131n ard\u0131ndan elektrikli ara\u00e7lar\u0131n sat\u0131\u015f\u0131 dibe vurmu\u015ftu.<\/p>\n<\/div>\n<p><br \/>\n<br \/><a href=\"https:\/\/www.ntv.com.tr\/otomobil\/general-motorsta-elektrikli-otomobil-zarari-1706727\"><\/a><\/p>\n","protected":false},"excerpt":{"rendered":"<p>ABD&#8217;li dev otomobil \u00fcreticisi General Motors, Trump h\u00fck\u00fcmetinin politikalar\u0131 ve azalan talep do\u011frultusunda elektrikli ara\u00e7 pazar\u0131na yat\u0131r\u0131mlar\u0131n\u0131 azaltan son otomotiv \u015firketi oldu. \u00a0 \u015eirketin yazaca\u011f\u0131 6 milyar dolarl\u0131k giderin 4.2 milyarl\u0131k nakit k\u0131sm\u0131 tedarik\u00e7ilerle yap\u0131lan s\u00f6zle\u015fmelerin iptali ve yap\u0131lacak uzla\u015fmalar i\u00e7in kullan\u0131lacak. \u00a0 \u00dcR\u00dcN GAMI ETK\u0130LENMEYECEK \u00a0 GM, s\u00f6z konusu giderin ABD&#8217;de yakla\u015f\u0131k bir d\u00fczine [&hellip;]<\/p>\n","protected":false},"author":908,"featured_media":36919,"comment_status":"open","ping_status":"open","sticky":false,"template":"","format":"standard","meta":{"_jetpack_memberships_contains_paid_content":false,"footnotes":"","jetpack_publicize_message":"","jetpack_publicize_feature_enabled":true,"jetpack_social_post_already_shared":true,"jetpack_social_options":{"image_generator_settings":{"template":"highway","default_image_id":0,"font":"","enabled":false},"version":2}},"categories":[13],"tags":[],"class_list":["post-36918","post","type-post","status-publish","format-standard","has-post-thumbnail","hentry","category-otomobil"],"jetpack_publicize_connections":[],"jetpack_featured_media_url":"https:\/\/kibrisayna.com\/wp-content\/uploads\/2026\/01\/generalmotors-224573.jpg","jetpack_sharing_enabled":true,"_links":{"self":[{"href":"https:\/\/kibrisayna.com\/index.php\/wp-json\/wp\/v2\/posts\/36918","targetHints":{"allow":["GET"]}}],"collection":[{"href":"https:\/\/kibrisayna.com\/index.php\/wp-json\/wp\/v2\/posts"}],"about":[{"href":"https:\/\/kibrisayna.com\/index.php\/wp-json\/wp\/v2\/types\/post"}],"author":[{"embeddable":true,"href":"https:\/\/kibrisayna.com\/index.php\/wp-json\/wp\/v2\/users\/908"}],"replies":[{"embeddable":true,"href":"https:\/\/kibrisayna.com\/index.php\/wp-json\/wp\/v2\/comments?post=36918"}],"version-history":[{"count":0,"href":"https:\/\/kibrisayna.com\/index.php\/wp-json\/wp\/v2\/posts\/36918\/revisions"}],"wp:featuredmedia":[{"embeddable":true,"href":"https:\/\/kibrisayna.com\/index.php\/wp-json\/wp\/v2\/media\/36919"}],"wp:attachment":[{"href":"https:\/\/kibrisayna.com\/index.php\/wp-json\/wp\/v2\/media?parent=36918"}],"wp:term":[{"taxonomy":"category","embeddable":true,"href":"https:\/\/kibrisayna.com\/index.php\/wp-json\/wp\/v2\/categories?post=36918"},{"taxonomy":"post_tag","embeddable":true,"href":"https:\/\/kibrisayna.com\/index.php\/wp-json\/wp\/v2\/tags?post=36918"}],"curies":[{"name":"wp","href":"https:\/\/api.w.org\/{rel}","templated":true}]}}