{"id":36916,"date":"2026-01-09T07:45:04","date_gmt":"2026-01-09T04:45:04","guid":{"rendered":"https:\/\/kibrisayna.com\/index.php\/2026\/01\/09\/astronot-rahatsizlandi-nasa-ekibi-dunyaya-erken-donuyor\/"},"modified":"2026-01-09T07:45:04","modified_gmt":"2026-01-09T04:45:04","slug":"astronot-rahatsizlandi-nasa-ekibi-dunyaya-erken-donuyor","status":"publish","type":"post","link":"https:\/\/kibrisayna.com\/index.php\/2026\/01\/09\/astronot-rahatsizlandi-nasa-ekibi-dunyaya-erken-donuyor\/","title":{"rendered":"Astronot rahats\u0131zland\u0131, NASA ekibi D\u00fcnya&#8217;ya erken d\u00f6n\u00fcyor"},"content":{"rendered":"<p> <br \/>\n<\/p>\n<div>\n<p><a href=\"https:\/\/www.ntv.com.tr\/haberleri\/nasa\" class=\"text-light-blue hover:underline\" target=\"_blank\" rel=\"\">NASA<\/a>-SpaceX Crew 11 g\u00f6revi kapsam\u0131nda istasyonda bulunan 4 <a href=\"https:\/\/www.ntv.com.tr\/haberleri\/astronot\" class=\"text-light-blue hover:underline\" target=\"_blank\" rel=\"\">astronot<\/a> D\u00fcnya&#8217;ya planlanandan erken d\u00f6nmeye haz\u0131rlan\u0131yor.<\/p>\n<p>\u00a0<\/p>\n<p>NASA, Uluslararas\u0131 <a href=\"https:\/\/www.ntv.com.tr\/haberleri\/uzay\" class=\"text-light-blue hover:underline\" target=\"_blank\" rel=\"\">Uzay<\/a> \u0130stasyonu\u2019ndaki m\u00fcrettebat\u0131n, bir astronotun sa\u011fl\u0131k sorunu ya\u015famas\u0131n\u0131n ard\u0131ndan \u00f6n\u00fcm\u00fczdeki g\u00fcnlerde D\u00fcnya\u2019ya d\u00f6nece\u011fini a\u00e7\u0131klad\u0131.\u00a0<\/p>\n<p>\u00a0<\/p>\n<p>Bu durum, y\u00f6r\u00fcngedeki laboratuvardan ger\u00e7ekle\u015ftirilen ilk t\u0131bbi tahliye olarak tarihe ge\u00e7ecek.<\/p>\n<p>\u00a0<\/p>\n<p>ABD\u2019li Mike Fincke ve Zena Cardman ile Japonya\u2019dan Kimiya Yui ve Rusya\u2019dan Oleg Platonov&#8217;dan olu\u015fan astronot grubunun \u00f6n\u00fcm\u00fczdeki g\u00fcnlerde rutin denize ini\u015f noktalar\u0131ndan birine inece\u011fi a\u00e7\u0131kland\u0131.<\/p>\n<p>\u00a0<\/p>\n<p>Yetkililer s\u00f6z konusu sa\u011fl\u0131k sorununa ili\u015fkin ayr\u0131nt\u0131 vermedi ancak kimli\u011fi a\u00e7\u0131klanmayan astronotun durumunun stabil oldu\u011funu belirtti. Olay\u0131n, istasyon i\u00e7indeki herhangi bir yaralanmadan ya da ISS operasyonlar\u0131ndan kaynaklanmad\u0131\u011f\u0131 ifade edildi.<\/p>\n<p>\u00a0<\/p>\n<p>Geri d\u00f6nmesi planlanan d\u00f6rt astronot, 1 A\u011fustos\u2019tan bu yana g\u00f6revde bulunuyor. NASA, per\u015fembe g\u00fcn\u00fc yap\u0131lmas\u0131 planlanan bir uzay y\u00fcr\u00fcy\u00fc\u015f\u00fcn\u00fcn sa\u011fl\u0131k sorunu nedeniyle ertelendi\u011fini a\u00e7\u0131klam\u0131\u015ft\u0131.<\/p>\n<\/div>\n<p><br \/>\n<br \/><a href=\"https:\/\/www.ntv.com.tr\/teknoloji\/astronot-rahatsizlandi-nasa-ekibi-dunyaya-erken-donuyor-1706699\"><\/a><\/p>\n","protected":false},"excerpt":{"rendered":"<p>NASA-SpaceX Crew 11 g\u00f6revi kapsam\u0131nda istasyonda bulunan 4 astronot D\u00fcnya&#8217;ya planlanandan erken d\u00f6nmeye haz\u0131rlan\u0131yor. \u00a0 NASA, Uluslararas\u0131 Uzay \u0130stasyonu\u2019ndaki m\u00fcrettebat\u0131n, bir astronotun sa\u011fl\u0131k sorunu ya\u015famas\u0131n\u0131n ard\u0131ndan \u00f6n\u00fcm\u00fczdeki g\u00fcnlerde D\u00fcnya\u2019ya d\u00f6nece\u011fini a\u00e7\u0131klad\u0131.\u00a0 \u00a0 Bu durum, y\u00f6r\u00fcngedeki laboratuvardan ger\u00e7ekle\u015ftirilen ilk t\u0131bbi tahliye olarak tarihe ge\u00e7ecek. \u00a0 ABD\u2019li Mike Fincke ve Zena Cardman ile Japonya\u2019dan Kimiya Yui ve [&hellip;]<\/p>\n","protected":false},"author":908,"featured_media":36917,"comment_status":"open","ping_status":"open","sticky":false,"template":"","format":"standard","meta":{"_jetpack_memberships_contains_paid_content":false,"footnotes":"","jetpack_publicize_message":"","jetpack_publicize_feature_enabled":true,"jetpack_social_post_already_shared":true,"jetpack_social_options":{"image_generator_settings":{"template":"highway","default_image_id":0,"font":"","enabled":false},"version":2}},"categories":[12],"tags":[],"class_list":["post-36916","post","type-post","status-publish","format-standard","has-post-thumbnail","hentry","category-teknoloji"],"jetpack_publicize_connections":[],"jetpack_featured_media_url":"https:\/\/kibrisayna.com\/wp-content\/uploads\/2026\/01\/2025-08-01T132102Z_526206793_RC2CYFAHQO2X_RTRMADP_3_SPACE-EXPLORATION-CREW-11-674370.JPG","jetpack_sharing_enabled":true,"_links":{"self":[{"href":"https:\/\/kibrisayna.com\/index.php\/wp-json\/wp\/v2\/posts\/36916","targetHints":{"allow":["GET"]}}],"collection":[{"href":"https:\/\/kibrisayna.com\/index.php\/wp-json\/wp\/v2\/posts"}],"about":[{"href":"https:\/\/kibrisayna.com\/index.php\/wp-json\/wp\/v2\/types\/post"}],"author":[{"embeddable":true,"href":"https:\/\/kibrisayna.com\/index.php\/wp-json\/wp\/v2\/users\/908"}],"replies":[{"embeddable":true,"href":"https:\/\/kibrisayna.com\/index.php\/wp-json\/wp\/v2\/comments?post=36916"}],"version-history":[{"count":0,"href":"https:\/\/kibrisayna.com\/index.php\/wp-json\/wp\/v2\/posts\/36916\/revisions"}],"wp:featuredmedia":[{"embeddable":true,"href":"https:\/\/kibrisayna.com\/index.php\/wp-json\/wp\/v2\/media\/36917"}],"wp:attachment":[{"href":"https:\/\/kibrisayna.com\/index.php\/wp-json\/wp\/v2\/media?parent=36916"}],"wp:term":[{"taxonomy":"category","embeddable":true,"href":"https:\/\/kibrisayna.com\/index.php\/wp-json\/wp\/v2\/categories?post=36916"},{"taxonomy":"post_tag","embeddable":true,"href":"https:\/\/kibrisayna.com\/index.php\/wp-json\/wp\/v2\/tags?post=36916"}],"curies":[{"name":"wp","href":"https:\/\/api.w.org\/{rel}","templated":true}]}}