{"id":36902,"date":"2026-01-07T23:19:07","date_gmt":"2026-01-07T20:19:07","guid":{"rendered":"https:\/\/kibrisayna.com\/index.php\/2026\/01\/07\/samsung-galaxy-s26nin-tanitim-tarihi-netlesiyor-25-subat-iddiasi-guclendi\/"},"modified":"2026-01-07T23:19:07","modified_gmt":"2026-01-07T20:19:07","slug":"samsung-galaxy-s26nin-tanitim-tarihi-netlesiyor-25-subat-iddiasi-guclendi","status":"publish","type":"post","link":"https:\/\/kibrisayna.com\/index.php\/2026\/01\/07\/samsung-galaxy-s26nin-tanitim-tarihi-netlesiyor-25-subat-iddiasi-guclendi\/","title":{"rendered":"Samsung Galaxy S26&#8217;n\u0131n tan\u0131t\u0131m tarihi netle\u015fiyor. 25 \u015eubat iddias\u0131 g\u00fc\u00e7lendi"},"content":{"rendered":"<p> <br \/>\n<\/p>\n<div>\n<p>K\u0131sa s\u00fcre \u00f6nce G\u00fcney Kore bas\u0131n\u0131nda yer alan haberlerde <a href=\"https:\/\/www.ntv.com.tr\/haberleri\/samsung\" class=\"text-light-blue hover:underline\" target=\"_blank\" rel=\"\">Samsung<\/a> Galaxy S26 serisinin 25 \u015eubat\u2019ta tan\u0131t\u0131laca\u011f\u0131 \u00f6ne s\u00fcr\u00fclm\u00fc\u015ft\u00fc. \u015eimdi ayn\u0131 tarih, <a href=\"https:\/\/www.ntv.com.tr\/haberleri\/akilli-telefon\" class=\"text-light-blue hover:underline\" target=\"_blank\" rel=\"\">ak\u0131ll\u0131 telefon<\/a> d\u00fcnyas\u0131n\u0131n en g\u00fcvenilir s\u0131z\u0131nt\u0131 kaynaklar\u0131ndan biri taraf\u0131ndan bir kez daha do\u011fruland\u0131.<\/p>\n<p>S\u0131z\u0131nt\u0131lar\u0131yla tan\u0131nan Evan Blass, 25 \u015eubat tarihinin \u201cy\u00fczde 100 do\u011fru\u201d oldu\u011funu belirterek bu konuda son derece emin konu\u015ftu. Blass\u2019\u0131n ge\u00e7mi\u015fteki isabetli tahminleri g\u00f6z \u00f6n\u00fcne al\u0131nd\u0131\u011f\u0131nda, Galaxy S26 serisinin <a href=\"https:\/\/www.ntv.com.tr\/haberleri\/tanitim\" class=\"text-light-blue hover:underline\" target=\"_blank\" rel=\"\">tan\u0131t\u0131m<\/a> tarihi i\u00e7in \u015fu anki en g\u00fc\u00e7l\u00fc ihtimal 25 \u015eubat olarak \u00f6ne \u00e7\u0131k\u0131yor.<\/p>\n<p>\u00a0<\/p>\n<p><strong>F\u0130YAT ARTI\u015eI G\u00dcNDEMDE<\/strong><\/p>\n<p>\u00a0<\/p>\n<p>Son s\u0131z\u0131nt\u0131lar, Galaxy S26 serisinin ucuz olmayaca\u011f\u0131n\u0131, hatta seleflerinden daha pahal\u0131 olabilece\u011fini g\u00f6steriyor.<\/p>\n<p>\u00a0<\/p>\n<p>G\u00fcney Kore merkezli FN News\u2019in aktard\u0131\u011f\u0131na g\u00f6re, Samsung Galaxy S26 serisinin tamam\u0131 G\u00fcney Kore\u2019de Galaxy S25 serisine k\u0131yasla 30 ila 50 dolar aras\u0131nda bir fiyat art\u0131\u015f\u0131yla sat\u0131labilir. Bu art\u0131\u015f\u0131n di\u011fer pazarlara yans\u0131y\u0131p yans\u0131mayaca\u011f\u0131 ise hen\u00fcz net de\u011fil.<\/p>\n<p>\u00a0<\/p>\n<p>\u00d6te yandan, daha \u00f6nce ortaya \u00e7\u0131kan ba\u015fka bir s\u0131z\u0131nt\u0131da fiyatlar\u0131n de\u011fi\u015fmeyece\u011fi iddia ediliyordu. Bu nedenle fiyat konusu belirsiz.<\/p>\n<p>\u00a0<\/p>\n<p>Ancak Galaxy S26 serisi ger\u00e7ekten 25 \u015eubat\u2019ta tan\u0131t\u0131l\u0131rsa, resmi fiyatlar\u0131 \u00f6\u011frenmek i\u00e7in \u00e7ok uzun s\u00fcre beklemek gerekmeyecek.<\/p>\n<\/div>\n<p><br \/>\n<br \/><a href=\"https:\/\/www.ntv.com.tr\/teknoloji\/samsung-galaxy-s26nin-tanitim-tarihi-netlesiyor-25-subat-iddiasi-guclendi-1706526\"><\/a><\/p>\n","protected":false},"excerpt":{"rendered":"<p>K\u0131sa s\u00fcre \u00f6nce G\u00fcney Kore bas\u0131n\u0131nda yer alan haberlerde Samsung Galaxy S26 serisinin 25 \u015eubat\u2019ta tan\u0131t\u0131laca\u011f\u0131 \u00f6ne s\u00fcr\u00fclm\u00fc\u015ft\u00fc. \u015eimdi ayn\u0131 tarih, ak\u0131ll\u0131 telefon d\u00fcnyas\u0131n\u0131n en g\u00fcvenilir s\u0131z\u0131nt\u0131 kaynaklar\u0131ndan biri taraf\u0131ndan bir kez daha do\u011fruland\u0131. S\u0131z\u0131nt\u0131lar\u0131yla tan\u0131nan Evan Blass, 25 \u015eubat tarihinin \u201cy\u00fczde 100 do\u011fru\u201d oldu\u011funu belirterek bu konuda son derece emin konu\u015ftu. Blass\u2019\u0131n ge\u00e7mi\u015fteki isabetli [&hellip;]<\/p>\n","protected":false},"author":908,"featured_media":36903,"comment_status":"open","ping_status":"open","sticky":false,"template":"","format":"standard","meta":{"_jetpack_memberships_contains_paid_content":false,"footnotes":"","jetpack_publicize_message":"","jetpack_publicize_feature_enabled":true,"jetpack_social_post_already_shared":true,"jetpack_social_options":{"image_generator_settings":{"template":"highway","default_image_id":0,"font":"","enabled":false},"version":2}},"categories":[12],"tags":[],"class_list":["post-36902","post","type-post","status-publish","format-standard","has-post-thumbnail","hentry","category-teknoloji"],"jetpack_publicize_connections":[],"jetpack_featured_media_url":"https:\/\/kibrisayna.com\/wp-content\/uploads\/2026\/01\/Samsung-125489.jpeg","jetpack_sharing_enabled":true,"_links":{"self":[{"href":"https:\/\/kibrisayna.com\/index.php\/wp-json\/wp\/v2\/posts\/36902","targetHints":{"allow":["GET"]}}],"collection":[{"href":"https:\/\/kibrisayna.com\/index.php\/wp-json\/wp\/v2\/posts"}],"about":[{"href":"https:\/\/kibrisayna.com\/index.php\/wp-json\/wp\/v2\/types\/post"}],"author":[{"embeddable":true,"href":"https:\/\/kibrisayna.com\/index.php\/wp-json\/wp\/v2\/users\/908"}],"replies":[{"embeddable":true,"href":"https:\/\/kibrisayna.com\/index.php\/wp-json\/wp\/v2\/comments?post=36902"}],"version-history":[{"count":0,"href":"https:\/\/kibrisayna.com\/index.php\/wp-json\/wp\/v2\/posts\/36902\/revisions"}],"wp:featuredmedia":[{"embeddable":true,"href":"https:\/\/kibrisayna.com\/index.php\/wp-json\/wp\/v2\/media\/36903"}],"wp:attachment":[{"href":"https:\/\/kibrisayna.com\/index.php\/wp-json\/wp\/v2\/media?parent=36902"}],"wp:term":[{"taxonomy":"category","embeddable":true,"href":"https:\/\/kibrisayna.com\/index.php\/wp-json\/wp\/v2\/categories?post=36902"},{"taxonomy":"post_tag","embeddable":true,"href":"https:\/\/kibrisayna.com\/index.php\/wp-json\/wp\/v2\/tags?post=36902"}],"curies":[{"name":"wp","href":"https:\/\/api.w.org\/{rel}","templated":true}]}}