{"id":36884,"date":"2026-01-06T12:12:02","date_gmt":"2026-01-06T09:12:02","guid":{"rendered":"https:\/\/kibrisayna.com\/index.php\/2026\/01\/06\/en-ucuz-otomobillerden-biriydi-hyundai-i10un-uretimi-durdu\/"},"modified":"2026-01-06T12:12:02","modified_gmt":"2026-01-06T09:12:02","slug":"en-ucuz-otomobillerden-biriydi-hyundai-i10un-uretimi-durdu","status":"publish","type":"post","link":"https:\/\/kibrisayna.com\/index.php\/2026\/01\/06\/en-ucuz-otomobillerden-biriydi-hyundai-i10un-uretimi-durdu\/","title":{"rendered":"En ucuz otomobillerden biriydi. Hyundai i10&#8217;un \u00fcretimi durdu"},"content":{"rendered":"<p> <br \/>\n<br \/><img decoding=\"async\" src=\"https:\/\/images.ntv.com.tr\/images\/h1-774845.jpg?width=930&amp;format=webp\" class=\"type:primaryImage\" alt=\"En ucuz otomobillerden biriydi. Hyundai i10'un \u00fcretimi durdu\" \/><\/p>\n<p>T\u00fcrkiye&#8217;de en \u00e7ok sevilen A segment ara\u00e7lar aras\u0131nda yer alan i10 art\u0131k \u00fcretilmeyecek.<\/p>\n<p>T\u00fcrkiye&#8217;nin en ucuz A segment ara\u00e7lar\u0131 aras\u0131nda olan ve sat\u0131\u015flar\u0131 y\u00fcksek seyreden Hyundai i10&#8217;un sonu geldi. Hyundai, i10&#8217;un \u00fcretilmeyece\u011fini ifade etti.<\/p>\n<p>&nbsp;<\/p>\n<p>Hyundai i10 en ucuz otomobiller aras\u0131nda yer al\u0131yordu.<\/p>\n<p><span>11 AYDA A SEGMENTE OLAN TALEP Y\u00dcZDE 13,5 D\u00dc\u015eT\u00dc<\/span><\/p>\n<p>T\u00fcrkiye&#8217;de, Kas\u0131m 2024-Kas\u0131m 2025 tarihleri aras\u0131 incelendi\u011finde A segmentindeki ara\u00e7lar\u0131n sat\u0131\u015flar\u0131 y\u00fczde 13,5 oran\u0131nda d\u00fc\u015f\u00fc\u015f g\u00f6sterdi. 2024 Kas\u0131m&#8217;da 11 ayda toplamda 4 bin 423 adet sat\u0131lan A segment ara\u00e7lar ge\u00e7ti\u011fimiz Ocak-Kas\u0131m d\u00f6neminde 3 bin 825 adete kadar gerilemi\u015f ve y\u00fczde 13,5&#8217;lik sat\u0131\u015f kayb\u0131 ya\u015fam\u0131\u015ft\u0131.<\/p>\n<p><span>\u00c7OK K\u00dc\u00c7\u00dcK VE HAC\u0130MLER\u0130 AZ<\/span><\/p>\n<p>A segment ara\u00e7lar \u00fclkemizde tutulmuyor. \u00c7ok k\u00fc\u00e7\u00fck olu\u015flar\u0131, arka koltukta diz mesafesinin \u00e7ok k\u0131sa olmas\u0131, motor hacimlerinin yetersiz kalmas\u0131, bagajlar\u0131n\u0131n neredeyse yok denilecek kadar az olmas\u0131ndan \u00f6t\u00fcr\u00fc A segment ara\u00e7lar piyasada yer edinemiyor.<\/p>\n<p><br \/>\n<br \/><a href=\"https:\/\/www.ntv.com.tr\/galeri\/otomobil\/en-ucuz-otomobillerden-biriydi-hyundai-i10un-uretimi-durdu-1706317\"><\/a><\/p>\n","protected":false},"excerpt":{"rendered":"<p>T\u00fcrkiye&#8217;de en \u00e7ok sevilen A segment ara\u00e7lar aras\u0131nda yer alan i10 art\u0131k \u00fcretilmeyecek. T\u00fcrkiye&#8217;nin en ucuz A segment ara\u00e7lar\u0131 aras\u0131nda olan ve sat\u0131\u015flar\u0131 y\u00fcksek seyreden Hyundai i10&#8217;un sonu geldi. Hyundai, i10&#8217;un \u00fcretilmeyece\u011fini ifade etti. &nbsp; Hyundai i10 en ucuz otomobiller aras\u0131nda yer al\u0131yordu. 11 AYDA A SEGMENTE OLAN TALEP Y\u00dcZDE 13,5 D\u00dc\u015eT\u00dc T\u00fcrkiye&#8217;de, Kas\u0131m 2024-Kas\u0131m [&hellip;]<\/p>\n","protected":false},"author":908,"featured_media":36885,"comment_status":"open","ping_status":"open","sticky":false,"template":"","format":"standard","meta":{"_jetpack_memberships_contains_paid_content":false,"footnotes":"","jetpack_publicize_message":"","jetpack_publicize_feature_enabled":true,"jetpack_social_post_already_shared":true,"jetpack_social_options":{"image_generator_settings":{"template":"highway","default_image_id":0,"font":"","enabled":false},"version":2}},"categories":[13],"tags":[],"class_list":["post-36884","post","type-post","status-publish","format-standard","has-post-thumbnail","hentry","category-otomobil"],"jetpack_publicize_connections":[],"jetpack_featured_media_url":"https:\/\/kibrisayna.com\/wp-content\/uploads\/2026\/01\/h1-774845.jpg","jetpack_sharing_enabled":true,"_links":{"self":[{"href":"https:\/\/kibrisayna.com\/index.php\/wp-json\/wp\/v2\/posts\/36884","targetHints":{"allow":["GET"]}}],"collection":[{"href":"https:\/\/kibrisayna.com\/index.php\/wp-json\/wp\/v2\/posts"}],"about":[{"href":"https:\/\/kibrisayna.com\/index.php\/wp-json\/wp\/v2\/types\/post"}],"author":[{"embeddable":true,"href":"https:\/\/kibrisayna.com\/index.php\/wp-json\/wp\/v2\/users\/908"}],"replies":[{"embeddable":true,"href":"https:\/\/kibrisayna.com\/index.php\/wp-json\/wp\/v2\/comments?post=36884"}],"version-history":[{"count":0,"href":"https:\/\/kibrisayna.com\/index.php\/wp-json\/wp\/v2\/posts\/36884\/revisions"}],"wp:featuredmedia":[{"embeddable":true,"href":"https:\/\/kibrisayna.com\/index.php\/wp-json\/wp\/v2\/media\/36885"}],"wp:attachment":[{"href":"https:\/\/kibrisayna.com\/index.php\/wp-json\/wp\/v2\/media?parent=36884"}],"wp:term":[{"taxonomy":"category","embeddable":true,"href":"https:\/\/kibrisayna.com\/index.php\/wp-json\/wp\/v2\/categories?post=36884"},{"taxonomy":"post_tag","embeddable":true,"href":"https:\/\/kibrisayna.com\/index.php\/wp-json\/wp\/v2\/tags?post=36884"}],"curies":[{"name":"wp","href":"https:\/\/api.w.org\/{rel}","templated":true}]}}