{"id":36875,"date":"2026-01-05T19:44:29","date_gmt":"2026-01-05T16:44:29","guid":{"rendered":"https:\/\/kibrisayna.com\/index.php\/2026\/01\/05\/apple-kullanicilari-hareketli-bir-yil-gecirecek-iste-beklenen-urunler\/"},"modified":"2026-01-05T19:44:29","modified_gmt":"2026-01-05T16:44:29","slug":"apple-kullanicilari-hareketli-bir-yil-gecirecek-iste-beklenen-urunler","status":"publish","type":"post","link":"https:\/\/kibrisayna.com\/index.php\/2026\/01\/05\/apple-kullanicilari-hareketli-bir-yil-gecirecek-iste-beklenen-urunler\/","title":{"rendered":"Apple kullan\u0131c\u0131lar\u0131 hareketli bir y\u0131l ge\u00e7irecek. \u0130\u015fte beklenen \u00fcr\u00fcnler"},"content":{"rendered":"<p> <br \/>\n<\/p>\n<div>\n<p><a href=\"https:\/\/www.ntv.com.tr\/haberleri\/apple\" class=\"text-light-blue hover:underline\" target=\"_blank\" rel=\"\">Apple<\/a> i\u00e7in 2024 ve 2025, beklentilerle sonu\u00e7lar\u0131n zaman zaman uyu\u015fmad\u0131\u011f\u0131 \u00e7alkant\u0131l\u0131 y\u0131llar olarak kayda ge\u00e7ti.<\/p>\n<p>\u00a0<\/p>\n<p>\u015eirketin b\u00fcy\u00fck umut ba\u011flad\u0131\u011f\u0131 yapay zeka ve karma ger\u00e7eklik projeleri hayal k\u0131r\u0131kl\u0131\u011f\u0131 yarat\u0131rken, daha uygun fiyatl\u0131 \u00fcr\u00fcnler beklenmedik ba\u015far\u0131lar elde etti.<\/p>\n<p>\u00a0<\/p>\n<p>\u015eimdi g\u00f6zler, Apple\u2019\u0131n gelece\u011fini \u015fekillendirecek 2026 y\u0131l\u0131na \u00e7evrilmi\u015f durumda. Macworld\u2019e g\u00f6re s\u0131z\u0131nt\u0131lar, Apple kullan\u0131c\u0131lar\u0131n\u0131n hareketli bir y\u0131l ge\u00e7irece\u011fini g\u00f6steriyor.<\/p>\n<p>\u00a0<\/p>\n<p><strong>VR G\u00d6ZL\u00dcKLER\u0130 BEKLENT\u0130Y\u0130 KAR\u015eILAMADI<\/strong><\/p>\n<p>\u00a0<\/p>\n<p>Apple\u2019\u0131n \u201cgelece\u011fin platformlar\u0131\u201d olarak konumland\u0131rd\u0131\u011f\u0131 Vision Pro ve Apple Intelligence, \u015fu ana kadar ticari ve teknolojik a\u00e7\u0131dan s\u0131n\u0131rl\u0131 etki yaratt\u0131.<\/p>\n<p>\u00a0<\/p>\n<p>Vision Pro, y\u00fcksek fiyat\u0131, a\u011f\u0131rl\u0131\u011f\u0131 ve pil \u00f6mr\u00fc nedeniyle ni\u015f bir konsept \u00fcr\u00fcn\u00fc olarak kal\u0131rken; Apple Intelligence, rakip \u015firketlerin yapay zeka \u00e7\u00f6z\u00fcmlerinin gerisinde seyrediyor.<\/p>\n<p>\u00a0<\/p>\n<p>Uzmanlara g\u00f6re bu iki alandan en az birinin 2026\u2019da somut ba\u015far\u0131 sa\u011flamas\u0131, Apple\u2019\u0131n teknoloji liderli\u011fi iddias\u0131n\u0131 korumas\u0131 a\u00e7\u0131s\u0131ndan kritik.<\/p>\n<p>\u00a0<\/p>\n<p><strong>GEC\u0130KEN S\u0130R\u0130 UMUDU<\/strong><\/p>\n<p>\u00a0<\/p>\n<p>Apple cephesinde en acil beklenti, uzun s\u00fcredir vaat edilen yapay zeka destekli yeni Siri. S\u0131zan yaz\u0131l\u0131m kodlar\u0131na g\u00f6re Siri 2.0\u2019\u0131n 2026 bahar\u0131nda kullan\u0131ma sunulmas\u0131 bekleniyor. Bu, planlanandan yakla\u015f\u0131k 18 ay gecikme anlam\u0131na geliyor.<\/p>\n<p>\u00a0<\/p>\n<p>Gecikme, hem Apple\u2019\u0131n vizyonuna duyulan g\u00fcveni zedeledi hem de mevcut Siri\u2019nin zay\u0131f performans\u0131n\u0131n daha fazla ele\u015ftirilmesine yol a\u00e7t\u0131. Yeni s\u00fcr\u00fcm, ba\u011flamsal a\u00e7\u0131dan daha ak\u0131ll\u0131 ve kullan\u0131c\u0131y\u0131 ger\u00e7ekten anlayan bir asistan sunmay\u0131 ba\u015farabilirse, Apple i\u00e7in g\u00fcven tazeleme s\u00fcreci ba\u015flayabilir.<\/p>\n<p>\u00a0<\/p>\n<p><strong>SIRADA AKILLI G\u00d6ZL\u00dcKLER M\u0130 VAR?<\/strong><\/p>\n<p>\u00a0<\/p>\n<p>2026\u2019da daha hafif ve yeniden tasarlanm\u0131\u015f bir Vision Pro modeli beklenmiyor. Ancak bu projenin ask\u0131ya al\u0131nmas\u0131, uzun s\u00fcredir konu\u015fulan Apple ak\u0131ll\u0131 g\u00f6zl\u00fcklerinin ortaya \u00e7\u0131kmas\u0131n\u0131 h\u0131zland\u0131rabilir.<\/p>\n<p>\u00a0<\/p>\n<p>Ak\u0131ll\u0131 g\u00f6zl\u00fckler, Vision Pro kadar s\u00fcr\u00fckleyici bir deneyim sunmasa da g\u00fcnl\u00fck kullan\u0131m a\u00e7\u0131s\u0131ndan \u00e7ok daha eri\u015filebilir olabilir.<\/p>\n<p>\u00a0<\/p>\n<p>Vision Pro\u2019nun ana ak\u0131m bir cihaz olmas\u0131n\u0131 engelleyen a\u011f\u0131rl\u0131k, pil ve fiyat sorunlar\u0131 d\u00fc\u015f\u00fcn\u00fcld\u00fc\u011f\u00fcnde, Apple g\u00f6zl\u00fckleri \u015firket i\u00e7in daha geni\u015f kitlelere a\u00e7\u0131lan yeni bir kap\u0131 olabilir. 2026, bu alanda ilk somut ad\u0131mlar\u0131n at\u0131ld\u0131\u011f\u0131 y\u0131l olabilir.<\/p>\n<p>\u00a0<\/p>\n<p><strong>IPHONE \u0130\u00c7\u0130N \u201cYA TAMAM YA DEVAM YILI\u201d<\/strong><\/p>\n<p>\u00a0<\/p>\n<p>Apple\u2019\u0131n as\u0131l gelir kayna\u011f\u0131 olan iPhone, 2026\u2019da da \u015firketin kaderini belirleyecek. 2025\u2019in en b\u00fcy\u00fck hayal k\u0131r\u0131kl\u0131klar\u0131 olan iPhone Air ve iPhone 16e, bu y\u0131l telafi \u015fans\u0131 yakalayabilir.<\/p>\n<p>\u00a0<\/p>\n<p>iPhone 16e, Apple Intelligence\u2019\u0131 uygun fiyatl\u0131 bir modele getirme hedefi nedeniyle pahal\u0131ya mal oldu. G\u00fc\u00e7l\u00fc i\u015flemci ve y\u00fcksek RAM gereksinimi, cihaz\u0131n fiyat\u0131n\u0131 y\u00fckseltti. Buna ra\u011fmen \u00e7oklu arka kamera ve MagSafe gibi temel \u00f6zelliklerin eksikli\u011fi de ele\u015ftiri konusu oldu.<\/p>\n<p>\u00a0<\/p>\n<p>Uzmanlara g\u00f6re iPhone 17e, bu hatalardan ders \u00e7\u0131karmak zorunda; aksi h\u00e2lde Apple, b\u00fct\u00e7e telefon pazar\u0131ndaki iddias\u0131n\u0131 kaybedebilir.<\/p>\n<p>\u00a0<\/p>\n<p>iPhone Air ise gelece\u011fi tart\u0131\u015fmal\u0131 bir \u00fcr\u00fcn olarak g\u00f6r\u00fcl\u00fcyor. 2026\u2019da ikinci nesil bir model gelse bile, tasar\u0131m anlay\u0131\u015f\u0131nda k\u00f6kl\u00fc bir de\u011fi\u015fiklik yap\u0131lmad\u0131\u011f\u0131 s\u00fcrece geni\u015f kitlelere ula\u015fmas\u0131 zor g\u00f6r\u00fcn\u00fcyor.<\/p>\n<p>Buna kar\u015f\u0131n, iPhone Air\u2019in geli\u015ftirilmesi s\u0131ras\u0131nda elde edilen teknolojik kazan\u0131mlar\u0131n ba\u015fka bir hedef i\u00e7in kritik oldu\u011fu belirtiliyor: Apple\u2019\u0131n ilk katlanabilir telefonu.<\/p>\n<p>\u00a0<\/p>\n<p>Sekt\u00f6r beklentilerine g\u00f6re ilk katlanabilir iPhone (iPhone Fold), 2026 sonbahar\u0131nda tan\u0131t\u0131labilir. Cihaz\u0131n y\u00fcksek fiyat\u0131 nedeniyle ba\u015flang\u0131\u00e7ta s\u0131n\u0131rl\u0131 bir kitleye hitap etmesi bekleniyor. Ancak Apple i\u00e7in as\u0131l hedef, pazara hemen lider olmak de\u011fil; katlanabilir telefon segmentinde yer edinmek ve deneyim kazanmak.<\/p>\n<p>\u00a0<\/p>\n<p>Uzmanlara g\u00f6re ilk nesil iPhone Fold kusurlu olsa bile bu bir felaket say\u0131lmayacak. \u00c7\u00fcnk\u00fc katlanabilir telefonlar, geli\u015fmeye a\u00e7\u0131k bir alan ve ger\u00e7ek bir kullan\u0131c\u0131 talebine dayan\u0131yor.<\/p>\n<p>\u00a0<\/p>\n<p><strong>MAC G\u00dc\u00c7L\u00dc AMA \u0130ST\u0130SNA VAR<\/strong><\/p>\n<p>\u00a0<\/p>\n<p>Apple\u2019\u0131n Mac \u00fcr\u00fcn grubu 2025\u2019te g\u00fc\u00e7l\u00fc bir performans sergiledi. M5 \u00e7ipinin sundu\u011fu g\u00fc\u00e7 ve verimlilik, \u00f6zellikle MacBook Pro ve Mac Studio modellerini iyi bir konuma ta\u015f\u0131d\u0131.<\/p>\n<p>\u00a0<\/p>\n<p>Ancak Mac Pro, h\u00e2l\u00e2 eski M2 Ultra donan\u0131m\u0131yla ele\u015ftiriliyor. Uzmanlara g\u00f6re Apple, 2026\u2019da bu modele ciddi bir g\u00fcncelleme yapmal\u0131 ya da \u00fcr\u00fcn\u00fc sessizce emekliye ay\u0131rmal\u0131. Ayr\u0131ca iPhone i\u015flemcisiyle donat\u0131lmas\u0131 beklenen uygun fiyatl\u0131 bir MacBook\u2019un, iPhone 16e\u2019nin d\u00fc\u015ft\u00fc\u011f\u00fc hatalar\u0131 tekrarlamamas\u0131 gerekti\u011fi vurgulan\u0131yor.<\/p>\n<p>\u00a0<\/p>\n<p>2026, Apple i\u00e7in son derece yo\u011fun bir y\u0131l olacak. Yeni Siri, ak\u0131ll\u0131 g\u00f6zl\u00fckler, iPhone 17e, katlanabilir iPhone ve yeni MacBook modellerinin yan\u0131 s\u0131ra her zamanki gibi yeni iPad ve Apple Watch\u2019lar\u0131n da tan\u0131t\u0131lmas\u0131 bekleniyor.<\/p>\n<p>\u00a0<\/p>\n<p>Hatta uzun s\u00fcredir s\u00f6ylentisi dola\u015fan HomePad ve daha sade tasarlanm\u0131\u015f i\u015fletim sistemi g\u00fcncellemeleri bile g\u00fcndeme gelebilir.<\/p>\n<p>\u00a0<\/p>\n<\/div>\n<p><br \/>\n<br \/><a href=\"https:\/\/www.ntv.com.tr\/teknoloji\/apple-kullanicilari-hareketli-bir-yil-gecirecek-iste-beklenen-urunler-1706213\"><\/a><\/p>\n","protected":false},"excerpt":{"rendered":"<p>Apple i\u00e7in 2024 ve 2025, beklentilerle sonu\u00e7lar\u0131n zaman zaman uyu\u015fmad\u0131\u011f\u0131 \u00e7alkant\u0131l\u0131 y\u0131llar olarak kayda ge\u00e7ti. \u00a0 \u015eirketin b\u00fcy\u00fck umut ba\u011flad\u0131\u011f\u0131 yapay zeka ve karma ger\u00e7eklik projeleri hayal k\u0131r\u0131kl\u0131\u011f\u0131 yarat\u0131rken, daha uygun fiyatl\u0131 \u00fcr\u00fcnler beklenmedik ba\u015far\u0131lar elde etti. \u00a0 \u015eimdi g\u00f6zler, Apple\u2019\u0131n gelece\u011fini \u015fekillendirecek 2026 y\u0131l\u0131na \u00e7evrilmi\u015f durumda. Macworld\u2019e g\u00f6re s\u0131z\u0131nt\u0131lar, Apple kullan\u0131c\u0131lar\u0131n\u0131n hareketli bir y\u0131l [&hellip;]<\/p>\n","protected":false},"author":908,"featured_media":36876,"comment_status":"open","ping_status":"open","sticky":false,"template":"","format":"standard","meta":{"_jetpack_memberships_contains_paid_content":false,"footnotes":"","jetpack_publicize_message":"","jetpack_publicize_feature_enabled":true,"jetpack_social_post_already_shared":true,"jetpack_social_options":{"image_generator_settings":{"template":"highway","default_image_id":0,"font":"","enabled":false},"version":2}},"categories":[12],"tags":[],"class_list":["post-36875","post","type-post","status-publish","format-standard","has-post-thumbnail","hentry","category-teknoloji"],"jetpack_publicize_connections":[],"jetpack_featured_media_url":"https:\/\/kibrisayna.com\/wp-content\/uploads\/2026\/01\/C4B0phone-3012493.jpg","jetpack_sharing_enabled":true,"_links":{"self":[{"href":"https:\/\/kibrisayna.com\/index.php\/wp-json\/wp\/v2\/posts\/36875","targetHints":{"allow":["GET"]}}],"collection":[{"href":"https:\/\/kibrisayna.com\/index.php\/wp-json\/wp\/v2\/posts"}],"about":[{"href":"https:\/\/kibrisayna.com\/index.php\/wp-json\/wp\/v2\/types\/post"}],"author":[{"embeddable":true,"href":"https:\/\/kibrisayna.com\/index.php\/wp-json\/wp\/v2\/users\/908"}],"replies":[{"embeddable":true,"href":"https:\/\/kibrisayna.com\/index.php\/wp-json\/wp\/v2\/comments?post=36875"}],"version-history":[{"count":0,"href":"https:\/\/kibrisayna.com\/index.php\/wp-json\/wp\/v2\/posts\/36875\/revisions"}],"wp:featuredmedia":[{"embeddable":true,"href":"https:\/\/kibrisayna.com\/index.php\/wp-json\/wp\/v2\/media\/36876"}],"wp:attachment":[{"href":"https:\/\/kibrisayna.com\/index.php\/wp-json\/wp\/v2\/media?parent=36875"}],"wp:term":[{"taxonomy":"category","embeddable":true,"href":"https:\/\/kibrisayna.com\/index.php\/wp-json\/wp\/v2\/categories?post=36875"},{"taxonomy":"post_tag","embeddable":true,"href":"https:\/\/kibrisayna.com\/index.php\/wp-json\/wp\/v2\/tags?post=36875"}],"curies":[{"name":"wp","href":"https:\/\/api.w.org\/{rel}","templated":true}]}}