{"id":36863,"date":"2026-01-02T17:46:59","date_gmt":"2026-01-02T14:46:59","guid":{"rendered":"https:\/\/kibrisayna.com\/index.php\/2026\/01\/02\/elektrikli-araclarda-norvec-zirveye-yerlesti-turkiyede-traflte-ne-kadar-elektirikli-arac-var\/"},"modified":"2026-01-02T17:46:59","modified_gmt":"2026-01-02T14:46:59","slug":"elektrikli-araclarda-norvec-zirveye-yerlesti-turkiyede-traflte-ne-kadar-elektirikli-arac-var","status":"publish","type":"post","link":"https:\/\/kibrisayna.com\/index.php\/2026\/01\/02\/elektrikli-araclarda-norvec-zirveye-yerlesti-turkiyede-traflte-ne-kadar-elektirikli-arac-var\/","title":{"rendered":"Elektrikli ara\u00e7larda Norve\u00e7 zirveye yerle\u015fti. T\u00fcrkiye&#8217;de traf,lte ne kadar elektirikli ara\u00e7 var?"},"content":{"rendered":"<p> <br \/>\n<\/p>\n<div>\n<p>Norve\u00e7 bat\u0131 Avrupa&#8217;n\u0131n en b\u00fcy\u00fck petrol ihracat\u00e7\u0131s\u0131 olmas\u0131na ra\u011fmen elektrikli ara\u00e7lara ge\u00e7i\u015fte \u00f6nc\u00fc \u00fclkelerden biri oldu. 2025 y\u0131l\u0131 i\u00e7in s\u0131f\u0131r emisyonlu ara\u00e7lar\u0131n sat\u0131\u015f\u0131 i\u00e7in hedef belirlemi\u015fti. Bu hedefin neredeyse tamam\u0131n\u0131 tutturdu.<\/p>\n<p>\u00a0<\/p>\n<p>Norve\u00e7 Karayollar\u0131 Federasyonu (OFV) Cuma g\u00fcn\u00fc yapt\u0131\u011f\u0131 a\u00e7\u0131klamada, 2025 y\u0131l\u0131nda rekor say\u0131da 179.549 binek arac\u0131n tescil edildi\u011fini ve bu say\u0131n\u0131n 2021&#8217;de kaydedilen \u00f6nceki rekoru a\u015ft\u0131\u011f\u0131n\u0131 belirtti.<\/p>\n<p>\u00a0<\/p>\n<p>Aral\u0131k ay\u0131nda sat\u0131\u015flar\u0131n y\u00fczde 97,6&#8217;s\u0131n\u0131 elektrikli ara\u00e7lar olu\u015fturdu.<\/p>\n<p>\u00a0<\/p>\n<p>Tesla sat\u0131\u015flar\u0131 CEO Elon Musk&#8217;\u0131n siyas\u0131 hamlelerinden dolay\u0131 Avrupa&#8217;da d\u00fc\u015ft\u00fc. Ancak Norve\u00e7&#8217;te elektrikli ara\u00e7lara olan talepten dolay\u0131 bu d\u00fc\u015f\u00fc\u015f ya\u015fanmad\u0131. Tesla, Norve\u00e7 pazar\u0131ndaki lider konumunu peki\u015ftirerek toplam kay\u0131tlar\u0131n %19,1&#8217;ini elde etti.<\/p>\n<p>\u00a0<\/p>\n<p><strong>T\u00dcRK\u0130YE&#8217;DE ELEKTR\u0130KL\u0130 OTOMOB\u0130L ORANI<\/strong><\/p>\n<p>\u00a0<\/p>\n<p>T\u00fcrkiye&#8217;de s\u0131f\u0131r emisyonlu ara\u00e7lar\u0131n g\u00fcnden g\u00fcne art\u0131\u015f\u0131 s\u00fcr\u00fcyor. Otomobil sat\u0131\u015flar\u0131nda d\u00fc\u015f\u00fck emisyonlu ara\u00e7lar\u0131n oranlar\u0131, tam elektrikli otomobillerde y\u00fczde 9,2&#8217;den y\u00fczde 17,6&#8217;ya, hibritlerde y\u00fczde 17,4&#8217;ten y\u00fczde 26,9&#8217;a y\u00fckseldi.<\/p>\n<p>\u00a0<\/p>\n<p>Otomobiller tam elektrikli, uzat\u0131lm\u0131\u015f menzil elektrikli ve hibrit olarak ele al\u0131nd\u0131\u011f\u0131nda toplam pazar\u0131n y\u00fczde 44,7&#8217;sini olu\u015fturdu\u011fu, toplam sat\u0131\u015flar\u0131n\u0131n 418 bin 657&#8217;ye ula\u015ft\u0131\u011f\u0131 g\u00f6r\u00fcld\u00fc. B\u00f6ylelikle T\u00fcrkiye&#8217;de sat\u0131lan her 10 otomobilden 4&#8217;\u00fc elektrikli ya da hibrit ara\u00e7lardan olu\u015ftu.<\/p>\n<\/div>\n<p><br \/>\n<br \/><a href=\"https:\/\/www.ntv.com.tr\/otomobil\/elektrikli-araclarda-norvec-zirveye-yerlesti-turkiyede-traflte-ne-kadar-elektirikli-arac-var-1705809\"><\/a><\/p>\n","protected":false},"excerpt":{"rendered":"<p>Norve\u00e7 bat\u0131 Avrupa&#8217;n\u0131n en b\u00fcy\u00fck petrol ihracat\u00e7\u0131s\u0131 olmas\u0131na ra\u011fmen elektrikli ara\u00e7lara ge\u00e7i\u015fte \u00f6nc\u00fc \u00fclkelerden biri oldu. 2025 y\u0131l\u0131 i\u00e7in s\u0131f\u0131r emisyonlu ara\u00e7lar\u0131n sat\u0131\u015f\u0131 i\u00e7in hedef belirlemi\u015fti. Bu hedefin neredeyse tamam\u0131n\u0131 tutturdu. \u00a0 Norve\u00e7 Karayollar\u0131 Federasyonu (OFV) Cuma g\u00fcn\u00fc yapt\u0131\u011f\u0131 a\u00e7\u0131klamada, 2025 y\u0131l\u0131nda rekor say\u0131da 179.549 binek arac\u0131n tescil edildi\u011fini ve bu say\u0131n\u0131n 2021&#8217;de kaydedilen \u00f6nceki [&hellip;]<\/p>\n","protected":false},"author":908,"featured_media":36864,"comment_status":"open","ping_status":"open","sticky":false,"template":"","format":"standard","meta":{"_jetpack_memberships_contains_paid_content":false,"footnotes":"","jetpack_publicize_message":"","jetpack_publicize_feature_enabled":true,"jetpack_social_post_already_shared":true,"jetpack_social_options":{"image_generator_settings":{"template":"highway","default_image_id":0,"font":"","enabled":false},"version":2}},"categories":[13],"tags":[],"class_list":["post-36863","post","type-post","status-publish","format-standard","has-post-thumbnail","hentry","category-otomobil"],"jetpack_publicize_connections":[],"jetpack_featured_media_url":"https:\/\/kibrisayna.com\/wp-content\/uploads\/2026\/01\/thumbs_b_c_e4b0f2e045587b94e2777173ac26adf5-349461.jpg","jetpack_sharing_enabled":true,"_links":{"self":[{"href":"https:\/\/kibrisayna.com\/index.php\/wp-json\/wp\/v2\/posts\/36863","targetHints":{"allow":["GET"]}}],"collection":[{"href":"https:\/\/kibrisayna.com\/index.php\/wp-json\/wp\/v2\/posts"}],"about":[{"href":"https:\/\/kibrisayna.com\/index.php\/wp-json\/wp\/v2\/types\/post"}],"author":[{"embeddable":true,"href":"https:\/\/kibrisayna.com\/index.php\/wp-json\/wp\/v2\/users\/908"}],"replies":[{"embeddable":true,"href":"https:\/\/kibrisayna.com\/index.php\/wp-json\/wp\/v2\/comments?post=36863"}],"version-history":[{"count":0,"href":"https:\/\/kibrisayna.com\/index.php\/wp-json\/wp\/v2\/posts\/36863\/revisions"}],"wp:featuredmedia":[{"embeddable":true,"href":"https:\/\/kibrisayna.com\/index.php\/wp-json\/wp\/v2\/media\/36864"}],"wp:attachment":[{"href":"https:\/\/kibrisayna.com\/index.php\/wp-json\/wp\/v2\/media?parent=36863"}],"wp:term":[{"taxonomy":"category","embeddable":true,"href":"https:\/\/kibrisayna.com\/index.php\/wp-json\/wp\/v2\/categories?post=36863"},{"taxonomy":"post_tag","embeddable":true,"href":"https:\/\/kibrisayna.com\/index.php\/wp-json\/wp\/v2\/tags?post=36863"}],"curies":[{"name":"wp","href":"https:\/\/api.w.org\/{rel}","templated":true}]}}