{"id":36858,"date":"2026-01-02T14:38:58","date_gmt":"2026-01-02T11:38:58","guid":{"rendered":"https:\/\/kibrisayna.com\/index.php\/2026\/01\/02\/turkiyede-efsane-olmustu-honda-civicin-turkiyede-satislari-durdu\/"},"modified":"2026-01-02T14:38:58","modified_gmt":"2026-01-02T11:38:58","slug":"turkiyede-efsane-olmustu-honda-civicin-turkiyede-satislari-durdu","status":"publish","type":"post","link":"https:\/\/kibrisayna.com\/index.php\/2026\/01\/02\/turkiyede-efsane-olmustu-honda-civicin-turkiyede-satislari-durdu\/","title":{"rendered":"T\u00fcrkiye&#8217;de efsane olmu\u015ftu. Honda Civic&#8217;in T\u00fcrkiye&#8217;de sat\u0131\u015flar\u0131 durdu"},"content":{"rendered":"<p> <br \/>\n<\/p>\n<div>\n<p>Honda fiyat listesinden Civic modelini kald\u0131rd\u0131. Uzun y\u0131llard\u0131r T\u00fcrkiye&#8217;de sat\u0131\u015fta olan, fanlar\u0131 bulunan Civic 2026 y\u0131l\u0131nda sat\u0131lmayacak.<\/p>\n<p>\u00a0<\/p>\n<p>2025 y\u0131l\u0131nda Resmi Gazete&#8217;de yay\u0131mlanan kararla birlikte, Japonya men\u015feli otomobillere uygulanan g\u00fcmr\u00fck vergisi oranlar\u0131nda y\u00fczde 25 ve y\u00fczde 30 aras\u0131nda ek y\u00fck\u00fcml\u00fcl\u00fck uygulanmaya ba\u015flam\u0131\u015ft\u0131.<\/p>\n<p>\u00a0<\/p>\n<p>Bu da fiyat politikalar\u0131 \u00fczerinde etkili olmu\u015ftu. Distrib\u00fct\u00f6rlerin fedakarl\u0131klar\u0131yla markalar baz\u0131 modellerini sat\u0131\u015fa sunarken baz\u0131 modeller de sat\u0131\u015ftan \u00e7ekilmesi planlan\u0131yordu.<\/p>\n<p>\u00a0<\/p>\n<p>Honda&#8217;da da Civic modelini sat\u0131\u015ftan kald\u0131rm\u0131\u015f oldu.<\/p>\n<\/div>\n<p><br \/>\n<br \/><a href=\"https:\/\/www.ntv.com.tr\/galeri\/otomobil\/turkiyede-efsane-olmustu-honda-civicin-turkiyede-satislari-durdu-1705784\"><\/a><\/p>\n","protected":false},"excerpt":{"rendered":"<p>Honda fiyat listesinden Civic modelini kald\u0131rd\u0131. Uzun y\u0131llard\u0131r T\u00fcrkiye&#8217;de sat\u0131\u015fta olan, fanlar\u0131 bulunan Civic 2026 y\u0131l\u0131nda sat\u0131lmayacak. \u00a0 2025 y\u0131l\u0131nda Resmi Gazete&#8217;de yay\u0131mlanan kararla birlikte, Japonya men\u015feli otomobillere uygulanan g\u00fcmr\u00fck vergisi oranlar\u0131nda y\u00fczde 25 ve y\u00fczde 30 aras\u0131nda ek y\u00fck\u00fcml\u00fcl\u00fck uygulanmaya ba\u015flam\u0131\u015ft\u0131. \u00a0 Bu da fiyat politikalar\u0131 \u00fczerinde etkili olmu\u015ftu. Distrib\u00fct\u00f6rlerin fedakarl\u0131klar\u0131yla markalar baz\u0131 modellerini [&hellip;]<\/p>\n","protected":false},"author":908,"featured_media":36859,"comment_status":"open","ping_status":"open","sticky":false,"template":"","format":"standard","meta":{"_jetpack_memberships_contains_paid_content":false,"footnotes":"","jetpack_publicize_message":"","jetpack_publicize_feature_enabled":true,"jetpack_social_post_already_shared":true,"jetpack_social_options":{"image_generator_settings":{"template":"highway","default_image_id":0,"font":"","enabled":false},"version":2}},"categories":[13],"tags":[],"class_list":["post-36858","post","type-post","status-publish","format-standard","has-post-thumbnail","hentry","category-otomobil"],"jetpack_publicize_connections":[],"jetpack_featured_media_url":"https:\/\/kibrisayna.com\/wp-content\/uploads\/2026\/01\/hondaaa-501778.jpg","jetpack_sharing_enabled":true,"_links":{"self":[{"href":"https:\/\/kibrisayna.com\/index.php\/wp-json\/wp\/v2\/posts\/36858","targetHints":{"allow":["GET"]}}],"collection":[{"href":"https:\/\/kibrisayna.com\/index.php\/wp-json\/wp\/v2\/posts"}],"about":[{"href":"https:\/\/kibrisayna.com\/index.php\/wp-json\/wp\/v2\/types\/post"}],"author":[{"embeddable":true,"href":"https:\/\/kibrisayna.com\/index.php\/wp-json\/wp\/v2\/users\/908"}],"replies":[{"embeddable":true,"href":"https:\/\/kibrisayna.com\/index.php\/wp-json\/wp\/v2\/comments?post=36858"}],"version-history":[{"count":0,"href":"https:\/\/kibrisayna.com\/index.php\/wp-json\/wp\/v2\/posts\/36858\/revisions"}],"wp:featuredmedia":[{"embeddable":true,"href":"https:\/\/kibrisayna.com\/index.php\/wp-json\/wp\/v2\/media\/36859"}],"wp:attachment":[{"href":"https:\/\/kibrisayna.com\/index.php\/wp-json\/wp\/v2\/media?parent=36858"}],"wp:term":[{"taxonomy":"category","embeddable":true,"href":"https:\/\/kibrisayna.com\/index.php\/wp-json\/wp\/v2\/categories?post=36858"},{"taxonomy":"post_tag","embeddable":true,"href":"https:\/\/kibrisayna.com\/index.php\/wp-json\/wp\/v2\/tags?post=36858"}],"curies":[{"name":"wp","href":"https:\/\/api.w.org\/{rel}","templated":true}]}}