{"id":33561,"date":"2025-08-11T19:17:59","date_gmt":"2025-08-11T16:17:59","guid":{"rendered":"https:\/\/kibrisayna.com\/index.php\/2025\/08\/11\/dort-trafik-kazasi-dort-yarali-bir-tutuklu-bir-yasal-islem-brtk\/"},"modified":"2025-08-11T19:17:59","modified_gmt":"2025-08-11T16:17:59","slug":"dort-trafik-kazasi-dort-yarali-bir-tutuklu-bir-yasal-islem-brtk","status":"publish","type":"post","link":"https:\/\/kibrisayna.com\/index.php\/2025\/08\/11\/dort-trafik-kazasi-dort-yarali-bir-tutuklu-bir-yasal-islem-brtk\/","title":{"rendered":"D\u00f6rt trafik kazas\u0131\u2026 D\u00f6rt yaral\u0131, bir tutuklu, bir yasal i\u015flem \u2013 BRTK"},"content":{"rendered":"<p> <br \/>\n<\/p>\n<div>\n<div class=\"mariselle-image-container center\">\n                <img loading=\"lazy\" decoding=\"async\" width=\"971\" height=\"551\" class=\"lazy-image\" alt=\"\" sizes=\"auto, (max-width: 971px) 100vw, 971px\" src=\"https:\/\/brtk.net\/wp-content\/uploads\/2025\/08\/11\/1754915302161trafik-kazasi681272.jpg?ver=ba15a3e2f19031624fafd641d6e573e6\" srcset=\"https:\/\/brtk.net\/wp-content\/uploads\/2025\/08\/11\/1754915302161trafik-kazasi681272.jpg?ver=ba15a3e2f19031624fafd641d6e573e6 971w, https:\/\/brtk.net\/wp-content\/uploads\/2025\/08\/11\/1754915302161trafik-kazasi681272-300x170.jpg?ver=ba15a3e2f19031624fafd641d6e573e6 300w, https:\/\/brtk.net\/wp-content\/uploads\/2025\/08\/11\/1754915302161trafik-kazasi681272-768x436.jpg?ver=ba15a3e2f19031624fafd641d6e573e6 768w\"\/>                            <\/div>\n<p>KKTC\u2019de bug\u00fcn ve d\u00fcn meydana gelen d\u00f6rt trafik kazas\u0131nda d\u00f6rt ki\u015fi yaraland\u0131, alkoll\u00fc iki s\u00fcr\u00fcc\u00fcden biri tutukland\u0131, di\u011ferine yasal i\u015flem yap\u0131ld\u0131.<\/p>\n<p>Polis bas\u0131n b\u00fcltenine g\u00f6re, Karao\u011flano\u011flu\u2019nda bu sabah\u0131n erken saatlerinde meydana gelen kazada, 145 miligram alkoll\u00fc olan Eran Yoran Daner (E-32), y\u00f6netimindeki ML 482 plakal\u0131 ara\u00e7la dikkatsizce seyretti\u011fi s\u0131rada \u00f6n\u00fcnde ayn\u0131 istikamete do\u011fru seyreden ara\u00e7lar\u0131 sa\u011f\u0131ndan dola\u015fmaya \u00e7al\u0131\u015ft\u0131. Ara\u00e7, o esnada Mediha \u00c7elebi (K-30) y\u00f6netimindeki YD 660 plakal\u0131 araca, ard\u0131ndan Ahmet Sa\u00e7l\u0131 (E-30) y\u00f6netimindeki TYM 604 plakal\u0131 arac\u0131n arka k\u0131sm\u0131na \u00e7arpt\u0131. Kazada yaralanan olmad\u0131.<\/p>\n<p>ML 482 plakal\u0131 ara\u00e7 s\u00fcr\u00fcc\u00fcs\u00fc Eran Yoran Daner, alkoll\u00fc i\u00e7ki tesiri alt\u0131nda ara\u00e7 kullan\u0131p trafik kazas\u0131 yapmak su\u00e7lar\u0131ndan tutukland\u0131.<\/p>\n<p>\u2013 Alkol ve dikkatsizlik kaza getirdi<\/p>\n<p>Girne-Lefko\u015fa ana yolunda, d\u00fcn saat 17.30\u2019da, 79 miligram alkoll\u00fc olan Remzi Tosun (E-47) y\u00f6netimindeki PT 350 plakal\u0131 ara\u00e7la seyretti\u011fi s\u0131rada, dikkatsizli\u011fi sonucu direksiyon hakimiyetini kaybetti. Yoldan \u00e7\u0131kan ara\u00e7, bankette bulunan \u00e7am a\u011fac\u0131na \u00e7arpt\u0131. Kazada yaralanan ara\u00e7 s\u00fcr\u00fcc\u00fcs\u00fc, Lefko\u015fa Dr. Burhan Nalbanto\u011flu Devlet Hastanesi\u2019ne kald\u0131r\u0131larak tedavi alt\u0131na al\u0131nd\u0131.<\/p>\n<p>Ara\u00e7 s\u00fcr\u00fcc\u00fcs\u00fc aleyhinde alkoll\u00fc i\u00e7ki tesiri alt\u0131nda ara\u00e7 kullan\u0131p, trafik kazas\u0131 yapmak su\u00e7lar\u0131ndan yasal i\u015flem ba\u015flat\u0131ld\u0131.<\/p>\n<p>\u2013 Lefko\u015fa\u2019daki kazada iki ki\u015fi yaraland\u0131<\/p>\n<p>Lefko\u015fa\u2019da, d\u00fcn saat 19.00 s\u0131ralar\u0131nda, Zehra \u0130lhan (K-35), y\u00f6netimindeki YP 551 plakal\u0131 ara\u00e7la ana yolda seyreden ara\u00e7lara \u00f6ncelik hakk\u0131 vermeden dikkatsizce caddeye giri\u015f yapt\u0131. Ara\u00e7, o esnada cadde \u00fczerinde dikkatsiz \u015fekilde seyreden Muram Ahmed Hassan Idr\u0131s (K-23) y\u00f6netimindeki UC 935 plakal\u0131 arac\u0131n \u00f6n\u00fcn\u00fc t\u0131kamas\u0131 sonucu \u00e7arp\u0131\u015ft\u0131lar.<\/p>\n<p>Kazada yaralanan her iki ara\u00e7 s\u00fcr\u00fcc\u00fcs\u00fc, Yak\u0131n Do\u011fu \u00dcniversitesi Hastanesi\u2019ne kald\u0131r\u0131ld\u0131. Yaral\u0131lardan Zehra \u0130lhan tedavisinin ard\u0131ndan taburcu olurken, Muram Ahmed Hassan Idr\u0131s ise sa\u011f ayak bile\u011finde k\u0131r\u0131k te\u015fhisiyle acil serviste tedavi alt\u0131na al\u0131nd\u0131.<\/p>\n<p>\u2013 Motosiklet s\u00fcr\u00fcc\u00fcs\u00fc yaraland\u0131<\/p>\n<p>Girne-Lefko\u015fa ana yolunda, d\u00fcn saat 23.30\u2019da meydana gelen kazada ise, 97 miligram alkoll\u00fc olan Mesut Uluda\u011f (E-42), y\u00f6netimindeki ZD 823 plakal\u0131 motosikletle seyretti\u011fi s\u0131rada virajda direksiyon hakimiyetini kaybetti, yan k\u0131sm\u0131na devrildi.<\/p>\n<p>Kazada yaralanan motosiklet s\u00fcr\u00fcc\u00fcs\u00fc, Dr. Suat G\u00fcnsel Girne \u00dcniversitesi Hastanesi N\u00f6roloji Yo\u011fun Bak\u0131m Servisi\u2019nde tedavi alt\u0131na al\u0131nd\u0131.<\/p>\n<p>Polisin kazalarla ilgili soru\u015fturmas\u0131 s\u00fcr\u00fcyor.<\/p>\n<\/p><\/div>\n<p><script async\n                    defer\n                    crossorigin=\"anonymous\"\n                    src=\"https:\/\/connect.facebook.net\/tr_TR\/sdk.js#xfbml=1&#038;version=v3.3\"\n            ><\/script><br \/>\n<br \/><br \/>\n<br \/><a href=\"https:\/\/brtk.net\/dort-trafik-kazasi-dort-yarali-bir-tutuklu-bir-yasal-islem\/\"> <\/a><\/p>\n","protected":false},"excerpt":{"rendered":"<p>KKTC\u2019de bug\u00fcn ve d\u00fcn meydana gelen d\u00f6rt trafik kazas\u0131nda d\u00f6rt ki\u015fi yaraland\u0131, alkoll\u00fc iki s\u00fcr\u00fcc\u00fcden biri tutukland\u0131, di\u011ferine yasal i\u015flem yap\u0131ld\u0131. Polis bas\u0131n b\u00fcltenine g\u00f6re, Karao\u011flano\u011flu\u2019nda bu sabah\u0131n erken saatlerinde meydana gelen kazada, 145 miligram alkoll\u00fc olan Eran Yoran Daner (E-32), y\u00f6netimindeki ML 482 plakal\u0131 ara\u00e7la dikkatsizce seyretti\u011fi s\u0131rada \u00f6n\u00fcnde ayn\u0131 istikamete do\u011fru seyreden ara\u00e7lar\u0131 [&hellip;]<\/p>\n","protected":false},"author":908,"featured_media":33562,"comment_status":"open","ping_status":"open","sticky":false,"template":"","format":"standard","meta":{"_jetpack_memberships_contains_paid_content":false,"footnotes":"","jetpack_publicize_message":"","jetpack_publicize_feature_enabled":true,"jetpack_social_post_already_shared":true,"jetpack_social_options":{"image_generator_settings":{"template":"highway","default_image_id":0,"font":"","enabled":false},"version":2}},"categories":[253,19],"tags":[],"class_list":["post-33561","post","type-post","status-publish","format-standard","has-post-thumbnail","hentry","category-gundem","category-manset"],"jetpack_publicize_connections":[],"jetpack_featured_media_url":"https:\/\/kibrisayna.com\/wp-content\/uploads\/2025\/08\/1754915302161trafik-kazasi681272.jpg","jetpack_sharing_enabled":true,"_links":{"self":[{"href":"https:\/\/kibrisayna.com\/index.php\/wp-json\/wp\/v2\/posts\/33561","targetHints":{"allow":["GET"]}}],"collection":[{"href":"https:\/\/kibrisayna.com\/index.php\/wp-json\/wp\/v2\/posts"}],"about":[{"href":"https:\/\/kibrisayna.com\/index.php\/wp-json\/wp\/v2\/types\/post"}],"author":[{"embeddable":true,"href":"https:\/\/kibrisayna.com\/index.php\/wp-json\/wp\/v2\/users\/908"}],"replies":[{"embeddable":true,"href":"https:\/\/kibrisayna.com\/index.php\/wp-json\/wp\/v2\/comments?post=33561"}],"version-history":[{"count":0,"href":"https:\/\/kibrisayna.com\/index.php\/wp-json\/wp\/v2\/posts\/33561\/revisions"}],"wp:featuredmedia":[{"embeddable":true,"href":"https:\/\/kibrisayna.com\/index.php\/wp-json\/wp\/v2\/media\/33562"}],"wp:attachment":[{"href":"https:\/\/kibrisayna.com\/index.php\/wp-json\/wp\/v2\/media?parent=33561"}],"wp:term":[{"taxonomy":"category","embeddable":true,"href":"https:\/\/kibrisayna.com\/index.php\/wp-json\/wp\/v2\/categories?post=33561"},{"taxonomy":"post_tag","embeddable":true,"href":"https:\/\/kibrisayna.com\/index.php\/wp-json\/wp\/v2\/tags?post=33561"}],"curies":[{"name":"wp","href":"https:\/\/api.w.org\/{rel}","templated":true}]}}