{"id":33558,"date":"2025-08-11T19:06:54","date_gmt":"2025-08-11T16:06:54","guid":{"rendered":"https:\/\/kibrisayna.com\/index.php\/2025\/08\/11\/lefkosada-kayip-olarak-aranan-hasan-ertuz-olu-bulundu-brtk\/"},"modified":"2025-08-11T19:06:54","modified_gmt":"2025-08-11T16:06:54","slug":"lefkosada-kayip-olarak-aranan-hasan-ertuz-olu-bulundu-brtk","status":"publish","type":"post","link":"https:\/\/kibrisayna.com\/index.php\/2025\/08\/11\/lefkosada-kayip-olarak-aranan-hasan-ertuz-olu-bulundu-brtk\/","title":{"rendered":"Lefko\u015fa\u2019da kay\u0131p olarak aranan Hasan Ert\u00fcz \u00f6l\u00fc bulundu \u2013 BRTK"},"content":{"rendered":"<p> <br \/>\n<\/p>\n<div>\n<div class=\"mariselle-image-container center\">\n                <img loading=\"lazy\" decoding=\"async\" width=\"1600\" height=\"1081\" class=\"lazy-image\" alt=\"\" sizes=\"auto, (max-width: 1600px) 100vw, 1600px\" src=\"https:\/\/brtk.net\/wp-content\/uploads\/2025\/08\/11\/1754914641271olu-bulundu1-2.jpg?ver=80f871aaed60069e0207bd24e260b8c5\" srcset=\"https:\/\/brtk.net\/wp-content\/uploads\/2025\/08\/11\/1754914641271olu-bulundu1-2.jpg?ver=80f871aaed60069e0207bd24e260b8c5 1600w, https:\/\/brtk.net\/wp-content\/uploads\/2025\/08\/11\/1754914641271olu-bulundu1-2-300x203.jpg?ver=80f871aaed60069e0207bd24e260b8c5 300w, https:\/\/brtk.net\/wp-content\/uploads\/2025\/08\/11\/1754914641271olu-bulundu1-2-1024x692.jpg?ver=80f871aaed60069e0207bd24e260b8c5 1024w, https:\/\/brtk.net\/wp-content\/uploads\/2025\/08\/11\/1754914641271olu-bulundu1-2-768x519.jpg?ver=80f871aaed60069e0207bd24e260b8c5 768w, https:\/\/brtk.net\/wp-content\/uploads\/2025\/08\/11\/1754914641271olu-bulundu1-2-1536x1038.jpg?ver=5052acc3b5185e47dfb0d4fe60399c75 1536w\"\/>                            <\/div>\n<p>\nLefko\u015fa\u2019da, d\u00fcn, kay\u0131p oldu\u011fu bildirilen 83 ya\u015f\u0131ndaki Hasan Ert\u00fcz (E), bu sabah \u00f6l\u00fc bulundu.<\/p>\n<p>Polis bas\u0131n b\u00fcltenine g\u00f6re, Lefko\u015fa\u2019da G\u00fcltekin \u015eeng\u00f6r Sokak \u00fczerinde bir ara\u00e7 park yeri i\u00e7erisinde, saat 10.00 s\u0131ralar\u0131nda erkek bir \u015fahs\u0131n cans\u0131z bedeni bulundu.<\/p>\n<p>Y\u00fcr\u00fct\u00fclen ileri soru\u015fturmada s\u00f6z konusu \u015fahs\u0131n, kay\u0131p oldu\u011fu bildirilen Hasan Ert\u00fcz oldu\u011fu tespit edildi. Ert\u00fcz\u2019\u00fcn \u00f6l\u00fcm sebebi otopsi sonucunda tespit edilecek.<\/p>\n<p>Soru\u015fturma devam ediyor.<\/p>\n<\/p><\/div>\n<p><script async\n                    defer\n                    crossorigin=\"anonymous\"\n                    src=\"https:\/\/connect.facebook.net\/tr_TR\/sdk.js#xfbml=1&#038;version=v3.3\"\n            ><\/script><br \/>\n<br \/><br \/>\n<br \/><a href=\"https:\/\/brtk.net\/lefkosada-kayip-olarak-aranan-hasan-ertuz-olu-bulundu\/\"> <\/a><\/p>\n","protected":false},"excerpt":{"rendered":"<p>Lefko\u015fa\u2019da, d\u00fcn, kay\u0131p oldu\u011fu bildirilen 83 ya\u015f\u0131ndaki Hasan Ert\u00fcz (E), bu sabah \u00f6l\u00fc bulundu. Polis bas\u0131n b\u00fcltenine g\u00f6re, Lefko\u015fa\u2019da G\u00fcltekin \u015eeng\u00f6r Sokak \u00fczerinde bir ara\u00e7 park yeri i\u00e7erisinde, saat 10.00 s\u0131ralar\u0131nda erkek bir \u015fahs\u0131n cans\u0131z bedeni bulundu. Y\u00fcr\u00fct\u00fclen ileri soru\u015fturmada s\u00f6z konusu \u015fahs\u0131n, kay\u0131p oldu\u011fu bildirilen Hasan Ert\u00fcz oldu\u011fu tespit edildi. Ert\u00fcz\u2019\u00fcn \u00f6l\u00fcm sebebi otopsi [&hellip;]<\/p>\n","protected":false},"author":908,"featured_media":33559,"comment_status":"open","ping_status":"open","sticky":false,"template":"","format":"standard","meta":{"_jetpack_memberships_contains_paid_content":false,"footnotes":"","jetpack_publicize_message":"","jetpack_publicize_feature_enabled":true,"jetpack_social_post_already_shared":true,"jetpack_social_options":{"image_generator_settings":{"template":"highway","default_image_id":0,"font":"","enabled":false},"version":2}},"categories":[253,19],"tags":[],"class_list":["post-33558","post","type-post","status-publish","format-standard","has-post-thumbnail","hentry","category-gundem","category-manset"],"jetpack_publicize_connections":[],"jetpack_featured_media_url":"https:\/\/kibrisayna.com\/wp-content\/uploads\/2025\/08\/1754914641271olu-bulundu1-2.jpg","jetpack_sharing_enabled":true,"_links":{"self":[{"href":"https:\/\/kibrisayna.com\/index.php\/wp-json\/wp\/v2\/posts\/33558","targetHints":{"allow":["GET"]}}],"collection":[{"href":"https:\/\/kibrisayna.com\/index.php\/wp-json\/wp\/v2\/posts"}],"about":[{"href":"https:\/\/kibrisayna.com\/index.php\/wp-json\/wp\/v2\/types\/post"}],"author":[{"embeddable":true,"href":"https:\/\/kibrisayna.com\/index.php\/wp-json\/wp\/v2\/users\/908"}],"replies":[{"embeddable":true,"href":"https:\/\/kibrisayna.com\/index.php\/wp-json\/wp\/v2\/comments?post=33558"}],"version-history":[{"count":0,"href":"https:\/\/kibrisayna.com\/index.php\/wp-json\/wp\/v2\/posts\/33558\/revisions"}],"wp:featuredmedia":[{"embeddable":true,"href":"https:\/\/kibrisayna.com\/index.php\/wp-json\/wp\/v2\/media\/33559"}],"wp:attachment":[{"href":"https:\/\/kibrisayna.com\/index.php\/wp-json\/wp\/v2\/media?parent=33558"}],"wp:term":[{"taxonomy":"category","embeddable":true,"href":"https:\/\/kibrisayna.com\/index.php\/wp-json\/wp\/v2\/categories?post=33558"},{"taxonomy":"post_tag","embeddable":true,"href":"https:\/\/kibrisayna.com\/index.php\/wp-json\/wp\/v2\/tags?post=33558"}],"curies":[{"name":"wp","href":"https:\/\/api.w.org\/{rel}","templated":true}]}}