{"id":33309,"date":"2025-08-08T12:32:00","date_gmt":"2025-08-08T09:32:00","guid":{"rendered":"https:\/\/kibrisayna.com\/index.php\/2025\/08\/08\/iskele-belediyesi-ile-kibris-turk-kizilayinin-duzenledigi-bagis-kampanyasinda-36-unite-kan-toplandi-brtk\/"},"modified":"2025-08-08T12:32:00","modified_gmt":"2025-08-08T09:32:00","slug":"iskele-belediyesi-ile-kibris-turk-kizilayinin-duzenledigi-bagis-kampanyasinda-36-unite-kan-toplandi-brtk","status":"publish","type":"post","link":"https:\/\/kibrisayna.com\/index.php\/2025\/08\/08\/iskele-belediyesi-ile-kibris-turk-kizilayinin-duzenledigi-bagis-kampanyasinda-36-unite-kan-toplandi-brtk\/","title":{"rendered":"\u0130skele Belediyesi ile K\u0131br\u0131s T\u00fcrk K\u0131z\u0131lay\u0131\u2019n\u0131n d\u00fczenledi\u011fi ba\u011f\u0131\u015f kampanyas\u0131nda 36 \u00fcnite kan topland\u0131 \u2013 BRTK"},"content":{"rendered":"<p> <br \/>\n<\/p>\n<div>\n<div class=\"mariselle-image-container center\">\n                <img loading=\"lazy\" decoding=\"async\" width=\"1619\" height=\"1080\" class=\"lazy-image\" alt=\"\" sizes=\"auto, (max-width: 1619px) 100vw, 1619px\" src=\"https:\/\/brtk.net\/wp-content\/uploads\/2025\/08\/08\/afgdbs.jpeg?ver=fb0f2c24f5b3b4c0b075483b4e2febc3\" srcset=\"https:\/\/brtk.net\/wp-content\/uploads\/2025\/08\/08\/afgdbs.jpeg?ver=fb0f2c24f5b3b4c0b075483b4e2febc3 1619w, https:\/\/brtk.net\/wp-content\/uploads\/2025\/08\/08\/afgdbs-300x200.jpeg?ver=fb0f2c24f5b3b4c0b075483b4e2febc3 300w, https:\/\/brtk.net\/wp-content\/uploads\/2025\/08\/08\/afgdbs-1024x683.jpeg?ver=fb0f2c24f5b3b4c0b075483b4e2febc3 1024w, https:\/\/brtk.net\/wp-content\/uploads\/2025\/08\/08\/afgdbs-768x512.jpeg?ver=fb0f2c24f5b3b4c0b075483b4e2febc3 768w, https:\/\/brtk.net\/wp-content\/uploads\/2025\/08\/08\/afgdbs-1536x1025.jpeg?ver=fbeed07c5e2cab3485385cb6bb2094cc 1536w\"\/>                            <\/div>\n<p>\u0130skele Belediyesi ile K\u0131br\u0131s T\u00fcrk K\u0131z\u0131lay\u0131 i\u015f birli\u011finde 6-7 A\u011fustos tarihleri aras\u0131nda d\u00fczenlenen kan ba\u011f\u0131\u015f\u0131 kampanyas\u0131nda 36 \u00fcnite kan topland\u0131.<\/p>\n<p>Belediye\u2019den verilen bilgiye g\u00f6re, kampanya, 6 A\u011fustos\u2019ta \u0130skele Belediyesi Kapal\u0131 D\u00fc\u011f\u00fcn Salonu\u2019nda belediye personeline y\u00f6nelik, 7 A\u011fustos\u2019ta ise \u0130skele Belediyesi Halk Plaj\u0131\u2019nda halka y\u00f6nelik olarak d\u00fczenledi.<\/p>\n<p>\u0130skele Belediye Ba\u015fkan\u0131 Hasan Sad\u0131ko\u011flu, etkinli\u011fe destek veren belediye personeline ve g\u00f6n\u00fcll\u00fc vatanda\u015flara te\u015fekk\u00fcr ederek, kan acil de\u011fil, s\u00fcrekli ihtiya\u00e7t\u0131r vurgusu yapt\u0131.<\/p>\n<p>Bu bilin\u00e7le \u0130skele Belediyesi olarak K\u0131br\u0131s T\u00fcrk K\u0131z\u0131lay\u0131 ile belirli aral\u0131klarla kan ba\u011f\u0131\u015f etkinlikleri d\u00fczenlemeye devam edeceklerini ifade eden Ba\u015fkan Sad\u0131ko\u011flu ayr\u0131ca, 27 Haziran- 6 Temmuz tarihleri aras\u0131nda ger\u00e7ekle\u015fen 53. Geleneksel \u0130skele Festivali kapsam\u0131nda 6 Temmuz gecesi de 20 \u00fcnite kan topland\u0131\u011f\u0131n\u0131 hat\u0131rlatt\u0131.<\/p>\n<\/p><\/div>\n<p><script async\n                    defer\n                    crossorigin=\"anonymous\"\n                    src=\"https:\/\/connect.facebook.net\/tr_TR\/sdk.js#xfbml=1&#038;version=v3.3\"\n            ><\/script><br \/>\n<br \/><br \/>\n<br \/><a href=\"https:\/\/brtk.net\/iskele-belediyesi-ile-kibris-turk-kizilayinin-duzenledigi-bagis-kampanyasinda-36-unite-kan-toplandi\/\"><\/a><\/p>\n","protected":false},"excerpt":{"rendered":"<p>\u0130skele Belediyesi ile K\u0131br\u0131s T\u00fcrk K\u0131z\u0131lay\u0131 i\u015f birli\u011finde 6-7 A\u011fustos tarihleri aras\u0131nda d\u00fczenlenen kan ba\u011f\u0131\u015f\u0131 kampanyas\u0131nda 36 \u00fcnite kan topland\u0131. Belediye\u2019den verilen bilgiye g\u00f6re, kampanya, 6 A\u011fustos\u2019ta \u0130skele Belediyesi Kapal\u0131 D\u00fc\u011f\u00fcn Salonu\u2019nda belediye personeline y\u00f6nelik, 7 A\u011fustos\u2019ta ise \u0130skele Belediyesi Halk Plaj\u0131\u2019nda halka y\u00f6nelik olarak d\u00fczenledi. \u0130skele Belediye Ba\u015fkan\u0131 Hasan Sad\u0131ko\u011flu, etkinli\u011fe destek veren belediye [&hellip;]<\/p>\n","protected":false},"author":908,"featured_media":33310,"comment_status":"open","ping_status":"open","sticky":false,"template":"","format":"standard","meta":{"_jetpack_memberships_contains_paid_content":false,"footnotes":"","jetpack_publicize_message":"","jetpack_publicize_feature_enabled":true,"jetpack_social_post_already_shared":true,"jetpack_social_options":{"image_generator_settings":{"template":"highway","default_image_id":0,"font":"","enabled":false},"version":2}},"categories":[1],"tags":[],"class_list":["post-33309","post","type-post","status-publish","format-standard","has-post-thumbnail","hentry","category-saglik"],"jetpack_publicize_connections":[],"jetpack_featured_media_url":"https:\/\/kibrisayna.com\/wp-content\/uploads\/2025\/08\/afgdbs.jpeg","jetpack_sharing_enabled":true,"_links":{"self":[{"href":"https:\/\/kibrisayna.com\/index.php\/wp-json\/wp\/v2\/posts\/33309","targetHints":{"allow":["GET"]}}],"collection":[{"href":"https:\/\/kibrisayna.com\/index.php\/wp-json\/wp\/v2\/posts"}],"about":[{"href":"https:\/\/kibrisayna.com\/index.php\/wp-json\/wp\/v2\/types\/post"}],"author":[{"embeddable":true,"href":"https:\/\/kibrisayna.com\/index.php\/wp-json\/wp\/v2\/users\/908"}],"replies":[{"embeddable":true,"href":"https:\/\/kibrisayna.com\/index.php\/wp-json\/wp\/v2\/comments?post=33309"}],"version-history":[{"count":0,"href":"https:\/\/kibrisayna.com\/index.php\/wp-json\/wp\/v2\/posts\/33309\/revisions"}],"wp:featuredmedia":[{"embeddable":true,"href":"https:\/\/kibrisayna.com\/index.php\/wp-json\/wp\/v2\/media\/33310"}],"wp:attachment":[{"href":"https:\/\/kibrisayna.com\/index.php\/wp-json\/wp\/v2\/media?parent=33309"}],"wp:term":[{"taxonomy":"category","embeddable":true,"href":"https:\/\/kibrisayna.com\/index.php\/wp-json\/wp\/v2\/categories?post=33309"},{"taxonomy":"post_tag","embeddable":true,"href":"https:\/\/kibrisayna.com\/index.php\/wp-json\/wp\/v2\/tags?post=33309"}],"curies":[{"name":"wp","href":"https:\/\/api.w.org\/{rel}","templated":true}]}}