{"id":32840,"date":"2025-08-03T18:38:25","date_gmt":"2025-08-03T15:38:25","guid":{"rendered":"https:\/\/kibrisayna.com\/index.php\/2025\/08\/03\/kuzey-kibris-yuzme-milli-takimi-istanbulda-yuzme-sampiyonasina-katilacak-brtk\/"},"modified":"2025-08-03T18:38:25","modified_gmt":"2025-08-03T15:38:25","slug":"kuzey-kibris-yuzme-milli-takimi-istanbulda-yuzme-sampiyonasina-katilacak-brtk","status":"publish","type":"post","link":"https:\/\/kibrisayna.com\/index.php\/2025\/08\/03\/kuzey-kibris-yuzme-milli-takimi-istanbulda-yuzme-sampiyonasina-katilacak-brtk\/","title":{"rendered":"Kuzey K\u0131br\u0131s Y\u00fczme Milli Tak\u0131m\u0131 \u0130stanbul\u2019da Y\u00fczme \u015eampiyonas\u0131\u2019na kat\u0131lacak \u2013 BRTK"},"content":{"rendered":"<p> <br \/>\n<\/p>\n<div>\n<div class=\"mariselle-image-container center\">\n                <img loading=\"lazy\" decoding=\"async\" width=\"2048\" height=\"1536\" class=\"lazy-image\" alt=\"\" sizes=\"auto, (max-width: 2048px) 100vw, 2048px\" src=\"https:\/\/brtk.net\/wp-content\/uploads\/2025\/08\/03\/1754225875130yuzme.jpeg?ver=0bd51561819154de9155c5a4efe87519\" srcset=\"https:\/\/brtk.net\/wp-content\/uploads\/2025\/08\/03\/1754225875130yuzme.jpeg?ver=0bd51561819154de9155c5a4efe87519 2048w, https:\/\/brtk.net\/wp-content\/uploads\/2025\/08\/03\/1754225875130yuzme-300x225.jpeg?ver=0bd51561819154de9155c5a4efe87519 300w, https:\/\/brtk.net\/wp-content\/uploads\/2025\/08\/03\/1754225875130yuzme-1024x768.jpeg?ver=0bd51561819154de9155c5a4efe87519 1024w, https:\/\/brtk.net\/wp-content\/uploads\/2025\/08\/03\/1754225875130yuzme-768x576.jpeg?ver=a458084a00c4630d65aa982a8419df48 768w, https:\/\/brtk.net\/wp-content\/uploads\/2025\/08\/03\/1754225875130yuzme-1536x1152.jpeg?ver=9edf8721c0fc9cf1ac597881951d30c5 1536w\"\/>                            <\/div>\n<p>Kuzey K\u0131br\u0131s Y\u00fczme Milli Tak\u0131m\u0131, 5-9 A\u011fustos  tarihleri aras\u0131nda \u0130stanbul\u2019da ger\u00e7ekle\u015ftirilecek olan \u201cT\u00fcrkiye Sportif Kul\u00fcpler Aras\u0131 Uzun Kulvar Y\u0131ld\u0131z, Gen\u00e7 ve A\u00e7\u0131k Ya\u015f Y\u00fczme \u015eampiyonas\u0131\u201dnda m\u00fccadele edecek.<\/p>\n<p>T\u00fcrkiye Y\u00fczme Federasyonu taraf\u0131ndan Fenerbah\u00e7e Spor Olimpik Y\u00fczme Havuzu\u2019nda organize edilen T\u00fcrkiye Kul\u00fcpler aras\u0131 Y\u00fczme \u015eampiyonas\u0131\u2019na, T\u00fcrkiye barajlar\u0131n\u0131 ge\u00e7erek yar\u0131\u015fma hakk\u0131 kazanan  y\u00fcz\u00fcc\u00fcler, hem bireysel hem de tak\u0131m olarak en iyi dereceleri hedefliyor. <\/p>\n<p>Kafile Ba\u015fkanl\u0131\u011f\u0131\u2019n\u0131 Bar\u0131\u015f Cambulat\u2019\u0131n yapt\u0131\u011f\u0131 Kuzey K\u0131br\u0131s Y\u00fczme Milli Tak\u0131m\u0131\u2019nda, antren\u00f6r olarak Avni Cankurt g\u00f6rev yap\u0131yor. <\/p>\n<p> \u015eampiyonada madalya i\u00e7in m\u00fccadele edecek sporcular ise \u015fu isimlerden olu\u015fuyor:<\/p>\n<p>\u00d6zg\u00fcl \u00c7etin, Derin Mavi Turan, Barkan Cem Aykut, Demir K\u0131ralp, Boran Bora, Akman T\u00fcz\u00fcnkan ve \u00d6zkan Mazhar.<\/p>\n<p>-\u201cSporcular\u0131m\u0131zla gurur duyuyoruz\u201d<\/p>\n<p>Kuzey K\u0131br\u0131s Su Sporlar\u0131 Federasyonu Ba\u015fkan\u0131 Mustafa Abito\u011flu, \u015fampiyona \u00f6ncesinde yapt\u0131\u011f\u0131 a\u00e7\u0131klamada, \u201cBu \u015fampiyonaya kat\u0131lmaya hak kazanan sporcular\u0131m\u0131z, \u00fclkemizin ad\u0131n\u0131 ulusal arenada temsil edebilmek i\u00e7in b\u00fcy\u00fck bir azim ve kararl\u0131l\u0131kla \u00e7al\u0131\u015ft\u0131lar. Antren\u00f6rlerimizin ve sporcular\u0131m\u0131z\u0131n \u00f6zverili \u00e7abalar\u0131 bu \u00f6nemli ba\u015far\u0131y\u0131 beraberinde getirdi. Onlarla gurur duyuyoruz. Ayr\u0131ca, desteklerini hi\u00e7bir zaman esirgemeyen ailelere ve s\u00fcrecin her a\u015famas\u0131nda yan\u0131m\u0131zda olan sponsorlar\u0131m\u0131za da y\u00fcrekten te\u015fekk\u00fcr ediyoruz.\u201d dedi.<\/p>\n<p>-\u201cHedef: \u00fclkemizi en iyi \u015fekilde temsil etmek<\/p>\n<p>Kuzey K\u0131br\u0131s Su Sporlar\u0131 Federasyonu Y\u00f6netimi, yapt\u0131\u011f\u0131 a\u00e7\u0131klamada, milli tak\u0131m\u0131n  \u00fcst d\u00fczey \u015fampiyonada yaln\u0131zca derece elde etmeyi de\u011fil, son y\u0131llarda y\u00fczme bran\u015f\u0131nda \u00fclkede ya\u015fanan geli\u015fimi ulusal platformda g\u00f6r\u00fcn\u00fcr k\u0131lmay\u0131 da hedefledi\u011fini vurgulad\u0131.<\/p>\n<p>A\u00e7\u0131klamada \u015fu ifadelere yer verildi:<\/p>\n<p>\u201cSporcular\u0131m\u0131z\u0131n spor camiam\u0131z\u0131n ve halk\u0131m\u0131z\u0131n deste\u011fiyle k\u00fcrs\u00fcye \u00e7\u0131kmak i\u00e7in var g\u00fc\u00e7leriyle m\u00fccadele edeceklerine ve \u00f6nemli ba\u015far\u0131lara imza atacaklar\u0131na inan\u0131yoruz. T\u00fcm kalbimizle kendilerine ba\u015far\u0131lar diliyoruz!\u201d<\/p>\n<\/p><\/div>\n<p><script async\n                    defer\n                    crossorigin=\"anonymous\"\n                    src=\"https:\/\/connect.facebook.net\/tr_TR\/sdk.js#xfbml=1&#038;version=v3.3\"\n            ><\/script><br \/>\n<br \/><br \/>\n<br \/><a href=\"https:\/\/brtk.net\/kuzey-kibris-yuzme-milli-takimi-istanbulda-yuzme-sampiyonasina-katilacak\/\">Kaynak BRT <\/a><\/p>\n","protected":false},"excerpt":{"rendered":"<p>Kuzey K\u0131br\u0131s Y\u00fczme Milli Tak\u0131m\u0131, 5-9 A\u011fustos tarihleri aras\u0131nda \u0130stanbul\u2019da ger\u00e7ekle\u015ftirilecek olan \u201cT\u00fcrkiye Sportif Kul\u00fcpler Aras\u0131 Uzun Kulvar Y\u0131ld\u0131z, Gen\u00e7 ve A\u00e7\u0131k Ya\u015f Y\u00fczme \u015eampiyonas\u0131\u201dnda m\u00fccadele edecek. T\u00fcrkiye Y\u00fczme Federasyonu taraf\u0131ndan Fenerbah\u00e7e Spor Olimpik Y\u00fczme Havuzu\u2019nda organize edilen T\u00fcrkiye Kul\u00fcpler aras\u0131 Y\u00fczme \u015eampiyonas\u0131\u2019na, T\u00fcrkiye barajlar\u0131n\u0131 ge\u00e7erek yar\u0131\u015fma hakk\u0131 kazanan y\u00fcz\u00fcc\u00fcler, hem bireysel hem de tak\u0131m [&hellip;]<\/p>\n","protected":false},"author":908,"featured_media":32841,"comment_status":"open","ping_status":"open","sticky":false,"template":"","format":"standard","meta":{"_jetpack_memberships_contains_paid_content":false,"footnotes":"","jetpack_publicize_message":"","jetpack_publicize_feature_enabled":true,"jetpack_social_post_already_shared":true,"jetpack_social_options":{"image_generator_settings":{"template":"highway","default_image_id":0,"font":"","enabled":false},"version":2}},"categories":[9],"tags":[],"class_list":["post-32840","post","type-post","status-publish","format-standard","has-post-thumbnail","hentry","category-spor"],"jetpack_publicize_connections":[],"jetpack_featured_media_url":"https:\/\/kibrisayna.com\/wp-content\/uploads\/2025\/08\/1754225875130yuzme.jpeg","jetpack_sharing_enabled":true,"_links":{"self":[{"href":"https:\/\/kibrisayna.com\/index.php\/wp-json\/wp\/v2\/posts\/32840","targetHints":{"allow":["GET"]}}],"collection":[{"href":"https:\/\/kibrisayna.com\/index.php\/wp-json\/wp\/v2\/posts"}],"about":[{"href":"https:\/\/kibrisayna.com\/index.php\/wp-json\/wp\/v2\/types\/post"}],"author":[{"embeddable":true,"href":"https:\/\/kibrisayna.com\/index.php\/wp-json\/wp\/v2\/users\/908"}],"replies":[{"embeddable":true,"href":"https:\/\/kibrisayna.com\/index.php\/wp-json\/wp\/v2\/comments?post=32840"}],"version-history":[{"count":0,"href":"https:\/\/kibrisayna.com\/index.php\/wp-json\/wp\/v2\/posts\/32840\/revisions"}],"wp:featuredmedia":[{"embeddable":true,"href":"https:\/\/kibrisayna.com\/index.php\/wp-json\/wp\/v2\/media\/32841"}],"wp:attachment":[{"href":"https:\/\/kibrisayna.com\/index.php\/wp-json\/wp\/v2\/media?parent=32840"}],"wp:term":[{"taxonomy":"category","embeddable":true,"href":"https:\/\/kibrisayna.com\/index.php\/wp-json\/wp\/v2\/categories?post=32840"},{"taxonomy":"post_tag","embeddable":true,"href":"https:\/\/kibrisayna.com\/index.php\/wp-json\/wp\/v2\/tags?post=32840"}],"curies":[{"name":"wp","href":"https:\/\/api.w.org\/{rel}","templated":true}]}}