{"id":32211,"date":"2025-07-26T17:37:23","date_gmt":"2025-07-26T14:37:23","guid":{"rendered":"https:\/\/kibrisayna.com\/index.php\/2025\/07\/26\/basketbolda-pro-kamp-basladi-brtk\/"},"modified":"2025-07-26T17:37:23","modified_gmt":"2025-07-26T14:37:23","slug":"basketbolda-pro-kamp-basladi-brtk","status":"publish","type":"post","link":"https:\/\/kibrisayna.com\/index.php\/2025\/07\/26\/basketbolda-pro-kamp-basladi-brtk\/","title":{"rendered":"Basketbolda Pro Kamp ba\u015flad\u0131 \u2013 BRTK"},"content":{"rendered":"<p> <br \/>\n<\/p>\n<div>\n<div class=\"mariselle-image-container center\">\n                <img loading=\"lazy\" decoding=\"async\" width=\"2048\" height=\"1536\" class=\"lazy-image\" alt=\"\" sizes=\"auto, (max-width: 2048px) 100vw, 2048px\" src=\"https:\/\/brtk.net\/wp-content\/uploads\/2025\/07\/26\/PRO-KAMP.jpg?ver=3d8bde8ec4cf306b6e7be4b221ae1fdd\" srcset=\"https:\/\/brtk.net\/wp-content\/uploads\/2025\/07\/26\/PRO-KAMP.jpg?ver=3d8bde8ec4cf306b6e7be4b221ae1fdd 2048w, https:\/\/brtk.net\/wp-content\/uploads\/2025\/07\/26\/PRO-KAMP-300x225.jpg?ver=3d8bde8ec4cf306b6e7be4b221ae1fdd 300w, https:\/\/brtk.net\/wp-content\/uploads\/2025\/07\/26\/PRO-KAMP-1024x768.jpg?ver=3d8bde8ec4cf306b6e7be4b221ae1fdd 1024w, https:\/\/brtk.net\/wp-content\/uploads\/2025\/07\/26\/PRO-KAMP-768x576.jpg?ver=c9103c2537d35758d3af4cb572d87bd8 768w, https:\/\/brtk.net\/wp-content\/uploads\/2025\/07\/26\/PRO-KAMP-1536x1152.jpg?ver=2ce3fb9618bd887e4ea047e5a889f90a 1536w\"\/>                            <\/div>\n<p>Basketbolda \u00fclkemizde bir ilk olan \u00dcDa KKTC\/TC Pro Kamp\u0131 ba\u015flad\u0131.<\/p>\n<p>10 g\u00fcn s\u00fcrecek olan ve \u00dc\u011e\u00dcT\u00dcC\u00dcLab ile Ahmet Da\u011fer i\u015f birli\u011fiyle d\u00fczenlenen \u00dcDa KKTC\/TC Pro Kamp\u0131 NEU RA25 Spor Salonu\u2019nda start ald\u0131.<\/p>\n<p>Organizasyonda T\u00fcrkiye S\u00fcper Lig ekiplerinden B\u00fcy\u00fck\u00e7ekmece, P\u0131nar Kar\u015f\u0131yaka, Tofa\u015f, Be\u015fikta\u015f oyuncular\u0131n\u0131n yan\u0131 s\u0131ra, Final Spor, Canada Ridley College, KK Buducnost Novi Sad, Koledz Belgrad\u2019\u0131n yan\u0131 s\u0131ra Yak\u0131n Do\u011fu \u00dcniversitesi ve Koopspor\u2019lu oyuncular da yer al\u0131yor.<\/p>\n<p>Kamp boyunca oyuncular \u201cYetenek Geli\u015fimi ve Oyun Bilgisi\u201d odakl\u0131 e\u011fitimler alarak profesyonel seviyeye bir ad\u0131m daha yakla\u015facak.<\/p>\n<\/p><\/div>\n<p><script async\n                    defer\n                    crossorigin=\"anonymous\"\n                    src=\"https:\/\/connect.facebook.net\/tr_TR\/sdk.js#xfbml=1&#038;version=v3.3\"\n            ><\/script><br \/>\n<br \/><br \/>\n<br \/><a href=\"https:\/\/brtk.net\/basketbolda-pro-kamp-basladi\/\">Kaynak BRT <\/a><\/p>\n","protected":false},"excerpt":{"rendered":"<p>Basketbolda \u00fclkemizde bir ilk olan \u00dcDa KKTC\/TC Pro Kamp\u0131 ba\u015flad\u0131. 10 g\u00fcn s\u00fcrecek olan ve \u00dc\u011e\u00dcT\u00dcC\u00dcLab ile Ahmet Da\u011fer i\u015f birli\u011fiyle d\u00fczenlenen \u00dcDa KKTC\/TC Pro Kamp\u0131 NEU RA25 Spor Salonu\u2019nda start ald\u0131. Organizasyonda T\u00fcrkiye S\u00fcper Lig ekiplerinden B\u00fcy\u00fck\u00e7ekmece, P\u0131nar Kar\u015f\u0131yaka, Tofa\u015f, Be\u015fikta\u015f oyuncular\u0131n\u0131n yan\u0131 s\u0131ra, Final Spor, Canada Ridley College, KK Buducnost Novi Sad, Koledz [&hellip;]<\/p>\n","protected":false},"author":908,"featured_media":32212,"comment_status":"open","ping_status":"open","sticky":false,"template":"","format":"standard","meta":{"advanced_seo_description":"","jetpack_seo_html_title":"","jetpack_seo_noindex":false,"jetpack_seo_schema_type":"","_jetpack_newsletter_access":"","_jetpack_dont_email_post_to_subs":false,"_jetpack_newsletter_tier_id":0,"_jetpack_memberships_contains_paywalled_content":false,"_jetpack_feature_clip_id":0,"_jetpack_memberships_contains_paid_content":false,"footnotes":"","jetpack_publicize_message":"","jetpack_publicize_feature_enabled":true,"jetpack_social_post_already_shared":true,"jetpack_social_options":{"image_generator_settings":{"template":"highway","default_image_id":0,"font":"","enabled":false},"version":2},"jetpack_post_was_ever_published":false},"categories":[9],"tags":[],"class_list":["post-32211","post","type-post","status-publish","format-standard","has-post-thumbnail","hentry","category-spor"],"jetpack_publicize_connections":[],"jetpack_featured_media_url":"https:\/\/kibrisayna.com\/wp-content\/uploads\/2025\/07\/PRO-KAMP.jpg","jetpack_sharing_enabled":true,"_links":{"self":[{"href":"https:\/\/kibrisayna.com\/index.php\/wp-json\/wp\/v2\/posts\/32211","targetHints":{"allow":["GET"]}}],"collection":[{"href":"https:\/\/kibrisayna.com\/index.php\/wp-json\/wp\/v2\/posts"}],"about":[{"href":"https:\/\/kibrisayna.com\/index.php\/wp-json\/wp\/v2\/types\/post"}],"author":[{"embeddable":true,"href":"https:\/\/kibrisayna.com\/index.php\/wp-json\/wp\/v2\/users\/908"}],"replies":[{"embeddable":true,"href":"https:\/\/kibrisayna.com\/index.php\/wp-json\/wp\/v2\/comments?post=32211"}],"version-history":[{"count":0,"href":"https:\/\/kibrisayna.com\/index.php\/wp-json\/wp\/v2\/posts\/32211\/revisions"}],"wp:featuredmedia":[{"embeddable":true,"href":"https:\/\/kibrisayna.com\/index.php\/wp-json\/wp\/v2\/media\/32212"}],"wp:attachment":[{"href":"https:\/\/kibrisayna.com\/index.php\/wp-json\/wp\/v2\/media?parent=32211"}],"wp:term":[{"taxonomy":"category","embeddable":true,"href":"https:\/\/kibrisayna.com\/index.php\/wp-json\/wp\/v2\/categories?post=32211"},{"taxonomy":"post_tag","embeddable":true,"href":"https:\/\/kibrisayna.com\/index.php\/wp-json\/wp\/v2\/tags?post=32211"}],"curies":[{"name":"wp","href":"https:\/\/api.w.org\/{rel}","templated":true}]}}