{"id":32209,"date":"2025-07-26T17:03:35","date_gmt":"2025-07-26T14:03:35","guid":{"rendered":"https:\/\/kibrisayna.com\/index.php\/2025\/07\/26\/kulupler-birligi-ilk-toplantisini-yapti-brtk\/"},"modified":"2025-07-26T17:03:35","modified_gmt":"2025-07-26T14:03:35","slug":"kulupler-birligi-ilk-toplantisini-yapti-brtk","status":"publish","type":"post","link":"https:\/\/kibrisayna.com\/index.php\/2025\/07\/26\/kulupler-birligi-ilk-toplantisini-yapti-brtk\/","title":{"rendered":"Kul\u00fcpler Birli\u011fi ilk toplant\u0131s\u0131n\u0131 yapt\u0131 \u2013 BRTK"},"content":{"rendered":"<p> <br \/>\n<\/p>\n<div>\n<div class=\"mariselle-image-container center\">\n                <img loading=\"lazy\" decoding=\"async\" width=\"1600\" height=\"1064\" class=\"lazy-image\" alt=\"\" sizes=\"auto, (max-width: 1600px) 100vw, 1600px\" src=\"https:\/\/brtk.net\/wp-content\/uploads\/2025\/07\/26\/KULUPLER-BIRLIGI-FOTO.jpg?ver=8e2bc40078f48dd720a42f6ebe55a43c\" srcset=\"https:\/\/brtk.net\/wp-content\/uploads\/2025\/07\/26\/KULUPLER-BIRLIGI-FOTO.jpg?ver=8e2bc40078f48dd720a42f6ebe55a43c 1600w, https:\/\/brtk.net\/wp-content\/uploads\/2025\/07\/26\/KULUPLER-BIRLIGI-FOTO-300x200.jpg?ver=8e2bc40078f48dd720a42f6ebe55a43c 300w, https:\/\/brtk.net\/wp-content\/uploads\/2025\/07\/26\/KULUPLER-BIRLIGI-FOTO-1024x681.jpg?ver=207cecbebacaacd5df2229732690000d 1024w, https:\/\/brtk.net\/wp-content\/uploads\/2025\/07\/26\/KULUPLER-BIRLIGI-FOTO-768x511.jpg?ver=207cecbebacaacd5df2229732690000d 768w, https:\/\/brtk.net\/wp-content\/uploads\/2025\/07\/26\/KULUPLER-BIRLIGI-FOTO-1536x1021.jpg?ver=b5b415c632420664f3194680f89bef8f 1536w\"\/>                            <\/div>\n<p>KKTC Futbol Kul\u00fcpler Birli\u011fi\u2019nde Ayta\u00e7 Karavezirler ba\u015fkanl\u0131\u011f\u0131nda yeni d\u00f6nemin ilk y\u00f6netim kurulu toplant\u0131s\u0131 ger\u00e7ekle\u015ftirildi. <\/p>\n<p>Ger\u00e7ekle\u015ftirilen toplant\u0131da yeni d\u00f6nemde yap\u0131lacak olan projeler ve g\u00f6rev b\u00f6l\u00fcm\u00fc yap\u0131ld\u0131. <\/p>\n<p>Toplant\u0131da 5 Eyl\u00fcl 2025 Cuma g\u00fcn\u00fc tarihte ilk kez ger\u00e7ekle\u015ftirilecek olan Kul\u00fcpler Birli\u011fi Kupas\u0131\u2019n\u0131n organizasyonu ile ilgili g\u00f6r\u00fc\u015fme ger\u00e7ekle\u015ftirildi. Kupan\u0131n resmi ad\u0131n\u0131n ge\u00e7ti\u011fimiz y\u0131llarda kaybetti\u011fimiz Akova\u2019n\u0131n efsane ba\u015fkanlar\u0131ndan Sermen Vudal\u0131 ad\u0131na yap\u0131lmas\u0131na karar verildi.<\/p>\n<p>Ger\u00e7ekle\u015ftirilen toplant\u0131dan sonra g\u00f6rev da\u011f\u0131l\u0131m\u0131 \u015fu \u015fekilde oldu;<br \/>Ba\u015fkan: Ayta\u00e7 Karavezirler<br \/>Asba\u015fkan: G\u00fcrkan Onalt<br \/>Genel Sekreter ve Gazima\u011fusa B\u00f6lge Sorumlusu: Mehmet Evram<br \/>Mali \u0130\u015fler ve G\u00fczelyurt \/ Lefke B\u00f6lge Sorumlusu: \u00d6zbay Abik<br \/>BTM ve Girne B\u00f6lge Sorumlusu: Raif Esenda\u011fl\u0131<br \/>\u0130skele B\u00f6lge Sorumlusu: Ahmet Kad\u0131<br \/>G\u00fcney Mesarya B\u00f6lge Sorumlusu: Kaan Ertu\u011f<br \/>Kuzey Mesarya B\u00f6lge Sorumlusu: Recep G\u00fcler<br \/>Girne B\u00f6lge Sorumlusu: \u0130brahim Beyazbayram<br \/>Lefko\u015fa B\u00f6lge Sorumlusu: Ersan Karata\u015f<br \/>Lefko\u015fa B\u00f6lge Sorumlusu: Suma Zafer<\/p>\n<\/p><\/div>\n<p><script async\n                    defer\n                    crossorigin=\"anonymous\"\n                    src=\"https:\/\/connect.facebook.net\/tr_TR\/sdk.js#xfbml=1&#038;version=v3.3\"\n            ><\/script><br \/>\n<br \/><br \/>\n<br \/><a href=\"https:\/\/brtk.net\/kulupler-birligi-ilk-toplantisini-yapti\/\">Kaynak BRT <\/a><\/p>\n","protected":false},"excerpt":{"rendered":"<p>KKTC Futbol Kul\u00fcpler Birli\u011fi\u2019nde Ayta\u00e7 Karavezirler ba\u015fkanl\u0131\u011f\u0131nda yeni d\u00f6nemin ilk y\u00f6netim kurulu toplant\u0131s\u0131 ger\u00e7ekle\u015ftirildi. Ger\u00e7ekle\u015ftirilen toplant\u0131da yeni d\u00f6nemde yap\u0131lacak olan projeler ve g\u00f6rev b\u00f6l\u00fcm\u00fc yap\u0131ld\u0131. Toplant\u0131da 5 Eyl\u00fcl 2025 Cuma g\u00fcn\u00fc tarihte ilk kez ger\u00e7ekle\u015ftirilecek olan Kul\u00fcpler Birli\u011fi Kupas\u0131\u2019n\u0131n organizasyonu ile ilgili g\u00f6r\u00fc\u015fme ger\u00e7ekle\u015ftirildi. Kupan\u0131n resmi ad\u0131n\u0131n ge\u00e7ti\u011fimiz y\u0131llarda kaybetti\u011fimiz Akova\u2019n\u0131n efsane ba\u015fkanlar\u0131ndan Sermen Vudal\u0131 [&hellip;]<\/p>\n","protected":false},"author":908,"featured_media":32210,"comment_status":"open","ping_status":"open","sticky":false,"template":"","format":"standard","meta":{"advanced_seo_description":"","jetpack_seo_html_title":"","jetpack_seo_noindex":false,"jetpack_seo_schema_type":"","_jetpack_newsletter_access":"","_jetpack_dont_email_post_to_subs":false,"_jetpack_newsletter_tier_id":0,"_jetpack_memberships_contains_paywalled_content":false,"_jetpack_feature_clip_id":0,"_jetpack_memberships_contains_paid_content":false,"footnotes":"","jetpack_publicize_message":"","jetpack_publicize_feature_enabled":true,"jetpack_social_post_already_shared":true,"jetpack_social_options":{"image_generator_settings":{"template":"highway","default_image_id":0,"font":"","enabled":false},"version":2},"jetpack_post_was_ever_published":false},"categories":[9],"tags":[],"class_list":["post-32209","post","type-post","status-publish","format-standard","has-post-thumbnail","hentry","category-spor"],"jetpack_publicize_connections":[],"jetpack_featured_media_url":"https:\/\/kibrisayna.com\/wp-content\/uploads\/2025\/07\/KULUPLER-BIRLIGI-FOTO.jpg","jetpack_sharing_enabled":true,"_links":{"self":[{"href":"https:\/\/kibrisayna.com\/index.php\/wp-json\/wp\/v2\/posts\/32209","targetHints":{"allow":["GET"]}}],"collection":[{"href":"https:\/\/kibrisayna.com\/index.php\/wp-json\/wp\/v2\/posts"}],"about":[{"href":"https:\/\/kibrisayna.com\/index.php\/wp-json\/wp\/v2\/types\/post"}],"author":[{"embeddable":true,"href":"https:\/\/kibrisayna.com\/index.php\/wp-json\/wp\/v2\/users\/908"}],"replies":[{"embeddable":true,"href":"https:\/\/kibrisayna.com\/index.php\/wp-json\/wp\/v2\/comments?post=32209"}],"version-history":[{"count":0,"href":"https:\/\/kibrisayna.com\/index.php\/wp-json\/wp\/v2\/posts\/32209\/revisions"}],"wp:featuredmedia":[{"embeddable":true,"href":"https:\/\/kibrisayna.com\/index.php\/wp-json\/wp\/v2\/media\/32210"}],"wp:attachment":[{"href":"https:\/\/kibrisayna.com\/index.php\/wp-json\/wp\/v2\/media?parent=32209"}],"wp:term":[{"taxonomy":"category","embeddable":true,"href":"https:\/\/kibrisayna.com\/index.php\/wp-json\/wp\/v2\/categories?post=32209"},{"taxonomy":"post_tag","embeddable":true,"href":"https:\/\/kibrisayna.com\/index.php\/wp-json\/wp\/v2\/tags?post=32209"}],"curies":[{"name":"wp","href":"https:\/\/api.w.org\/{rel}","templated":true}]}}