{"id":29412,"date":"2025-06-27T11:17:48","date_gmt":"2025-06-27T08:17:48","guid":{"rendered":"https:\/\/kibrisayna.com\/index.php\/2025\/06\/27\/ege-erulku-turkiye-sampiyonu-brtk\/"},"modified":"2025-06-27T11:17:48","modified_gmt":"2025-06-27T08:17:48","slug":"ege-erulku-turkiye-sampiyonu-brtk","status":"publish","type":"post","link":"https:\/\/kibrisayna.com\/index.php\/2025\/06\/27\/ege-erulku-turkiye-sampiyonu-brtk\/","title":{"rendered":"Ege Er\u00fclk\u00fc , T\u00fcrkiye \u015eampiyonu \u2013 BRTK"},"content":{"rendered":"<p> <br \/>\n<\/p>\n<div>\n<div class=\"mariselle-image-container none\">\n                <img loading=\"lazy\" decoding=\"async\" width=\"905\" height=\"1139\" class=\"lazy-image\" alt=\"\" sizes=\"auto, (max-width: 905px) 100vw, 905px\" src=\"https:\/\/brtk.net\/wp-content\/uploads\/2025\/06\/27\/BISIKLET.jpeg?ver=a89a3a0199f8ad52cccb0cbdc2b442d4\" srcset=\"https:\/\/brtk.net\/wp-content\/uploads\/2025\/06\/27\/BISIKLET.jpeg?ver=a89a3a0199f8ad52cccb0cbdc2b442d4 905w, https:\/\/brtk.net\/wp-content\/uploads\/2025\/06\/27\/BISIKLET-238x300.jpeg?ver=a89a3a0199f8ad52cccb0cbdc2b442d4 238w, https:\/\/brtk.net\/wp-content\/uploads\/2025\/06\/27\/BISIKLET-814x1024.jpeg?ver=3cd66cf9f93d5f07c3d2c230b4fb2592 814w, https:\/\/brtk.net\/wp-content\/uploads\/2025\/06\/27\/BISIKLET-768x967.jpeg?ver=3cd66cf9f93d5f07c3d2c230b4fb2592 768w\"\/>                            <\/div>\n<p>Ba\u015far\u0131l\u0131 Bisiklet\u00e7imiz, Ege Er\u00fclk\u00fc T\u00fcrkiye \u015eampiyonu<\/p>\n<p>26-29 Haziran tarihleri aras\u0131nda Isparta\u2019da d\u00fczenlenen T\u00fcrkiye \u015fampiyonas\u0131n\u0131n ilk etab\u0131 olan Bireysel zamana kar\u015f\u0131 da Ege Er\u00fclk\u00fc rakiplerini ge\u00e7erek T\u00fcrkiye \u015eampiyonu olmay\u0131 ba\u015fard\u0131.<\/p>\n<p>\u00a0<\/p>\n<\/p><\/div>\n<p><script async\n                    defer\n                    crossorigin=\"anonymous\"\n                    src=\"https:\/\/connect.facebook.net\/tr_TR\/sdk.js#xfbml=1&#038;version=v3.3\"\n            ><\/script><br \/>\n<br \/><br \/>\n<br \/><a href=\"https:\/\/brtk.net\/ege-erulku-turkiye-sampiyonu\/\">Kaynak BRT <\/a><\/p>\n","protected":false},"excerpt":{"rendered":"<p>Ba\u015far\u0131l\u0131 Bisiklet\u00e7imiz, Ege Er\u00fclk\u00fc T\u00fcrkiye \u015eampiyonu 26-29 Haziran tarihleri aras\u0131nda Isparta\u2019da d\u00fczenlenen T\u00fcrkiye \u015fampiyonas\u0131n\u0131n ilk etab\u0131 olan Bireysel zamana kar\u015f\u0131 da Ege Er\u00fclk\u00fc rakiplerini ge\u00e7erek T\u00fcrkiye \u015eampiyonu olmay\u0131 ba\u015fard\u0131. \u00a0 Kaynak BRT<\/p>\n","protected":false},"author":908,"featured_media":29413,"comment_status":"open","ping_status":"open","sticky":false,"template":"","format":"standard","meta":{"advanced_seo_description":"","jetpack_seo_html_title":"","jetpack_seo_noindex":false,"jetpack_seo_schema_type":"","_jetpack_newsletter_access":"","_jetpack_dont_email_post_to_subs":false,"_jetpack_newsletter_tier_id":0,"_jetpack_memberships_contains_paywalled_content":false,"_jetpack_feature_clip_id":0,"_jetpack_memberships_contains_paid_content":false,"footnotes":"","jetpack_publicize_message":"","jetpack_publicize_feature_enabled":true,"jetpack_social_post_already_shared":true,"jetpack_social_options":{"image_generator_settings":{"template":"highway","default_image_id":0,"font":"","enabled":false},"version":2},"jetpack_post_was_ever_published":false},"categories":[9],"tags":[],"class_list":["post-29412","post","type-post","status-publish","format-standard","has-post-thumbnail","hentry","category-spor"],"jetpack_publicize_connections":[],"jetpack_featured_media_url":"https:\/\/kibrisayna.com\/wp-content\/uploads\/2025\/06\/BISIKLET.jpeg","jetpack_sharing_enabled":true,"_links":{"self":[{"href":"https:\/\/kibrisayna.com\/index.php\/wp-json\/wp\/v2\/posts\/29412","targetHints":{"allow":["GET"]}}],"collection":[{"href":"https:\/\/kibrisayna.com\/index.php\/wp-json\/wp\/v2\/posts"}],"about":[{"href":"https:\/\/kibrisayna.com\/index.php\/wp-json\/wp\/v2\/types\/post"}],"author":[{"embeddable":true,"href":"https:\/\/kibrisayna.com\/index.php\/wp-json\/wp\/v2\/users\/908"}],"replies":[{"embeddable":true,"href":"https:\/\/kibrisayna.com\/index.php\/wp-json\/wp\/v2\/comments?post=29412"}],"version-history":[{"count":0,"href":"https:\/\/kibrisayna.com\/index.php\/wp-json\/wp\/v2\/posts\/29412\/revisions"}],"wp:featuredmedia":[{"embeddable":true,"href":"https:\/\/kibrisayna.com\/index.php\/wp-json\/wp\/v2\/media\/29413"}],"wp:attachment":[{"href":"https:\/\/kibrisayna.com\/index.php\/wp-json\/wp\/v2\/media?parent=29412"}],"wp:term":[{"taxonomy":"category","embeddable":true,"href":"https:\/\/kibrisayna.com\/index.php\/wp-json\/wp\/v2\/categories?post=29412"},{"taxonomy":"post_tag","embeddable":true,"href":"https:\/\/kibrisayna.com\/index.php\/wp-json\/wp\/v2\/tags?post=29412"}],"curies":[{"name":"wp","href":"https:\/\/api.w.org\/{rel}","templated":true}]}}