{"id":28874,"date":"2025-06-21T16:27:53","date_gmt":"2025-06-21T13:27:53","guid":{"rendered":"https:\/\/kibrisayna.com\/index.php\/2025\/06\/21\/3-sampiyon-melekler-plaj-voleybol-ligi-brtk-2\/"},"modified":"2025-06-21T16:27:53","modified_gmt":"2025-06-21T13:27:53","slug":"3-sampiyon-melekler-plaj-voleybol-ligi-brtk-2","status":"publish","type":"post","link":"https:\/\/kibrisayna.com\/index.php\/2025\/06\/21\/3-sampiyon-melekler-plaj-voleybol-ligi-brtk-2\/","title":{"rendered":"3.\u015eampiyon Melekler Plaj Voleybol Ligi \u2013 BRTK"},"content":{"rendered":"<p> <br \/>\n<\/p>\n<div>\n<div class=\"mariselle-image-container none\">\n                <img loading=\"lazy\" decoding=\"async\" width=\"2039\" height=\"1151\" class=\"lazy-image\" alt=\"\" sizes=\"auto, (max-width: 2039px) 100vw, 2039px\" src=\"https:\/\/brtk.net\/wp-content\/uploads\/2025\/06\/21\/plaj-voleybol-sampiyon-melekler.jpg?ver=b31b692e76a8290b8bdb8619a9b982b5\" srcset=\"https:\/\/brtk.net\/wp-content\/uploads\/2025\/06\/21\/plaj-voleybol-sampiyon-melekler.jpg?ver=b31b692e76a8290b8bdb8619a9b982b5 2039w, https:\/\/brtk.net\/wp-content\/uploads\/2025\/06\/21\/plaj-voleybol-sampiyon-melekler-300x169.jpg?ver=b31b692e76a8290b8bdb8619a9b982b5 300w, https:\/\/brtk.net\/wp-content\/uploads\/2025\/06\/21\/plaj-voleybol-sampiyon-melekler-1024x578.jpg?ver=a13e0e25d026cd74d67b3f559e3cdf1a 1024w, https:\/\/brtk.net\/wp-content\/uploads\/2025\/06\/21\/plaj-voleybol-sampiyon-melekler-768x434.jpg?ver=a13e0e25d026cd74d67b3f559e3cdf1a 768w, https:\/\/brtk.net\/wp-content\/uploads\/2025\/06\/21\/plaj-voleybol-sampiyon-melekler-1536x867.jpg?ver=d86ee4dafb2d270239e888a4084c00b2 1536w\"\/>                            <\/div>\n<ol start=\"3\">\n<li>\u015eampiyon Melekler Plaj Voleybolu Ligi i\u00e7in tak\u0131m kay\u0131tlar\u0131 sona ererken 100 tak\u0131m kay\u0131t yapt\u0131rd\u0131.<\/li>\n<\/ol>\n<p>5-6 Temmuz tarihlerinde ilk hafta m\u00fcsabakalar\u0131yla ba\u015flayacak olan 3. \u015eampiyon Melekler Plaj Voleybolu Ligi i\u00e7in tak\u0131m kay\u0131t i\u015flemleri tamamland\u0131.<\/p>\n<p>6 Kategoride\u00a0 toplam 100 Tak\u0131m 6 \u015eubat 2023 tarihindeki depremde Ad\u0131yaman\u2019da kaybetti\u011fimiz \u015eampiyon Meleklerimiz ad\u0131na d\u00fczenlenen bu anlaml\u0131 \u015fampiyonada m\u00fccadele edecek.<\/p>\n<p>\u00a0<\/p>\n<\/p><\/div>\n<p><script async\n                    defer\n                    crossorigin=\"anonymous\"\n                    src=\"https:\/\/connect.facebook.net\/tr_TR\/sdk.js#xfbml=1&#038;version=v3.3\"\n            ><\/script><br \/>\n<br \/><br \/>\n<br \/><a href=\"https:\/\/brtk.net\/3-sampiyon-melekler-plaj-voleybol-ligi-2\/\">Kaynak BRT <\/a><\/p>\n","protected":false},"excerpt":{"rendered":"<p>\u015eampiyon Melekler Plaj Voleybolu Ligi i\u00e7in tak\u0131m kay\u0131tlar\u0131 sona ererken 100 tak\u0131m kay\u0131t yapt\u0131rd\u0131. 5-6 Temmuz tarihlerinde ilk hafta m\u00fcsabakalar\u0131yla ba\u015flayacak olan 3. \u015eampiyon Melekler Plaj Voleybolu Ligi i\u00e7in tak\u0131m kay\u0131t i\u015flemleri tamamland\u0131. 6 Kategoride\u00a0 toplam 100 Tak\u0131m 6 \u015eubat 2023 tarihindeki depremde Ad\u0131yaman\u2019da kaybetti\u011fimiz \u015eampiyon Meleklerimiz ad\u0131na d\u00fczenlenen bu anlaml\u0131 \u015fampiyonada m\u00fccadele edecek. \u00a0 [&hellip;]<\/p>\n","protected":false},"author":908,"featured_media":28875,"comment_status":"open","ping_status":"open","sticky":false,"template":"","format":"standard","meta":{"advanced_seo_description":"","jetpack_seo_html_title":"","jetpack_seo_noindex":false,"jetpack_seo_schema_type":"","_jetpack_newsletter_access":"","_jetpack_dont_email_post_to_subs":false,"_jetpack_newsletter_tier_id":0,"_jetpack_memberships_contains_paywalled_content":false,"_jetpack_feature_clip_id":0,"_jetpack_memberships_contains_paid_content":false,"footnotes":"","jetpack_publicize_message":"","jetpack_publicize_feature_enabled":true,"jetpack_social_post_already_shared":true,"jetpack_social_options":{"image_generator_settings":{"template":"highway","default_image_id":0,"font":"","enabled":false},"version":2},"jetpack_post_was_ever_published":false},"categories":[9],"tags":[],"class_list":["post-28874","post","type-post","status-publish","format-standard","has-post-thumbnail","hentry","category-spor"],"jetpack_publicize_connections":[],"jetpack_featured_media_url":"https:\/\/kibrisayna.com\/wp-content\/uploads\/2025\/06\/plaj-voleybol-sampiyon-melekler.jpg","jetpack_sharing_enabled":true,"_links":{"self":[{"href":"https:\/\/kibrisayna.com\/index.php\/wp-json\/wp\/v2\/posts\/28874","targetHints":{"allow":["GET"]}}],"collection":[{"href":"https:\/\/kibrisayna.com\/index.php\/wp-json\/wp\/v2\/posts"}],"about":[{"href":"https:\/\/kibrisayna.com\/index.php\/wp-json\/wp\/v2\/types\/post"}],"author":[{"embeddable":true,"href":"https:\/\/kibrisayna.com\/index.php\/wp-json\/wp\/v2\/users\/908"}],"replies":[{"embeddable":true,"href":"https:\/\/kibrisayna.com\/index.php\/wp-json\/wp\/v2\/comments?post=28874"}],"version-history":[{"count":0,"href":"https:\/\/kibrisayna.com\/index.php\/wp-json\/wp\/v2\/posts\/28874\/revisions"}],"wp:featuredmedia":[{"embeddable":true,"href":"https:\/\/kibrisayna.com\/index.php\/wp-json\/wp\/v2\/media\/28875"}],"wp:attachment":[{"href":"https:\/\/kibrisayna.com\/index.php\/wp-json\/wp\/v2\/media?parent=28874"}],"wp:term":[{"taxonomy":"category","embeddable":true,"href":"https:\/\/kibrisayna.com\/index.php\/wp-json\/wp\/v2\/categories?post=28874"},{"taxonomy":"post_tag","embeddable":true,"href":"https:\/\/kibrisayna.com\/index.php\/wp-json\/wp\/v2\/tags?post=28874"}],"curies":[{"name":"wp","href":"https:\/\/api.w.org\/{rel}","templated":true}]}}