{"id":28774,"date":"2025-06-20T12:44:54","date_gmt":"2025-06-20T09:44:54","guid":{"rendered":"https:\/\/kibrisayna.com\/index.php\/2025\/06\/20\/dogukan-portekizde-yarisacak-brtk\/"},"modified":"2025-06-20T12:44:54","modified_gmt":"2025-06-20T09:44:54","slug":"dogukan-portekizde-yarisacak-brtk","status":"publish","type":"post","link":"https:\/\/kibrisayna.com\/index.php\/2025\/06\/20\/dogukan-portekizde-yarisacak-brtk\/","title":{"rendered":"Do\u011fukan, Portekiz\u2019de yar\u0131\u015facak \u2013 BRTK"},"content":{"rendered":"<p> <br \/>\n<\/p>\n<div>\n<div class=\"mariselle-image-container center\">\n                <img loading=\"lazy\" decoding=\"async\" width=\"1200\" height=\"802\" class=\"lazy-image\" alt=\"\" sizes=\"auto, (max-width: 1200px) 100vw, 1200px\" src=\"https:\/\/brtk.net\/wp-content\/uploads\/2025\/06\/20\/DOGUKAN.jpeg?ver=f7ddd6d3df44ef41ab56a2915d7ed642\" srcset=\"https:\/\/brtk.net\/wp-content\/uploads\/2025\/06\/20\/DOGUKAN.jpeg?ver=f7ddd6d3df44ef41ab56a2915d7ed642 1200w, https:\/\/brtk.net\/wp-content\/uploads\/2025\/06\/20\/DOGUKAN-300x201.jpeg?ver=f7ddd6d3df44ef41ab56a2915d7ed642 300w, https:\/\/brtk.net\/wp-content\/uploads\/2025\/06\/20\/DOGUKAN-1024x684.jpeg?ver=4150200f5601291e6beb7f1334140914 1024w, https:\/\/brtk.net\/wp-content\/uploads\/2025\/06\/20\/DOGUKAN-768x513.jpeg?ver=4150200f5601291e6beb7f1334140914 768w\"\/>                            <\/div>\n<p>(BRTSPOR) Milli Y\u00fcz\u00fcc\u00fc Do\u011fukan Ula\u00e7, Avrupa Kupas\u0131 2. Aya\u011f\u0131nda Portekiz\u2019de 10 K\u2019da yar\u0131\u015facak. <\/p>\n<p>Avrupa, D\u00fcnya ve Olimpiyat hedefiyle uzun s\u00fcredir kariyerini Kayseri\u2019de s\u00fcrd\u00fcren Do\u011fukan, Potekiz\/ Setubal\u2019daki yar\u0131\u015fa 22 Haziran\u2019da \u00e7\u0131kacak. <\/p>\n<p>Avrupa Kupas\u0131 A\u00e7\u0131k Su Y\u00fczme \u015eampiyonas\u0131\u2019n\u0131n 10 K yar\u0131\u015f\u0131n\u0131n start\u0131 \u00fclke saatiyle saat 13.00\u2019de verilecek. <\/p>\n<p>En son Hirvatistan\u2019\u0131n Stari Grad \u015fehrinde yer alan Avrupa A\u00e7\u0131k Su Y\u00fczme \u015eampiyonas\u0131\u2019nda kula\u00e7 atan milli y\u00fcz\u00fcc\u00fcm\u00fcz Do\u011fukan Ula\u00e7, yar\u0131\u015f\u0131  2.01.25\u2032 lik derecesisyle 27. Tamamlam\u0131\u015f T\u00fcrk y\u00fcz\u00fcc\u00fcler aras\u0131nda fini\u015fe ikinci s\u0131rada gelmi\u015fti. <\/p>\n<p>Stari Grad\u2019da Bel\u00e7ika, \u0130ngiltere ve Slovakya\u2019dan rakiplerini geride b\u0131rakan sporcu BRTSPOR\u2019a a\u00e7\u0131klamas\u0131nda organizasyonun \u2018tecr\u00fcbe kazand\u0131\u011f\u0131 bir yar\u0131\u015f oldu\u011funu\u2019 s\u00f6ylemi\u015fti.<\/p>\n<\/p><\/div>\n<p><script async\n                    defer\n                    crossorigin=\"anonymous\"\n                    src=\"https:\/\/connect.facebook.net\/tr_TR\/sdk.js#xfbml=1&#038;version=v3.3\"\n            ><\/script><br \/>\n<br \/><br \/>\n<br \/><a href=\"https:\/\/brtk.net\/dogukan-portekizde-yarisacak\/\">Kaynak BRT <\/a><\/p>\n","protected":false},"excerpt":{"rendered":"<p>(BRTSPOR) Milli Y\u00fcz\u00fcc\u00fc Do\u011fukan Ula\u00e7, Avrupa Kupas\u0131 2. Aya\u011f\u0131nda Portekiz\u2019de 10 K\u2019da yar\u0131\u015facak. Avrupa, D\u00fcnya ve Olimpiyat hedefiyle uzun s\u00fcredir kariyerini Kayseri\u2019de s\u00fcrd\u00fcren Do\u011fukan, Potekiz\/ Setubal\u2019daki yar\u0131\u015fa 22 Haziran\u2019da \u00e7\u0131kacak. Avrupa Kupas\u0131 A\u00e7\u0131k Su Y\u00fczme \u015eampiyonas\u0131\u2019n\u0131n 10 K yar\u0131\u015f\u0131n\u0131n start\u0131 \u00fclke saatiyle saat 13.00\u2019de verilecek. En son Hirvatistan\u2019\u0131n Stari Grad \u015fehrinde yer alan Avrupa A\u00e7\u0131k [&hellip;]<\/p>\n","protected":false},"author":908,"featured_media":28775,"comment_status":"open","ping_status":"open","sticky":false,"template":"","format":"standard","meta":{"advanced_seo_description":"","jetpack_seo_html_title":"","jetpack_seo_noindex":false,"jetpack_seo_schema_type":"","_jetpack_newsletter_access":"","_jetpack_dont_email_post_to_subs":false,"_jetpack_newsletter_tier_id":0,"_jetpack_memberships_contains_paywalled_content":false,"_jetpack_feature_clip_id":0,"_jetpack_memberships_contains_paid_content":false,"footnotes":"","jetpack_publicize_message":"","jetpack_publicize_feature_enabled":true,"jetpack_social_post_already_shared":true,"jetpack_social_options":{"image_generator_settings":{"template":"highway","default_image_id":0,"font":"","enabled":false},"version":2},"jetpack_post_was_ever_published":false},"categories":[9],"tags":[],"class_list":["post-28774","post","type-post","status-publish","format-standard","has-post-thumbnail","hentry","category-spor"],"jetpack_publicize_connections":[],"jetpack_featured_media_url":"https:\/\/kibrisayna.com\/wp-content\/uploads\/2025\/06\/DOGUKAN.jpeg","jetpack_sharing_enabled":true,"_links":{"self":[{"href":"https:\/\/kibrisayna.com\/index.php\/wp-json\/wp\/v2\/posts\/28774","targetHints":{"allow":["GET"]}}],"collection":[{"href":"https:\/\/kibrisayna.com\/index.php\/wp-json\/wp\/v2\/posts"}],"about":[{"href":"https:\/\/kibrisayna.com\/index.php\/wp-json\/wp\/v2\/types\/post"}],"author":[{"embeddable":true,"href":"https:\/\/kibrisayna.com\/index.php\/wp-json\/wp\/v2\/users\/908"}],"replies":[{"embeddable":true,"href":"https:\/\/kibrisayna.com\/index.php\/wp-json\/wp\/v2\/comments?post=28774"}],"version-history":[{"count":0,"href":"https:\/\/kibrisayna.com\/index.php\/wp-json\/wp\/v2\/posts\/28774\/revisions"}],"wp:featuredmedia":[{"embeddable":true,"href":"https:\/\/kibrisayna.com\/index.php\/wp-json\/wp\/v2\/media\/28775"}],"wp:attachment":[{"href":"https:\/\/kibrisayna.com\/index.php\/wp-json\/wp\/v2\/media?parent=28774"}],"wp:term":[{"taxonomy":"category","embeddable":true,"href":"https:\/\/kibrisayna.com\/index.php\/wp-json\/wp\/v2\/categories?post=28774"},{"taxonomy":"post_tag","embeddable":true,"href":"https:\/\/kibrisayna.com\/index.php\/wp-json\/wp\/v2\/tags?post=28774"}],"curies":[{"name":"wp","href":"https:\/\/api.w.org\/{rel}","templated":true}]}}