{"id":28772,"date":"2025-06-20T12:36:04","date_gmt":"2025-06-20T09:36:04","guid":{"rendered":"https:\/\/kibrisayna.com\/index.php\/2025\/06\/20\/kibrisli-turk-insan-haklari-vakfi-bir-insan-hakki-olarak-unutulma-hakki-paneli-duzenliyor-brtk\/"},"modified":"2025-06-20T12:36:04","modified_gmt":"2025-06-20T09:36:04","slug":"kibrisli-turk-insan-haklari-vakfi-bir-insan-hakki-olarak-unutulma-hakki-paneli-duzenliyor-brtk","status":"publish","type":"post","link":"https:\/\/kibrisayna.com\/index.php\/2025\/06\/20\/kibrisli-turk-insan-haklari-vakfi-bir-insan-hakki-olarak-unutulma-hakki-paneli-duzenliyor-brtk\/","title":{"rendered":"K\u0131br\u0131sl\u0131 T\u00fcrk \u0130nsan Haklar\u0131 Vakf\u0131 \u201cBir \u0130nsan Hakk\u0131 Olarak Unutulma Hakk\u0131\u201d paneli d\u00fczenliyor \u2013 BRTK"},"content":{"rendered":"<p> <br \/>\n<\/p>\n<div>\n<div class=\"mariselle-image-container center\">\n                <img loading=\"lazy\" decoding=\"async\" width=\"960\" height=\"960\" class=\"lazy-image\" alt=\"\" sizes=\"auto, (max-width: 960px) 100vw, 960px\" src=\"https:\/\/brtk.net\/wp-content\/uploads\/2025\/06\/20\/1750409673344KTIHV-UNUTULMA-HAKKI-PANEL-1.jpg?ver=a0e3b25b42cd3cbb7e4f71e7e700dd82\" srcset=\"https:\/\/brtk.net\/wp-content\/uploads\/2025\/06\/20\/1750409673344KTIHV-UNUTULMA-HAKKI-PANEL-1.jpg?ver=a0e3b25b42cd3cbb7e4f71e7e700dd82 960w, https:\/\/brtk.net\/wp-content\/uploads\/2025\/06\/20\/1750409673344KTIHV-UNUTULMA-HAKKI-PANEL-1-300x300.jpg?ver=a0e3b25b42cd3cbb7e4f71e7e700dd82 300w, https:\/\/brtk.net\/wp-content\/uploads\/2025\/06\/20\/1750409673344KTIHV-UNUTULMA-HAKKI-PANEL-1-150x150.jpg?ver=a0e3b25b42cd3cbb7e4f71e7e700dd82 150w, https:\/\/brtk.net\/wp-content\/uploads\/2025\/06\/20\/1750409673344KTIHV-UNUTULMA-HAKKI-PANEL-1-768x768.jpg?ver=a0e3b25b42cd3cbb7e4f71e7e700dd82 768w, https:\/\/brtk.net\/wp-content\/uploads\/2025\/06\/20\/1750409673344KTIHV-UNUTULMA-HAKKI-PANEL-1-800x800.jpg?ver=352744282b6672bfaf4c3bd691250450 800w\"\/>                            <\/div>\n<p>K\u0131br\u0131sl\u0131 T\u00fcrk \u0130nsan Haklar\u0131 Vakf\u0131 (KT\u0130HV), \u201cBir \u0130nsan Hakk\u0131 Olarak Unutulma Hakk\u0131\u201d paneli d\u00fczenleyecek.<\/p>\n<p>Yar\u0131n saat 10.00\u2019da Lefko\u015fa\u2019da K\u0131br\u0131s T\u00fcrk Tabipleri Birli\u011fi Lokali\u2019nde yer alacak panel, herkesin kat\u0131l\u0131m\u0131na a\u00e7\u0131k ve \u00fccretsiz olacak.<\/p>\n<p>Vak\u0131f\u2019tan verilen bilgiye g\u00f6re AB\u2019nin Sivil Alan projesi alt\u0131nda y\u00fcr\u00fct\u00fclen Sivil B\u00fcy\u00fc program\u0131 deste\u011fiyle yap\u0131lacak panelde, dijital \u00e7a\u011f\u0131n g\u00fcncel ve tart\u0131\u015f\u0131lan haklar\u0131ndan biri olan \u201cUnutulma Hakk\u0131\u201d hukuki, etik ve toplumsal boyutlar\u0131yla ele al\u0131nacak.<\/p>\n<p>\u0130ki oturumdan olu\u015fan panel, KT\u0130HV M\u00fctevelli Heyeti Ba\u015fkan\u0131, eski Y\u00fcksek Y\u00f6netim Denet\u00e7isi Emine Dizdarl\u0131\u2019n\u0131n a\u00e7\u0131l\u0131\u015f konu\u015fmas\u0131yla ba\u015flayacak.<\/p>\n<p>Ard\u0131ndan KT\u0130HV M\u00fctevelli Heyeti \u00dcyesi, Avukat Deniz D\u00fczg\u00fcn\u2019\u00fcn moderat\u00f6rl\u00fc\u011f\u00fcn\u00fc \u00fcstlenece\u011fi ilk oturum yap\u0131lacak. Oturumda, Y\u00fcksek Mahkeme Yarg\u0131c\u0131 Bahar Duatepe \u201cUnutulma Hakk\u0131 Perspektifinden Genel De\u011ferlendirme\u201d ve Do\u00e7. Dr. Demet \u00c7elik Ulusoy \u201cK\u0131br\u0131s\u2019\u0131n Kuzeyinde Ki\u015fisel Verilerin Korunmas\u0131 ve Unutulma Hakk\u0131: 89\/2007 Say\u0131l\u0131 Yasa \u00c7er\u00e7evesinde Bir De\u011ferlendirme\u201d ba\u015fl\u0131kl\u0131 sunumlar ger\u00e7ekle\u015ftirecek.<\/p>\n<p>KT\u0130HV M\u00fctevelli Heyeti \u00dcyesi, Yrd. Do\u00e7. Dr. G\u00f6rkem G\u00f6ktuna\u2019n\u0131n moderat\u00f6rl\u00fc\u011f\u00fcnde yap\u0131lacak ikinci oturumda, Prof. Dr. Yaman Akdeniz \u201cHat\u0131rlama Hakk\u0131: \u0130nternet Sans\u00fcr\u00fcn\u00fcn Toplumsal Haf\u0131za Boyutu\u201d, Dr. \u00d6\u011fretim \u00dcyesi Cemile Turgut \u201cUnutulma Hakk\u0131 ve Unutulma Hakk\u0131na Dair Yan\u0131lg\u0131lar\u201d ve Mehmet Cezar ise \u201cUnutulma Hakk\u0131n\u0131n Uygulanabilirli\u011fine \u0130li\u015fkin Teknik Y\u00f6ntemler\u201d konular\u0131nda birer konu\u015fma yapacak.<\/p>\n<p>Panel, kapan\u0131\u015f ve de\u011ferlendirmelerle sona erecek.<\/p>\n<\/p><\/div>\n<p><script async\n                    defer\n                    crossorigin=\"anonymous\"\n                    src=\"https:\/\/connect.facebook.net\/tr_TR\/sdk.js#xfbml=1&#038;version=v3.3\"\n            ><\/script><br \/>\n<br \/><br \/>\n<br \/><a href=\"https:\/\/brtk.net\/kibrisli-turk-insan-haklari-vakfi-bir-insan-hakki-olarak-unutulma-hakki-paneli-duzenliyor\/\">Kaynak BRT <\/a><\/p>\n","protected":false},"excerpt":{"rendered":"<p>K\u0131br\u0131sl\u0131 T\u00fcrk \u0130nsan Haklar\u0131 Vakf\u0131 (KT\u0130HV), \u201cBir \u0130nsan Hakk\u0131 Olarak Unutulma Hakk\u0131\u201d paneli d\u00fczenleyecek. Yar\u0131n saat 10.00\u2019da Lefko\u015fa\u2019da K\u0131br\u0131s T\u00fcrk Tabipleri Birli\u011fi Lokali\u2019nde yer alacak panel, herkesin kat\u0131l\u0131m\u0131na a\u00e7\u0131k ve \u00fccretsiz olacak. Vak\u0131f\u2019tan verilen bilgiye g\u00f6re AB\u2019nin Sivil Alan projesi alt\u0131nda y\u00fcr\u00fct\u00fclen Sivil B\u00fcy\u00fc program\u0131 deste\u011fiyle yap\u0131lacak panelde, dijital \u00e7a\u011f\u0131n g\u00fcncel ve tart\u0131\u015f\u0131lan haklar\u0131ndan biri [&hellip;]<\/p>\n","protected":false},"author":908,"featured_media":28773,"comment_status":"open","ping_status":"open","sticky":false,"template":"","format":"standard","meta":{"advanced_seo_description":"","jetpack_seo_html_title":"","jetpack_seo_noindex":false,"jetpack_seo_schema_type":"","_jetpack_newsletter_access":"","_jetpack_dont_email_post_to_subs":false,"_jetpack_newsletter_tier_id":0,"_jetpack_memberships_contains_paywalled_content":false,"_jetpack_feature_clip_id":0,"_jetpack_memberships_contains_paid_content":false,"footnotes":"","jetpack_publicize_message":"","jetpack_publicize_feature_enabled":true,"jetpack_social_post_already_shared":true,"jetpack_social_options":{"image_generator_settings":{"template":"highway","default_image_id":0,"font":"","enabled":false},"version":2},"jetpack_post_was_ever_published":false},"categories":[253],"tags":[],"class_list":["post-28772","post","type-post","status-publish","format-standard","has-post-thumbnail","hentry","category-gundem"],"jetpack_publicize_connections":[],"jetpack_featured_media_url":"https:\/\/kibrisayna.com\/wp-content\/uploads\/2025\/06\/1750409673344KTIHV-UNUTULMA-HAKKI-PANEL-1.jpg","jetpack_sharing_enabled":true,"_links":{"self":[{"href":"https:\/\/kibrisayna.com\/index.php\/wp-json\/wp\/v2\/posts\/28772","targetHints":{"allow":["GET"]}}],"collection":[{"href":"https:\/\/kibrisayna.com\/index.php\/wp-json\/wp\/v2\/posts"}],"about":[{"href":"https:\/\/kibrisayna.com\/index.php\/wp-json\/wp\/v2\/types\/post"}],"author":[{"embeddable":true,"href":"https:\/\/kibrisayna.com\/index.php\/wp-json\/wp\/v2\/users\/908"}],"replies":[{"embeddable":true,"href":"https:\/\/kibrisayna.com\/index.php\/wp-json\/wp\/v2\/comments?post=28772"}],"version-history":[{"count":0,"href":"https:\/\/kibrisayna.com\/index.php\/wp-json\/wp\/v2\/posts\/28772\/revisions"}],"wp:featuredmedia":[{"embeddable":true,"href":"https:\/\/kibrisayna.com\/index.php\/wp-json\/wp\/v2\/media\/28773"}],"wp:attachment":[{"href":"https:\/\/kibrisayna.com\/index.php\/wp-json\/wp\/v2\/media?parent=28772"}],"wp:term":[{"taxonomy":"category","embeddable":true,"href":"https:\/\/kibrisayna.com\/index.php\/wp-json\/wp\/v2\/categories?post=28772"},{"taxonomy":"post_tag","embeddable":true,"href":"https:\/\/kibrisayna.com\/index.php\/wp-json\/wp\/v2\/tags?post=28772"}],"curies":[{"name":"wp","href":"https:\/\/api.w.org\/{rel}","templated":true}]}}