{"id":28770,"date":"2025-06-20T12:30:00","date_gmt":"2025-06-20T09:30:00","guid":{"rendered":"https:\/\/kibrisayna.com\/index.php\/2025\/06\/20\/kktc-ozbekistandaki-genclik-forumunda-temsil-edildi-brtk\/"},"modified":"2025-06-20T12:30:00","modified_gmt":"2025-06-20T09:30:00","slug":"kktc-ozbekistandaki-genclik-forumunda-temsil-edildi-brtk","status":"publish","type":"post","link":"https:\/\/kibrisayna.com\/index.php\/2025\/06\/20\/kktc-ozbekistandaki-genclik-forumunda-temsil-edildi-brtk\/","title":{"rendered":"KKTC \u00d6zbekistan\u2019daki Gen\u00e7lik Forumu\u2019nda temsil edildi \u2013 BRTK"},"content":{"rendered":"<p> <br \/>\n<\/p>\n<div>\n<div class=\"mariselle-image-container center\">\n                <img loading=\"lazy\" decoding=\"async\" width=\"2560\" height=\"1920\" class=\"lazy-image\" alt=\"\" sizes=\"auto, (max-width: 2560px) 100vw, 2560px\" src=\"https:\/\/brtk.net\/wp-content\/uploads\/2025\/06\/20\/1750404185547TURK-DEVLETLERI-TESKILATI4-scaled.jpeg?ver=949977c43aac2fd2682a975cfa1b99f4\" srcset=\"https:\/\/brtk.net\/wp-content\/uploads\/2025\/06\/20\/1750404185547TURK-DEVLETLERI-TESKILATI4-scaled.jpeg?ver=949977c43aac2fd2682a975cfa1b99f4 2560w, https:\/\/brtk.net\/wp-content\/uploads\/2025\/06\/20\/1750404185547TURK-DEVLETLERI-TESKILATI4-300x225.jpeg?ver=949977c43aac2fd2682a975cfa1b99f4 300w, https:\/\/brtk.net\/wp-content\/uploads\/2025\/06\/20\/1750404185547TURK-DEVLETLERI-TESKILATI4-1024x768.jpeg?ver=11273c0293993e0ab1576fdd7cf47fa1 1024w, https:\/\/brtk.net\/wp-content\/uploads\/2025\/06\/20\/1750404185547TURK-DEVLETLERI-TESKILATI4-768x576.jpeg?ver=58c30fe26eface1ca9402d9687d8d5b8 768w, https:\/\/brtk.net\/wp-content\/uploads\/2025\/06\/20\/1750404185547TURK-DEVLETLERI-TESKILATI4-1536x1152.jpeg?ver=1f33169ad0faf5e2834b85f272810f39 1536w, https:\/\/brtk.net\/wp-content\/uploads\/2025\/06\/20\/1750404185547TURK-DEVLETLERI-TESKILATI4-2048x1536.jpeg?ver=c34cff2b29ef3f9dac494fea216e40ab 2048w\"\/>                            <\/div>\n<p>K\u0131br\u0131s T\u00fcrk \u00d6\u011frenciler Birli\u011fi Derne\u011fi\u2019nin T\u00fcrkiye Ba\u015fkan\u0131 Do\u011fu\u015f Ertoprak, \u00d6zbekistan\u2019da d\u00fczenlenen \u201cT\u00fcrk Devletleri Te\u015fkilat\u0131 III. Diaspora Gen\u00e7lik Forumu\u201dnda Kuzey K\u0131br\u0131s T\u00fcrk Cumhuriyeti\u2019ni temsil etti.<\/p>\n<p>Dernekten yap\u0131lan a\u00e7\u0131klamaya g\u00f6re, 16 \u2013 19 Haziran tarihleri aras\u0131nda \u00d6zbekistan\u2019\u0131n ba\u015fkenti Ta\u015fkent\u2019te ger\u00e7ekle\u015fen ve \u201cS\u0131n\u0131r Tan\u0131mayan Miras: Gen\u00e7 Diaspora Liderleri Gelece\u011fi \u015eekillendiriyor\u201d temas\u0131yla d\u00fczenlenen forumda, T\u00fcrk d\u00fcnyas\u0131n\u0131n gen\u00e7 temsilcileri bir araya geldi. Etkinlikte, k\u00fclt\u00fcrel miras, kimlik, diaspora \u00e7al\u0131\u015fmalar\u0131 ve ortak gelecek \u00fczerine g\u00f6r\u00fc\u015f al\u0131\u015fveri\u015finde bulunuldu.<\/p>\n<p>Forumda bir konu\u015fma yapan Ertoprak, K\u0131br\u0131s T\u00fcrk halk\u0131n\u0131n tarih boyunca k\u00fclt\u00fcr\u00fcn\u00fc, dilini ve kimli\u011fini korumak i\u00e7in verdi\u011fi m\u00fccadeleye dikkat \u00e7ekti. K\u00fclt\u00fcrel de\u011ferlerin ya\u015fat\u0131lmas\u0131 i\u00e7in gen\u00e7li\u011fin \u00fcretken ve bilin\u00e7li olmas\u0131 gerekti\u011fini dile getiren Ertoprak, bu alandaki sorumluluklara i\u015faret etti.<\/p>\n<p>Ertoprak, dernek olarak y\u00fcr\u00fctt\u00fckleri faaliyetlere de de\u011finerek, \u00f6n\u00fcm\u00fczdeki d\u00f6nemde hayata ge\u00e7irmeyi planlad\u0131klar\u0131 projeler hakk\u0131nda bilgi verdi.<\/p>\n<p>Bu \u00e7al\u0131\u015fmalar\u0131n k\u00fclt\u00fcrel ba\u011flar\u0131 g\u00fc\u00e7lendirmek ve gen\u00e7ler aras\u0131ndaki dayan\u0131\u015fmay\u0131 art\u0131rmak a\u00e7\u0131s\u0131ndan b\u00fcy\u00fck \u00f6nem ta\u015f\u0131d\u0131\u011f\u0131n\u0131 ifade eden Ertoprak, KKTC\u2019nin uluslararas\u0131 platformlarda temsil edilmesinin siyasi ve k\u00fclt\u00fcrel a\u00e7\u0131dan anlaml\u0131 oldu\u011funu ve T\u00fcrk d\u00fcnyas\u0131n\u0131n bir par\u00e7as\u0131 olarak bu t\u00fcr etkinliklerde yer alman\u0131n b\u00fcy\u00fck bir de\u011fer ta\u015f\u0131d\u0131\u011f\u0131n\u0131 belirtti.<\/p>\n<\/p><\/div>\n<p><script async\n                    defer\n                    crossorigin=\"anonymous\"\n                    src=\"https:\/\/connect.facebook.net\/tr_TR\/sdk.js#xfbml=1&#038;version=v3.3\"\n            ><\/script><br \/>\n<br \/><br \/>\n<br \/><a href=\"https:\/\/brtk.net\/kktc-ozbekistandaki-genclik-forumunda-temsil-edildi\/\">Kaynak BRT <\/a><\/p>\n","protected":false},"excerpt":{"rendered":"<p>K\u0131br\u0131s T\u00fcrk \u00d6\u011frenciler Birli\u011fi Derne\u011fi\u2019nin T\u00fcrkiye Ba\u015fkan\u0131 Do\u011fu\u015f Ertoprak, \u00d6zbekistan\u2019da d\u00fczenlenen \u201cT\u00fcrk Devletleri Te\u015fkilat\u0131 III. Diaspora Gen\u00e7lik Forumu\u201dnda Kuzey K\u0131br\u0131s T\u00fcrk Cumhuriyeti\u2019ni temsil etti. Dernekten yap\u0131lan a\u00e7\u0131klamaya g\u00f6re, 16 \u2013 19 Haziran tarihleri aras\u0131nda \u00d6zbekistan\u2019\u0131n ba\u015fkenti Ta\u015fkent\u2019te ger\u00e7ekle\u015fen ve \u201cS\u0131n\u0131r Tan\u0131mayan Miras: Gen\u00e7 Diaspora Liderleri Gelece\u011fi \u015eekillendiriyor\u201d temas\u0131yla d\u00fczenlenen forumda, T\u00fcrk d\u00fcnyas\u0131n\u0131n gen\u00e7 temsilcileri bir [&hellip;]<\/p>\n","protected":false},"author":908,"featured_media":28771,"comment_status":"open","ping_status":"open","sticky":false,"template":"","format":"standard","meta":{"advanced_seo_description":"","jetpack_seo_html_title":"","jetpack_seo_noindex":false,"jetpack_seo_schema_type":"","_jetpack_newsletter_access":"","_jetpack_dont_email_post_to_subs":false,"_jetpack_newsletter_tier_id":0,"_jetpack_memberships_contains_paywalled_content":false,"_jetpack_feature_clip_id":0,"_jetpack_memberships_contains_paid_content":false,"footnotes":"","jetpack_publicize_message":"","jetpack_publicize_feature_enabled":true,"jetpack_social_post_already_shared":true,"jetpack_social_options":{"image_generator_settings":{"template":"highway","default_image_id":0,"font":"","enabled":false},"version":2},"jetpack_post_was_ever_published":false},"categories":[253],"tags":[],"class_list":["post-28770","post","type-post","status-publish","format-standard","has-post-thumbnail","hentry","category-gundem"],"jetpack_publicize_connections":[],"jetpack_featured_media_url":"https:\/\/kibrisayna.com\/wp-content\/uploads\/2025\/06\/1750404185547TURK-DEVLETLERI-TESKILATI4-scaled.jpeg","jetpack_sharing_enabled":true,"_links":{"self":[{"href":"https:\/\/kibrisayna.com\/index.php\/wp-json\/wp\/v2\/posts\/28770","targetHints":{"allow":["GET"]}}],"collection":[{"href":"https:\/\/kibrisayna.com\/index.php\/wp-json\/wp\/v2\/posts"}],"about":[{"href":"https:\/\/kibrisayna.com\/index.php\/wp-json\/wp\/v2\/types\/post"}],"author":[{"embeddable":true,"href":"https:\/\/kibrisayna.com\/index.php\/wp-json\/wp\/v2\/users\/908"}],"replies":[{"embeddable":true,"href":"https:\/\/kibrisayna.com\/index.php\/wp-json\/wp\/v2\/comments?post=28770"}],"version-history":[{"count":0,"href":"https:\/\/kibrisayna.com\/index.php\/wp-json\/wp\/v2\/posts\/28770\/revisions"}],"wp:featuredmedia":[{"embeddable":true,"href":"https:\/\/kibrisayna.com\/index.php\/wp-json\/wp\/v2\/media\/28771"}],"wp:attachment":[{"href":"https:\/\/kibrisayna.com\/index.php\/wp-json\/wp\/v2\/media?parent=28770"}],"wp:term":[{"taxonomy":"category","embeddable":true,"href":"https:\/\/kibrisayna.com\/index.php\/wp-json\/wp\/v2\/categories?post=28770"},{"taxonomy":"post_tag","embeddable":true,"href":"https:\/\/kibrisayna.com\/index.php\/wp-json\/wp\/v2\/tags?post=28770"}],"curies":[{"name":"wp","href":"https:\/\/api.w.org\/{rel}","templated":true}]}}