{"id":28749,"date":"2025-06-20T07:11:10","date_gmt":"2025-06-20T04:11:10","guid":{"rendered":"https:\/\/kibrisayna.com\/index.php\/2025\/06\/20\/bir-kisi-yaralandi-brtk-3\/"},"modified":"2025-06-20T07:11:10","modified_gmt":"2025-06-20T04:11:10","slug":"bir-kisi-yaralandi-brtk-3","status":"publish","type":"post","link":"https:\/\/kibrisayna.com\/index.php\/2025\/06\/20\/bir-kisi-yaralandi-brtk-3\/","title":{"rendered":"Bir ki\u015fi yaraland\u0131 \u2013 BRTK"},"content":{"rendered":"<p> <br \/>\n<\/p>\n<div>\n<div class=\"mariselle-image-container center\">\n                <img loading=\"lazy\" decoding=\"async\" width=\"670\" height=\"310\" class=\"lazy-image\" alt=\"\" sizes=\"auto, (max-width: 670px) 100vw, 670px\" src=\"https:\/\/brtk.net\/wp-content\/uploads\/2023\/07\/24\/olay-yeri.jpg?ver=6de79a6980bc70b8be63824ee4384fc2\" srcset=\"https:\/\/brtk.net\/wp-content\/uploads\/2023\/07\/24\/olay-yeri.jpg?ver=6de79a6980bc70b8be63824ee4384fc2 670w, https:\/\/brtk.net\/wp-content\/uploads\/2023\/07\/24\/olay-yeri-300x139.jpg?ver=6de79a6980bc70b8be63824ee4384fc2 300w\"\/>                            <\/div>\n<p>Girne\u2019de  saat 01.30 s\u0131lar\u0131nda  \u00dcniversite yolu \u00fczerinde faaliyet g\u00f6steren bir i\u015f yeri, kimli\u011fi belirsiz ki\u015fi veya ki\u015filerce silahl\u0131 sald\u0131r\u0131ya u\u011frad\u0131.<\/p>\n<p>Polis Bas\u0131n Subayl\u0131\u011f\u0131\u2019ndan yap\u0131lan a\u00e7\u0131klamaya g\u00f6re, tabanca ile a\u00e7\u0131lan ate\u015f sonucu i\u015f yeri \u00e7al\u0131\u015fanlar\u0131ndan bir ki\u015fi aya\u011f\u0131ndan yaraland\u0131. Yaral\u0131 \u015fah\u0131s, h\u0131zla Girne Dr. Ak\u00e7i\u00e7ek Hastanesi\u2019ne kald\u0131r\u0131larak tedavi alt\u0131na al\u0131nd\u0131.<\/p>\n<p>Sald\u0131r\u0131n\u0131n nedeni ve failleri hakk\u0131nda hen\u00fcz net bir bilgi bulunmazken, olayla ilgili soru\u015fturma devam ediyor. Polis ekipleri, sald\u0131rganlar\u0131n yakalanmas\u0131 i\u00e7in geni\u015f \u00e7apl\u0131 \u00e7al\u0131\u015fma ba\u015flatt\u0131.<\/p>\n<\/p><\/div>\n<p><script async\n                    defer\n                    crossorigin=\"anonymous\"\n                    src=\"https:\/\/connect.facebook.net\/tr_TR\/sdk.js#xfbml=1&#038;version=v3.3\"\n            ><\/script><br \/>\n<br \/><br \/>\n<br \/><a href=\"https:\/\/brtk.net\/girnede-is-yerine-silahli-saldiri-bir-kisi-yaralandi\/\">Kaynak BRT <\/a><\/p>\n","protected":false},"excerpt":{"rendered":"<p>Girne\u2019de saat 01.30 s\u0131lar\u0131nda \u00dcniversite yolu \u00fczerinde faaliyet g\u00f6steren bir i\u015f yeri, kimli\u011fi belirsiz ki\u015fi veya ki\u015filerce silahl\u0131 sald\u0131r\u0131ya u\u011frad\u0131. Polis Bas\u0131n Subayl\u0131\u011f\u0131\u2019ndan yap\u0131lan a\u00e7\u0131klamaya g\u00f6re, tabanca ile a\u00e7\u0131lan ate\u015f sonucu i\u015f yeri \u00e7al\u0131\u015fanlar\u0131ndan bir ki\u015fi aya\u011f\u0131ndan yaraland\u0131. Yaral\u0131 \u015fah\u0131s, h\u0131zla Girne Dr. Ak\u00e7i\u00e7ek Hastanesi\u2019ne kald\u0131r\u0131larak tedavi alt\u0131na al\u0131nd\u0131. Sald\u0131r\u0131n\u0131n nedeni ve failleri hakk\u0131nda hen\u00fcz [&hellip;]<\/p>\n","protected":false},"author":908,"featured_media":14729,"comment_status":"open","ping_status":"open","sticky":false,"template":"","format":"standard","meta":{"_jetpack_memberships_contains_paid_content":false,"footnotes":"","jetpack_publicize_message":"","jetpack_publicize_feature_enabled":true,"jetpack_social_post_already_shared":true,"jetpack_social_options":{"image_generator_settings":{"template":"highway","default_image_id":0,"font":"","enabled":false},"version":2}},"categories":[253],"tags":[],"class_list":["post-28749","post","type-post","status-publish","format-standard","has-post-thumbnail","hentry","category-gundem"],"jetpack_publicize_connections":[],"jetpack_featured_media_url":"https:\/\/kibrisayna.com\/wp-content\/uploads\/2024\/12\/olay-yeri.jpg","jetpack_sharing_enabled":true,"_links":{"self":[{"href":"https:\/\/kibrisayna.com\/index.php\/wp-json\/wp\/v2\/posts\/28749","targetHints":{"allow":["GET"]}}],"collection":[{"href":"https:\/\/kibrisayna.com\/index.php\/wp-json\/wp\/v2\/posts"}],"about":[{"href":"https:\/\/kibrisayna.com\/index.php\/wp-json\/wp\/v2\/types\/post"}],"author":[{"embeddable":true,"href":"https:\/\/kibrisayna.com\/index.php\/wp-json\/wp\/v2\/users\/908"}],"replies":[{"embeddable":true,"href":"https:\/\/kibrisayna.com\/index.php\/wp-json\/wp\/v2\/comments?post=28749"}],"version-history":[{"count":0,"href":"https:\/\/kibrisayna.com\/index.php\/wp-json\/wp\/v2\/posts\/28749\/revisions"}],"wp:featuredmedia":[{"embeddable":true,"href":"https:\/\/kibrisayna.com\/index.php\/wp-json\/wp\/v2\/media\/14729"}],"wp:attachment":[{"href":"https:\/\/kibrisayna.com\/index.php\/wp-json\/wp\/v2\/media?parent=28749"}],"wp:term":[{"taxonomy":"category","embeddable":true,"href":"https:\/\/kibrisayna.com\/index.php\/wp-json\/wp\/v2\/categories?post=28749"},{"taxonomy":"post_tag","embeddable":true,"href":"https:\/\/kibrisayna.com\/index.php\/wp-json\/wp\/v2\/tags?post=28749"}],"curies":[{"name":"wp","href":"https:\/\/api.w.org\/{rel}","templated":true}]}}