{"id":28745,"date":"2025-06-19T21:59:04","date_gmt":"2025-06-19T18:59:04","guid":{"rendered":"https:\/\/kibrisayna.com\/index.php\/2025\/06\/19\/halkin-iradesi-bize-cesaret-veriyor-brtk\/"},"modified":"2025-06-19T21:59:04","modified_gmt":"2025-06-19T18:59:04","slug":"halkin-iradesi-bize-cesaret-veriyor-brtk","status":"publish","type":"post","link":"https:\/\/kibrisayna.com\/index.php\/2025\/06\/19\/halkin-iradesi-bize-cesaret-veriyor-brtk\/","title":{"rendered":"\u201cHalk\u0131n iradesi bize cesaret veriyor\u201d \u2013 BRTK"},"content":{"rendered":"<p> <br \/>\n<\/p>\n<div>\n<div class=\"mariselle-image-container center\">\n                <img loading=\"lazy\" decoding=\"async\" width=\"862\" height=\"411\" class=\"lazy-image\" alt=\"\" sizes=\"auto, (max-width: 862px) 100vw, 862px\" src=\"https:\/\/brtk.net\/wp-content\/uploads\/2025\/06\/19\/sdkfsskskfs.jpg?ver=60338cd08f413ca721efce512111b4d3\" srcset=\"https:\/\/brtk.net\/wp-content\/uploads\/2025\/06\/19\/sdkfsskskfs.jpg?ver=60338cd08f413ca721efce512111b4d3 862w, https:\/\/brtk.net\/wp-content\/uploads\/2025\/06\/19\/sdkfsskskfs-300x143.jpg?ver=60338cd08f413ca721efce512111b4d3 300w, https:\/\/brtk.net\/wp-content\/uploads\/2025\/06\/19\/sdkfsskskfs-768x366.jpg?ver=60338cd08f413ca721efce512111b4d3 768w\"\/>                            <\/div>\n<p>Cumhurba\u015fkan\u0131 Ersin Tatar, g\u00f6revindeki 5 y\u0131l\u0131n\u0131 d\u00fczenledi\u011fi bas\u0131n toplant\u0131s\u0131 ile de\u011ferlendirdi\u2026 <\/p>\n<p>Lefko\u015fa Grand Pasha Otel\u2019de d\u00fczenlenen toplant\u0131da konu\u015fan Cumhurba\u015fkan\u0131 Tatar, 4 y\u0131l 8 ay \u00f6nce K\u0131br\u0131s T\u00fcrk halk\u0131 taraf\u0131ndan 5. Cumhurba\u015fkan\u0131 olarak se\u00e7ildi\u011fini an\u0131msatt\u0131, g\u00f6rev s\u00fcresi boyunca hi\u00e7 kimseyi ay\u0131rmadan, sorunlar\u0131n \u00e7\u00f6z\u00fcm\u00fc i\u00e7in elinden gelen b\u00fct\u00fcn gayreti g\u00f6sterdi\u011fini belirtti. <\/p>\n<p>Tatar \u201cCumhurba\u015fkanl\u0131\u011f\u0131 g\u00f6revime ba\u015flarken temel hedeflerim \u015funlard\u0131; Kuzey K\u0131br\u0131s T\u00fcrk Cumhuriyeti Devletini g\u00fc\u00e7lendirmek, Halk\u0131m\u0131z\u0131n refah ve g\u00fcven i\u00e7inde ya\u015famas\u0131n\u0131 sa\u011flayabilmek, T\u00fcrkiye ile ili\u015fkilerimizi her alanda geli\u015ftirmek ve adam\u0131zda kal\u0131c\u0131 bir bar\u0131\u015f i\u00e7in egemen e\u015fitlik ve e\u015fit uluslararas\u0131 stat\u00fc irademize kararl\u0131l\u0131kla sahip \u00e7\u0131kmakt\u0131. Memnuniyetle belirtmek isterim ki, aradan ge\u00e7en 4 y\u0131l 8 ayda, bu hedeflerimizin tamam\u0131nda \u00e7ok \u00f6nemli ilerlemeler kaydettik.\u201d Dedi <\/p>\n<p>Anavatan T\u00fcrkiye\u2019nin de tam deste\u011fini alan iki devletli \u00e7\u00f6z\u00fcm vizyonunu ortaya koyduklar\u0131n\u0131 an\u0131msatan Tatar, bug\u00fcn K\u0131br\u0131s\u2019ta kar\u015f\u0131la\u015f\u0131lan en b\u00fcy\u00fck ger\u00e7e\u011fin, K\u0131br\u0131s T\u00fcrk Halk\u0131\u2019n\u0131n 62 y\u0131ld\u0131r maruz b\u0131rak\u0131ld\u0131\u011f\u0131 abluka ve izolasyonun devam etmesi oldu\u011funu vurgulad\u0131.<\/p>\n<p>\u201cBu sessiz insanl\u0131k su\u00e7u, y\u0131llard\u0131r a\u00e7\u0131k bir bi\u00e7imde uluslararas\u0131 hukuk ve evrensel insan haklar\u0131 ihlaline ra\u011fmen s\u00fcrmektedir.\u201d Diyen Tatar, K\u0131br\u0131s T\u00fcrk halk\u0131n\u0131n engellenen haklar\u0131n\u0131n yeniden tesis edilmesinin \u00f6ncelikli g\u00fcndemleri oldu\u011funu belirtti. <\/p>\n<p><code><br \/>1968'den bu yana iki taraf aras\u0131nda y\u00fcr\u00fct\u00fclen resmi ve gayr\u0131 resmi m\u00fczakerelerin sonu\u00e7lar\u0131n\u0131n ortada oldu\u011funu kaydeden Cumhurba\u015fkan\u0131, \u201cKar\u015f\u0131m\u0131zda, halk\u0131m\u0131z\u0131n haklar\u0131n\u0131 gasp etmi\u015f ve her f\u0131rsatta m\u00fczakere masas\u0131n\u0131 deviren, h\u0131rs\u0131 kibrini a\u015fm\u0131\u015f bir muhatap var\u201d dedi.  <\/code><\/p>\n<p>Bu kadar \u00e7abaya ra\u011fmen neden hala bir uzla\u015f\u0131ya var\u0131lamad\u0131\u011f\u0131n\u0131 soran Tatar, \u201cArt\u0131k \u00fczerine titrememiz gereken \u015fey, gelece\u011fe g\u00fcvenle bakabilen, onurlu bir halk\u0131 temsil eden kendi devletimizdir\u201d dedi. <\/p>\n<p>Tek taleplerinin egemen e\u015fitlik, e\u015fit uluslararas\u0131 stat\u00fc oldu\u011funu vurgulayan Cumhurba\u015fkan\u0131 Tatar, Rum taraf\u0131n\u0131n K\u0131br\u0131s T\u00fcrk halk\u0131n\u0131 g\u00f6z ard\u0131 ederek tasarlad\u0131\u011f\u0131 d\u00fczende, e\u015fitli\u011fe yer olmad\u0131\u011f\u0131n\u0131 s\u00f6yledi. <\/p>\n<p>\u201cBug\u00fcn, uluslararas\u0131 hukukla uyumlu m\u00fclkiyet rejimimiz kapsam\u0131ndaki ta\u015f\u0131nmaz mallara sahip \u00e7\u0131kan, tasarrufta bulunan insanlar\u0131m\u0131z\u0131n pe\u015flerine d\u00fc\u015f\u00fcyor, s\u0131n\u0131r kap\u0131lar\u0131nda pusu kuruyorlar\u201d diyen Tatar, K\u0131br\u0131s T\u00fcrk halk\u0131na verilen hangi s\u00f6z\u00fcn tutuldu\u011funu, hangi vaadin ger\u00e7ekle\u015ftirildi\u011fini sordu. <\/p>\n<p>K\u0131br\u0131s T\u00fcrk halk\u0131n\u0131n g\u00fcvenlik garantisinin de ortadan kald\u0131rmak istendi\u011fini belirten Cumhurba\u015fkan\u0131 s\u00f6zlerini s\u00f6yle s\u00fcrd\u00fcrd\u00fc; <\/p>\n<p>\u201cK\u0131br\u0131s Adas\u0131&#8217;n\u0131n \u00e7evresinde ve b\u00f6lgemizde ya\u015fanan son geli\u015fmeler, g\u00fcvenli\u011fin ne kadar hayati ve vazge\u00e7ilmez oldu\u011funu a\u00e7\u0131k\u00e7a g\u00f6stermektedir. Rum taraf\u0131n\u0131n &#8220;s\u0131f\u0131r asker, s\u0131f\u0131r garanti&#8221; \u0131srar\u0131, masum bir talep de\u011fil, bizi savunmas\u0131z b\u0131rakmay\u0131 ve bu yolla t\u00fcm aday\u0131 kendi kontrol\u00fcne almay\u0131 hedefleyen stratejik bir ad\u0131md\u0131r.\u201d<\/p>\n<p>Rum liderli\u011finin, yabanc\u0131 g\u00fc\u00e7leri adaya davet ederek yaln\u0131zca sorumsuz bir tav\u0131r sergilemedi\u011fini, ayn\u0131 zamanda K\u0131br\u0131s&#8217;\u0131 ciddi bir g\u00fcvenlik riskiyle de kar\u015f\u0131 kar\u015f\u0131ya b\u0131rakt\u0131\u011f\u0131n\u0131 kaydeden Cumhurba\u015fkan\u0131 Tatar, K\u0131br\u0131s T\u00fcrk&#8217;\u00fc i\u00e7in T\u00fcrkiye&#8217;nin etkin ve fiili garantisi, m\u00fcdahale hakk\u0131 ve adadaki askeri mevcudiyetinin vazge\u00e7ilmez oldu\u011funu vurgulad\u0131. <\/p>\n<p>Tatar &#8220;milli davan\u0131n&#8221; anlam\u0131n\u0131 yitirmi\u015f i\u00e7i bo\u015f m\u00fczakere sloganlar\u0131 de\u011fil, K\u0131br\u0131s T\u00fcrk\u00fcn\u00fcn ve devletin \u00f6zg\u00fcr, ba\u011f\u0131ms\u0131z ve refah i\u00e7inde geli\u015fimini sa\u011flamak, gelece\u011fe ve vatana sahip \u00e7\u0131kmak oldu\u011funu kaydetti. <\/p>\n<p>G\u00f6reve geldikleri g\u00fcnden itibaren kararl\u0131 bir duru\u015f sergilediklerini s\u00f6yleyen Cumhurba\u015fkan\u0131 2021&#8217;de BM Genel Sekreteri Guterres&#8217;le ger\u00e7ekle\u015ftirdikleri zirvede, T\u00fcrkiye, Yunanistan ve Birle\u015fik Krall\u0131k D\u0131\u015fi\u015fleri Bakanlar\u0131n\u0131n \u015fahitli\u011finde Rum lidere vizyonlar\u0131n\u0131 en net \u015fekilde ifade ettiklerini s\u00f6yledi. <\/p>\n<p>\u201cOrtak zemin bulunmadan, ge\u00e7mi\u015fi tekrar ederek, \u00e7\u00f6km\u00fc\u015f, t\u00fcketilmi\u015f zeminde m\u00fczakereye oturman\u0131n hi\u00e7bir anlam ifade etmeyece\u011fini a\u00e7\u0131k\u00e7a belirttik\u201d diyen Tatar BM Genel Sekreteri\u2019nin toplant\u0131n\u0131n ard\u0131ndan ortak bir zemin olmad\u0131\u011f\u0131n\u0131 uluslararas\u0131 topluma teyit etmesinin kendileri i\u00e7in d\u00f6n\u00fcm noktas\u0131 oldu\u011funu kaydetti. <\/p>\n<p>Rum taraf\u0131na y\u00f6nlendirilen i\u015fbirli\u011fi \u00f6nerileri hakk\u0131nda da bilgi veren Cumhurba\u015fkan\u0131 Tatar, adadaki t\u00fcm halklar\u0131n yarar\u0131na y\u00f6nelik t\u00fcm \u00f6nerilerin Rumlar taraf\u0131ndan reddedildi\u011fini anlatt\u0131. <\/p>\n<p>Mart ay\u0131nda, Cenevre&#8217;de ger\u00e7ekle\u015fen g\u00f6r\u00fc\u015fmelerde yine ortak bir m\u00fczakere zemini bulunamad\u0131\u011f\u0131n\u0131 an\u0131msatan Cumhurba\u015fkan\u0131 bunun \u00fczerine her iki taraf\u0131n da yarar\u0131na olacak bi\u00e7imde, temel konularda birlikte \u00e7al\u0131\u015fabilecek &#8220;K\u0131br\u0131s \u0130\u015f Birli\u011fi Konseyi&#8221; kurulmas\u0131n\u0131 ve on iki ba\u015fl\u0131k i\u00e7eren bir i\u015f birli\u011fi \u00f6nerisinde daha bulunduklar\u0131n\u0131 s\u00f6yledi. <\/p>\n<p>K\u0131br\u0131s \u0130\u015f Birli\u011fi Konseyi \u00f6nerimizin reddedilmesine ra\u011fmen, iki taraf aras\u0131nda d\u00f6rt yeni ge\u00e7i\u015f kap\u0131s\u0131n\u0131n a\u00e7\u0131lmas\u0131, may\u0131nlar\u0131n temizlenmesi, gen\u00e7lik teknik komitesi kurulmas\u0131, mezarl\u0131klar\u0131n restorasyonu ile iklim de\u011fi\u015fikli\u011finin olas\u0131 etkileri ve ara b\u00f6lgede g\u00fcne\u015f enerji santralinin kurulmas\u0131na ili\u015fkin alt\u0131 ba\u015fl\u0131k \u00fczerinde anla\u015fmaya var\u0131ld\u0131. Ancak her iki halk\u0131n da \u00f6ncelikli beklentisi ve ihtiyac\u0131 olan yeni ge\u00e7i\u015f kap\u0131lar\u0131 konusunda hala istedi\u011fimiz ilerleme maalesef sa\u011flanamam\u0131\u015ft\u0131r.<\/p>\n<p>Avrupa \u0130nsan Haklar\u0131 Mahkemesi&#8217;nin me\u015fru bir i\u00e7 hukuk yolu olarak teyit etti\u011fi Ta\u015f\u0131nmaz Mal Komisyonuna ra\u011fmen Rum taraf\u0131n\u0131n i\u015f insanlar\u0131na y\u00f6nelik ba\u015flatt\u0131\u011f\u0131 sald\u0131rgan tutumun da uzla\u015fma ve \u00e7\u00f6z\u00fcm arzusunu baltalayan ba\u015fka bir sorun olarak ortaya \u00e7\u0131kt\u0131\u011f\u0131n\u0131 belirten Tatar \u00e7\u00f6z\u00fcmden, bar\u0131\u015ftan ve m\u00fczakereden ka\u00e7an taraf\u0131n belli oldu\u011funu s\u00f6yledi. <\/p>\n<p>Tatar Rum taraf\u0131n\u0131n zihniyet de\u011fi\u015fmedik\u00e7e, iki taraf aras\u0131nda adil, kal\u0131c\u0131 ve s\u00fcrd\u00fcr\u00fclebilir bir bar\u0131\u015f\u0131n ger\u00e7ekle\u015fmesinin m\u00fcmk\u00fcn olmayaca\u011f\u0131n\u0131 vurgulad\u0131. <\/p>\n<p>Anavatan T\u00fcrkiye ile sevgi, sayg\u0131, karde\u015flik ba\u011flar\u0131 i\u00e7inde ortak tarihi ve milli de\u011ferlere dayal\u0131 ili\u015fkileri g\u00fc\u00e7lendirmenin en \u00f6nemli g\u00f6revlerimden biri oldu\u011funu kaydeden Cumhurba\u015fkan\u0131 \u201cT\u00fcrkiye&#8217;siz bir Kuzey K\u0131br\u0131s T\u00fcrk Cumhuriyeti nefes alamaz, Kuzey K\u0131br\u0131s T\u00fcrk Cumhuriyeti olmadan, T\u00fcrkiye Mavi Vatan&#8217;da ve Do\u011fu Akdeniz&#8217;de eksik kal\u0131r.\u201d Dedi. ??? 29. dakika <\/p>\n<p>Cumhurba\u015fkan\u0131 Tatar, T\u00fcrkiye\u2019nin her alanda KKTC\u2019ye olan desteklerini an\u0131msatt\u0131. <\/p>\n<p>Uluslararas\u0131 diplomasi yolunda yeni bir at\u0131l\u0131m d\u00f6nemi ba\u015flatt\u0131klar\u0131n\u0131 da kaydeden Cumhurba\u015fkan\u0131 Tatar, \u201cBu d\u00f6nemin en \u00f6nemli kazan\u0131m\u0131, hi\u00e7 ku\u015fku yok ki KKTC&#8217;nin T\u00fcrk Devletler Te\u015fkilat\u0131&#8217;na G\u00f6zlemci \u00dcye olarak kabul edilmesidir\u201d dedi.<\/p>\n<p>Tatar \u201c\u00d6zbekistan&#8217;\u0131n tarihi Semerkant \u015fehrinde, 11 Kas\u0131m 2022 tarihinde d\u00fczenlenen T\u00fcrk Devletleri Te\u015fkilat\u0131, Devlet Ba\u015fkanlar\u0131 Zirvesinde, Kuzey K\u0131br\u0131s T\u00fcrk Cumhuriyeti&#8217;nin resmi ad\u0131yla g\u00f6zlemci \u00fcye kabul edilmesi, K\u0131br\u0131s konusunda belirledi\u011fimiz yeni siyasetimiz i\u00e7in de bir d\u00f6n\u00fcm noktas\u0131 olmu\u015ftur\u2026\/\u2026 Bug\u00fcn KKTC&#8217;nin b\u00fct\u00fcn kamu kurumlar\u0131, STK&#8217;lar\u0131, bu karde\u015f \u00fclkelerle her anlamda d\u00fcne g\u00f6re daha \u00e7ok g\u00f6r\u00fc\u015fmekte ve daha \u00e7ok bir araya gelmektedir.\u201d Dedi. <\/p>\n<p>Yeni iki devlet vizyonuyla ba\u015flayan uluslararas\u0131 diplomasi ve ili\u015fki kurma giri\u015fimlerinin yayg\u0131nla\u015farak devam etti\u011fini kaydeden Tatar, Gambiya\u2019dan Avusturalya\u2019ya kadar \u00e7e\u015fitli \u00fclkelere ger\u00e7ekle\u015ftirdi\u011fi ziyaretleri ve g\u00f6r\u00fc\u015fmeleri hakk\u0131nda bilgi verdi.  <\/p>\n<p>Tatar konu\u015fmas\u0131nda Cumhurba\u015fkanl\u0131\u011f\u0131na ba\u011fl\u0131 olan Kay\u0131p \u015eah\u0131slar Komitesi, Milli Ar\u015fivler ve Ara\u015ft\u0131rma Dairesi ile Cumhurba\u015fkanl\u0131\u011f\u0131 Senfoni Orkestras\u0131na da yer vererek, kendi d\u00f6neminde bu kurumlar\u0131n y\u00fcr\u00fctt\u00fc\u011f\u00fc \u00e7al\u0131\u015fmalar hakk\u0131nda da bilgi verdi. <\/p>\n<p>E\u015fi Sibel Tatar\u2019\u0131n koordinasyonunda ve Cumhurba\u015fkanl\u0131\u011f\u0131 himayesinde hayata ge\u00e7irilen projelere de de\u011finen Cumhurba\u015fkan\u0131 Tatar, \u201cB\u00fcy\u00fck bir memnuniyetle ifade etmeliyim ki Cumhurba\u015fkanl\u0131\u011f\u0131m\u0131z\u0131n toplumsal faydaya d\u00f6n\u00fck sosyal proje ve \u00e7al\u0131\u015fmalar\u0131nda bu d\u00f6nemde b\u00fcy\u00fck bir \u00e7e\u015fitlilik ve geli\u015fme ya\u015fanm\u0131\u015ft\u0131r.\u201d Dedi. <\/p>\n<p>Konu\u015fmas\u0131n\u0131n sonunda K\u0131br\u0131s&#8217;ta iki ayr\u0131 ve egemen devletin varl\u0131\u011f\u0131n\u0131n, tarihsel bir ger\u00e7eklik ve bir olgu olarak uluslararas\u0131 toplumun g\u00f6zleri \u00f6n\u00fcnde oldu\u011funu yineleyen Cumhurba\u015fkan\u0131 Tatar konu\u015fmas\u0131n\u0131 \u015f\u00f6yle tamamlad\u0131; <\/p>\n<p>\u201c\u015eu bir ger\u00e7ektir ki iki devletli \u00e7\u00f6z\u00fcm zemini, K\u0131br\u0131s&#8217;\u0131n iki yakas\u0131na da bar\u0131\u015f, huzur, refah ve g\u00fcvenlik getirecek tek zemindir. \u0130nan\u0131yorum ki Kuzey K\u0131br\u0131s T\u00fcrk Cumhuriyeti&#8217;nin gelece\u011fini, ger\u00e7ek\u00e7ilikten kopmu\u015f s\u00f6zde hayallerle de\u011fil, ya\u015fad\u0131\u011f\u0131m\u0131z d\u00fcnyan\u0131n somut ger\u00e7ekliklerini dikkate alarak halk\u0131m\u0131z\u0131n iradesiyle ve halk\u0131m\u0131z\u0131n sa\u011fduyusuyla hep birlikte kuraca\u011f\u0131z. Halk\u0131m\u0131z\u0131n, onurlu gelece\u011fi yolunda koydu\u011fu iradenin sorumlulu\u011fu bize cesaret vermektedir. Bu yoldan ne pahas\u0131na olursa olsun ayr\u0131lmayaca\u011f\u0131z\u201d.<\/p>\n<p><iframe loading=\"lazy\" title=\"Tatar, 5 y\u0131ll\u0131k g\u00f6rev s\u00fcresi boyunca ortaya koydu\u011fu hedefler ve ula\u015f\u0131lan kazan\u0131mlar\u0131 payla\u015ft\u0131\" width=\"779\" height=\"438\" src=\"https:\/\/www.youtube.com\/embed\/g3G1eKSEFsw?feature=oembed\" frameborder=\"0\" allow=\"accelerometer; autoplay; clipboard-write; encrypted-media; gyroscope; picture-in-picture; web-share\" referrerpolicy=\"strict-origin-when-cross-origin\" allowfullscreen><\/iframe><\/p>\n<\/p><\/div>\n<p><script async\n                    defer\n                    crossorigin=\"anonymous\"\n                    src=\"https:\/\/connect.facebook.net\/tr_TR\/sdk.js#xfbml=1&#038;version=v3.3\"\n            ><\/script><br \/>\n<br \/><br \/>\n<br \/><a href=\"https:\/\/brtk.net\/cumhurbaskani-tatar-gorev-suresi-hedeflerini-ve-kazanimlarini-paylasti-halkin-iradesi-bize-cesaret-veriyor\/\">Kaynak BRT <\/a><\/p>\n","protected":false},"excerpt":{"rendered":"<p>Cumhurba\u015fkan\u0131 Ersin Tatar, g\u00f6revindeki 5 y\u0131l\u0131n\u0131 d\u00fczenledi\u011fi bas\u0131n toplant\u0131s\u0131 ile de\u011ferlendirdi\u2026 Lefko\u015fa Grand Pasha Otel\u2019de d\u00fczenlenen toplant\u0131da konu\u015fan Cumhurba\u015fkan\u0131 Tatar, 4 y\u0131l 8 ay \u00f6nce K\u0131br\u0131s T\u00fcrk halk\u0131 taraf\u0131ndan 5. Cumhurba\u015fkan\u0131 olarak se\u00e7ildi\u011fini an\u0131msatt\u0131, g\u00f6rev s\u00fcresi boyunca hi\u00e7 kimseyi ay\u0131rmadan, sorunlar\u0131n \u00e7\u00f6z\u00fcm\u00fc i\u00e7in elinden gelen b\u00fct\u00fcn gayreti g\u00f6sterdi\u011fini belirtti. Tatar \u201cCumhurba\u015fkanl\u0131\u011f\u0131 g\u00f6revime ba\u015flarken temel hedeflerim [&hellip;]<\/p>\n","protected":false},"author":908,"featured_media":28746,"comment_status":"open","ping_status":"open","sticky":false,"template":"","format":"standard","meta":{"_jetpack_memberships_contains_paid_content":false,"footnotes":"","jetpack_publicize_message":"","jetpack_publicize_feature_enabled":true,"jetpack_social_post_already_shared":true,"jetpack_social_options":{"image_generator_settings":{"template":"highway","default_image_id":0,"font":"","enabled":false},"version":2}},"categories":[253],"tags":[],"class_list":["post-28745","post","type-post","status-publish","format-standard","has-post-thumbnail","hentry","category-gundem"],"jetpack_publicize_connections":[],"jetpack_featured_media_url":"https:\/\/kibrisayna.com\/wp-content\/uploads\/2025\/06\/sdkfsskskfs.jpg","jetpack_sharing_enabled":true,"_links":{"self":[{"href":"https:\/\/kibrisayna.com\/index.php\/wp-json\/wp\/v2\/posts\/28745","targetHints":{"allow":["GET"]}}],"collection":[{"href":"https:\/\/kibrisayna.com\/index.php\/wp-json\/wp\/v2\/posts"}],"about":[{"href":"https:\/\/kibrisayna.com\/index.php\/wp-json\/wp\/v2\/types\/post"}],"author":[{"embeddable":true,"href":"https:\/\/kibrisayna.com\/index.php\/wp-json\/wp\/v2\/users\/908"}],"replies":[{"embeddable":true,"href":"https:\/\/kibrisayna.com\/index.php\/wp-json\/wp\/v2\/comments?post=28745"}],"version-history":[{"count":0,"href":"https:\/\/kibrisayna.com\/index.php\/wp-json\/wp\/v2\/posts\/28745\/revisions"}],"wp:featuredmedia":[{"embeddable":true,"href":"https:\/\/kibrisayna.com\/index.php\/wp-json\/wp\/v2\/media\/28746"}],"wp:attachment":[{"href":"https:\/\/kibrisayna.com\/index.php\/wp-json\/wp\/v2\/media?parent=28745"}],"wp:term":[{"taxonomy":"category","embeddable":true,"href":"https:\/\/kibrisayna.com\/index.php\/wp-json\/wp\/v2\/categories?post=28745"},{"taxonomy":"post_tag","embeddable":true,"href":"https:\/\/kibrisayna.com\/index.php\/wp-json\/wp\/v2\/tags?post=28745"}],"curies":[{"name":"wp","href":"https:\/\/api.w.org\/{rel}","templated":true}]}}