{"id":28743,"date":"2025-06-19T21:32:27","date_gmt":"2025-06-19T18:32:27","guid":{"rendered":"https:\/\/kibrisayna.com\/index.php\/2025\/06\/19\/meclis-sayistay-komitesi-orman-arazilerinin-kiralanmasi-konulu-sayistay-raporunu-onayladi-brtk\/"},"modified":"2025-06-19T21:32:27","modified_gmt":"2025-06-19T18:32:27","slug":"meclis-sayistay-komitesi-orman-arazilerinin-kiralanmasi-konulu-sayistay-raporunu-onayladi-brtk","status":"publish","type":"post","link":"https:\/\/kibrisayna.com\/index.php\/2025\/06\/19\/meclis-sayistay-komitesi-orman-arazilerinin-kiralanmasi-konulu-sayistay-raporunu-onayladi-brtk\/","title":{"rendered":"Meclis Say\u0131\u015ftay Komitesi Orman Arazilerinin Kiralanmas\u0131 Konulu Say\u0131\u015ftay raporunu onaylad\u0131 \u2013 BRTK"},"content":{"rendered":"<p> <br \/>\n<\/p>\n<div>\n<div class=\"mariselle-image-container center\">\n                <img loading=\"lazy\" decoding=\"async\" width=\"1800\" height=\"1200\" class=\"lazy-image\" alt=\"\" sizes=\"auto, (max-width: 1800px) 100vw, 1800px\" src=\"https:\/\/brtk.net\/wp-content\/uploads\/2025\/06\/19\/kjjjll.jpg?ver=c589c01ec9a7fc4435a020191036f6ce\" srcset=\"https:\/\/brtk.net\/wp-content\/uploads\/2025\/06\/19\/kjjjll.jpg?ver=c589c01ec9a7fc4435a020191036f6ce 1800w, https:\/\/brtk.net\/wp-content\/uploads\/2025\/06\/19\/kjjjll-300x200.jpg?ver=c589c01ec9a7fc4435a020191036f6ce 300w, https:\/\/brtk.net\/wp-content\/uploads\/2025\/06\/19\/kjjjll-1024x683.jpg?ver=c589c01ec9a7fc4435a020191036f6ce 1024w, https:\/\/brtk.net\/wp-content\/uploads\/2025\/06\/19\/kjjjll-768x512.jpg?ver=c589c01ec9a7fc4435a020191036f6ce 768w, https:\/\/brtk.net\/wp-content\/uploads\/2025\/06\/19\/kjjjll-1536x1024.jpg?ver=621221ba3ecd09e75d3d3f58cb89966b 1536w\"\/>                            <\/div>\n<p>Cumhuriyet Meclisi Say\u0131\u015ftay Komitesi, \u201cOrman Arazilerinin Kiralanmas\u0131 Konulu Verimlilik, Etkinlik ve Tutumluluk (VET) Say\u0131\u015ftay Denetim Raporunu\u201d onaylayarak Genel Kurula sevk etti.                                               <\/p>\n<p>Cumhuriyet Meclisi\u2019nden verilen bilgiye g\u00f6re, Say\u0131\u015ftay Komitesi, 11.00\u2019da Komite Ba\u015fkan\u0131 CTP Milletvekili Teberr\u00fcken Ulu\u00e7ay Ba\u015fkanl\u0131\u011f\u0131nda topland\u0131.<\/p>\n<p> Toplant\u0131da \u201cOrman Arazilerinin Kiralanmas\u0131 Konulu Verimlilik, Etkinlik ve Tutumluluk (VET) Say\u0131\u015ftay Denetim Raporu\u201d ve \u201cK\u0131br\u0131s T\u00fcrk Elektrik Kurumunun 143\/2024 Numaral\u0131 Elektronik Saya\u00e7 Al\u0131m\u0131 \u0130halesine \u0130li\u015fkin Say\u0131\u015ftay Denetim Raporu\u201d ele al\u0131nd\u0131.<\/p>\n<p> Toplant\u0131da \u201cK\u0131br\u0131s T\u00fcrk Elektrik Kurumunun 143\/2024 Numaral\u0131 Elektronik Saya\u00e7 Al\u0131m\u0131 \u0130halesine \u0130li\u015fkin Say\u0131\u015ftay Denetim Raporu\u2019nun\u201d genel g\u00f6r\u00fc\u015fmesine ba\u015fland\u0131. Raporla ilgili \u00e7al\u0131\u015fmalara bir sonraki toplant\u0131da devam edilecek.<\/p>\n<p>Komite toplant\u0131s\u0131na davetli olarak, Say\u0131\u015ftay Ba\u015fkanl\u0131\u011f\u0131, K\u0131br\u0131s T\u00fcrk Elektrik Kurumu (KIB-TEK) ve K\u0131br\u0131s T\u00fcrk Elektrik Kurumu \u00c7al\u0131\u015fanlar\u0131 (EL-SEN)\u2019nden yetkililer kat\u0131ld\u0131.<\/p>\n<p> Komite daha sonra \u201cOrman Arazilerinin Kiralanmas\u0131 Konulu Verimlilik, Etkinlik ve Tutumluluk (VET) Say\u0131\u015ftay Denetim Raporunu \u201d ele alarak raporu oybirli\u011fiyle onaylad\u0131 ve Genel Kurul\u2019a sevk etti.<\/p>\n<p>Toplant\u0131ya davetli olarak Say\u0131\u015ftay Ba\u015fkanl\u0131\u011f\u0131 ve Orman Dairesi\u2019nden yetkililer kat\u0131larak konu ile ilgili g\u00f6r\u00fc\u015flerini sundu.<\/p>\n<p>Toplant\u0131ya Komite \u00fcyelerinden UBP Milletvekili F\u0131rt\u0131na Karanfil ve CTP Milletvekili Sami \u00d6zuslu yan\u0131nda UBP Milletvekili Hasan Ta\u00e7oy, CTP Milletvekili Salahi \u015eahiner ve CTP Milletvekili Devrim Bar\u00e7\u0131n da kat\u0131ld\u0131.<\/p>\n<\/p><\/div>\n<p><script async\n                    defer\n                    crossorigin=\"anonymous\"\n                    src=\"https:\/\/connect.facebook.net\/tr_TR\/sdk.js#xfbml=1&#038;version=v3.3\"\n            ><\/script><br \/>\n<br \/><br \/>\n<br \/><a href=\"https:\/\/brtk.net\/meclis-sayistay-komitesi-orman-arazilerinin-kiralanmasi-konulu-sayistay-raporunu-onayladi\/\">Kaynak BRT <\/a><\/p>\n","protected":false},"excerpt":{"rendered":"<p>Cumhuriyet Meclisi Say\u0131\u015ftay Komitesi, \u201cOrman Arazilerinin Kiralanmas\u0131 Konulu Verimlilik, Etkinlik ve Tutumluluk (VET) Say\u0131\u015ftay Denetim Raporunu\u201d onaylayarak Genel Kurula sevk etti. Cumhuriyet Meclisi\u2019nden verilen bilgiye g\u00f6re, Say\u0131\u015ftay Komitesi, 11.00\u2019da Komite Ba\u015fkan\u0131 CTP Milletvekili Teberr\u00fcken Ulu\u00e7ay Ba\u015fkanl\u0131\u011f\u0131nda topland\u0131. Toplant\u0131da \u201cOrman Arazilerinin Kiralanmas\u0131 Konulu Verimlilik, Etkinlik ve Tutumluluk (VET) Say\u0131\u015ftay Denetim Raporu\u201d ve \u201cK\u0131br\u0131s T\u00fcrk Elektrik Kurumunun [&hellip;]<\/p>\n","protected":false},"author":908,"featured_media":28744,"comment_status":"open","ping_status":"open","sticky":false,"template":"","format":"standard","meta":{"_jetpack_memberships_contains_paid_content":false,"footnotes":"","jetpack_publicize_message":"","jetpack_publicize_feature_enabled":true,"jetpack_social_post_already_shared":true,"jetpack_social_options":{"image_generator_settings":{"template":"highway","default_image_id":0,"font":"","enabled":false},"version":2}},"categories":[253],"tags":[],"class_list":["post-28743","post","type-post","status-publish","format-standard","has-post-thumbnail","hentry","category-gundem"],"jetpack_publicize_connections":[],"jetpack_featured_media_url":"https:\/\/kibrisayna.com\/wp-content\/uploads\/2025\/06\/kjjjll.jpg","jetpack_sharing_enabled":true,"_links":{"self":[{"href":"https:\/\/kibrisayna.com\/index.php\/wp-json\/wp\/v2\/posts\/28743","targetHints":{"allow":["GET"]}}],"collection":[{"href":"https:\/\/kibrisayna.com\/index.php\/wp-json\/wp\/v2\/posts"}],"about":[{"href":"https:\/\/kibrisayna.com\/index.php\/wp-json\/wp\/v2\/types\/post"}],"author":[{"embeddable":true,"href":"https:\/\/kibrisayna.com\/index.php\/wp-json\/wp\/v2\/users\/908"}],"replies":[{"embeddable":true,"href":"https:\/\/kibrisayna.com\/index.php\/wp-json\/wp\/v2\/comments?post=28743"}],"version-history":[{"count":0,"href":"https:\/\/kibrisayna.com\/index.php\/wp-json\/wp\/v2\/posts\/28743\/revisions"}],"wp:featuredmedia":[{"embeddable":true,"href":"https:\/\/kibrisayna.com\/index.php\/wp-json\/wp\/v2\/media\/28744"}],"wp:attachment":[{"href":"https:\/\/kibrisayna.com\/index.php\/wp-json\/wp\/v2\/media?parent=28743"}],"wp:term":[{"taxonomy":"category","embeddable":true,"href":"https:\/\/kibrisayna.com\/index.php\/wp-json\/wp\/v2\/categories?post=28743"},{"taxonomy":"post_tag","embeddable":true,"href":"https:\/\/kibrisayna.com\/index.php\/wp-json\/wp\/v2\/tags?post=28743"}],"curies":[{"name":"wp","href":"https:\/\/api.w.org\/{rel}","templated":true}]}}