{"id":28739,"date":"2025-06-19T21:19:53","date_gmt":"2025-06-19T18:19:53","guid":{"rendered":"https:\/\/kibrisayna.com\/index.php\/2025\/06\/19\/ktezo-yarin-mezuniyet-toreni-ile-issizlere-yonelik-mesleki-tanitim-stantlarinin-yer-alacagi-bir-sergi-duzenliyor-brtk\/"},"modified":"2025-06-19T21:19:53","modified_gmt":"2025-06-19T18:19:53","slug":"ktezo-yarin-mezuniyet-toreni-ile-issizlere-yonelik-mesleki-tanitim-stantlarinin-yer-alacagi-bir-sergi-duzenliyor-brtk","status":"publish","type":"post","link":"https:\/\/kibrisayna.com\/index.php\/2025\/06\/19\/ktezo-yarin-mezuniyet-toreni-ile-issizlere-yonelik-mesleki-tanitim-stantlarinin-yer-alacagi-bir-sergi-duzenliyor-brtk\/","title":{"rendered":"KTEZO yar\u0131n mezuniyet t\u00f6reni ile i\u015fsizlere y\u00f6nelik mesleki tan\u0131t\u0131m stantlar\u0131n\u0131n yer alaca\u011f\u0131 bir sergi d\u00fczenliyor \u2013 BRTK"},"content":{"rendered":"<p> <br \/>\n<\/p>\n<div>\n<div class=\"mariselle-image-container center\">\n                <img loading=\"lazy\" decoding=\"async\" width=\"1080\" height=\"814\" class=\"lazy-image\" alt=\"\" sizes=\"auto, (max-width: 1080px) 100vw, 1080px\" src=\"https:\/\/brtk.net\/wp-content\/uploads\/2025\/06\/19\/eeq.jpg?ver=1cb098d86c7225f1512934481ef67cc1\" srcset=\"https:\/\/brtk.net\/wp-content\/uploads\/2025\/06\/19\/eeq.jpg?ver=1cb098d86c7225f1512934481ef67cc1 1080w, https:\/\/brtk.net\/wp-content\/uploads\/2025\/06\/19\/eeq-300x226.jpg?ver=1cb098d86c7225f1512934481ef67cc1 300w, https:\/\/brtk.net\/wp-content\/uploads\/2025\/06\/19\/eeq-1024x772.jpg?ver=1cb098d86c7225f1512934481ef67cc1 1024w, https:\/\/brtk.net\/wp-content\/uploads\/2025\/06\/19\/eeq-768x579.jpg?ver=1cb098d86c7225f1512934481ef67cc1 768w\"\/>                            <\/div>\n<p>K\u0131br\u0131s T\u00fcrk Esnaf ve Zanaatkarlar Odas\u0131 (KTEZO), yar\u0131n mezuniyet t\u00f6reni ile i\u015fsizlere y\u00f6nelik mesleki tan\u0131t\u0131m stantlar\u0131n\u0131n yer alaca\u011f\u0131 bir sergi d\u00fczenliyor.<\/p>\n<p>KTEZO\u2019dan yap\u0131lan yaz\u0131l\u0131 a\u00e7\u0131klamaya g\u00f6re sergi saat 18.00; mezuniyet t\u00f6reni ise saat 19.30\u2019da Taner Akcan \u00c7\u0131rakl\u0131k ve Yeti\u015fkin E\u011fitim Merkezinde yer alacak.<\/p>\n<p>A\u011f\u0131rl\u0131kla otomotiv alan\u0131 olmak \u00fczere \u00e7e\u015fitli mesleklerde 145 \u00e7\u0131rak ve 46 yeti\u015fkin d\u00fczenlenecek olan t\u00f6renle mezuniyet belgelerini alacak.<\/p>\n<p>D\u00fczenlenecek sergide ise klima, tesisat, mobilya, torna, elektrik, metal, otomotiv gibi mesleklerin tan\u0131t\u0131laca\u011f\u0131 stantlar kurulacak.<\/p>\n<p>\u0130\u015f arayanlar yan\u0131nda meslek de\u011fi\u015ftirmek, b\u00f6l\u00fcm tercihi yapmak isteyen herkes stantlar\u0131 gezebilecek;  i\u015f tercihi yap\u0131p, ba\u015fvuruda bulunabilecek. En k\u0131sa s\u00fcrede de i\u015fyerlerine da\u011f\u0131t\u0131mlar\u0131 yap\u0131larak istihdamlar\u0131 ger\u00e7ekle\u015ftirilecek.<\/p>\n<p>KTEZO Genel Koordinat\u00f6r\u00fc H\u00fcrrem Tulga kendi i\u015fini g\u00f6remeyen toplumlar\u0131 bekleyecek olan\u0131n sadece kaos oldu\u011funu kaydederek \u201cBug\u00fcne kadar yapt\u0131\u011f\u0131m\u0131z \u00e7al\u0131\u015fmalar ve 15 y\u0131ll\u0131k deneyimin bize g\u00f6sterdi\u011fi, istenmesi halinde sorunlar\u0131n rahat\u00e7a a\u015f\u0131labilece\u011fi ve \u00fcretken bir toplum yap\u0131s\u0131n\u0131n yarat\u0131lmas\u0131 i\u00e7in hi\u00e7bir engelin olmad\u0131\u011f\u0131d\u0131r.\u201d dedi.<\/p>\n<p>Tulga; dayan\u0131\u015fma ve el birli\u011finin art\u0131k tercih olmaktan \u00e7\u0131kt\u0131\u011f\u0131n\u0131 ve zorunlu hale geldi\u011fini de s\u00f6zlerine ekledi.<\/p>\n<\/p><\/div>\n<p><script async\n                    defer\n                    crossorigin=\"anonymous\"\n                    src=\"https:\/\/connect.facebook.net\/tr_TR\/sdk.js#xfbml=1&#038;version=v3.3\"\n            ><\/script><br \/>\n<br \/><br \/>\n<br \/><a href=\"https:\/\/brtk.net\/ktezo-yarin-mezuniyet-toreni-ile-issizlere-yonelik-mesleki-tanitim-stantlarinin-yer-alacagi-bir-sergi-duzenliyor\/\">Kaynak BRT <\/a><\/p>\n","protected":false},"excerpt":{"rendered":"<p>K\u0131br\u0131s T\u00fcrk Esnaf ve Zanaatkarlar Odas\u0131 (KTEZO), yar\u0131n mezuniyet t\u00f6reni ile i\u015fsizlere y\u00f6nelik mesleki tan\u0131t\u0131m stantlar\u0131n\u0131n yer alaca\u011f\u0131 bir sergi d\u00fczenliyor. KTEZO\u2019dan yap\u0131lan yaz\u0131l\u0131 a\u00e7\u0131klamaya g\u00f6re sergi saat 18.00; mezuniyet t\u00f6reni ise saat 19.30\u2019da Taner Akcan \u00c7\u0131rakl\u0131k ve Yeti\u015fkin E\u011fitim Merkezinde yer alacak. A\u011f\u0131rl\u0131kla otomotiv alan\u0131 olmak \u00fczere \u00e7e\u015fitli mesleklerde 145 \u00e7\u0131rak ve 46 yeti\u015fkin [&hellip;]<\/p>\n","protected":false},"author":908,"featured_media":28740,"comment_status":"open","ping_status":"open","sticky":false,"template":"","format":"standard","meta":{"_jetpack_memberships_contains_paid_content":false,"footnotes":"","jetpack_publicize_message":"","jetpack_publicize_feature_enabled":true,"jetpack_social_post_already_shared":true,"jetpack_social_options":{"image_generator_settings":{"template":"highway","default_image_id":0,"font":"","enabled":false},"version":2}},"categories":[253],"tags":[],"class_list":["post-28739","post","type-post","status-publish","format-standard","has-post-thumbnail","hentry","category-gundem"],"jetpack_publicize_connections":[],"jetpack_featured_media_url":"https:\/\/kibrisayna.com\/wp-content\/uploads\/2025\/06\/eeq.jpg","jetpack_sharing_enabled":true,"_links":{"self":[{"href":"https:\/\/kibrisayna.com\/index.php\/wp-json\/wp\/v2\/posts\/28739","targetHints":{"allow":["GET"]}}],"collection":[{"href":"https:\/\/kibrisayna.com\/index.php\/wp-json\/wp\/v2\/posts"}],"about":[{"href":"https:\/\/kibrisayna.com\/index.php\/wp-json\/wp\/v2\/types\/post"}],"author":[{"embeddable":true,"href":"https:\/\/kibrisayna.com\/index.php\/wp-json\/wp\/v2\/users\/908"}],"replies":[{"embeddable":true,"href":"https:\/\/kibrisayna.com\/index.php\/wp-json\/wp\/v2\/comments?post=28739"}],"version-history":[{"count":0,"href":"https:\/\/kibrisayna.com\/index.php\/wp-json\/wp\/v2\/posts\/28739\/revisions"}],"wp:featuredmedia":[{"embeddable":true,"href":"https:\/\/kibrisayna.com\/index.php\/wp-json\/wp\/v2\/media\/28740"}],"wp:attachment":[{"href":"https:\/\/kibrisayna.com\/index.php\/wp-json\/wp\/v2\/media?parent=28739"}],"wp:term":[{"taxonomy":"category","embeddable":true,"href":"https:\/\/kibrisayna.com\/index.php\/wp-json\/wp\/v2\/categories?post=28739"},{"taxonomy":"post_tag","embeddable":true,"href":"https:\/\/kibrisayna.com\/index.php\/wp-json\/wp\/v2\/tags?post=28739"}],"curies":[{"name":"wp","href":"https:\/\/api.w.org\/{rel}","templated":true}]}}