{"id":28737,"date":"2025-06-19T21:16:59","date_gmt":"2025-06-19T18:16:59","guid":{"rendered":"https:\/\/kibrisayna.com\/index.php\/2025\/06\/19\/ben-bu-topragin-ersin-tatariyim-brtk\/"},"modified":"2025-06-19T21:16:59","modified_gmt":"2025-06-19T18:16:59","slug":"ben-bu-topragin-ersin-tatariyim-brtk","status":"publish","type":"post","link":"https:\/\/kibrisayna.com\/index.php\/2025\/06\/19\/ben-bu-topragin-ersin-tatariyim-brtk\/","title":{"rendered":"\u201cBen bu topra\u011f\u0131n Ersin Tatar\u2019\u0131y\u0131m\u201d \u2013 BRTK"},"content":{"rendered":"<p> <br \/>\n<\/p>\n<div>\n<div class=\"mariselle-image-container center\">\n                <img loading=\"lazy\" decoding=\"async\" width=\"1459\" height=\"903\" class=\"lazy-image\" alt=\"\" sizes=\"auto, (max-width: 1459px) 100vw, 1459px\" src=\"https:\/\/brtk.net\/wp-content\/uploads\/2025\/06\/19\/saafaa.jpg?ver=9fc3a13bf37dad04f0b6be9efe38d571\" srcset=\"https:\/\/brtk.net\/wp-content\/uploads\/2025\/06\/19\/saafaa.jpg?ver=9fc3a13bf37dad04f0b6be9efe38d571 1459w, https:\/\/brtk.net\/wp-content\/uploads\/2025\/06\/19\/saafaa-300x186.jpg?ver=9fc3a13bf37dad04f0b6be9efe38d571 300w, https:\/\/brtk.net\/wp-content\/uploads\/2025\/06\/19\/saafaa-1024x634.jpg?ver=9fc3a13bf37dad04f0b6be9efe38d571 1024w, https:\/\/brtk.net\/wp-content\/uploads\/2025\/06\/19\/saafaa-768x475.jpg?ver=9fc3a13bf37dad04f0b6be9efe38d571 768w\"\/>                            <\/div>\n<p> Cumhurba\u015fkan\u0131 Tatar, 2020-2025 g\u00f6rev s\u00fcresi boyunca ortaya koydu\u011fu hedefler ve ula\u015f\u0131lan kazan\u0131mlar\u0131 bas\u0131n toplant\u0131s\u0131nda kamuoyuyla payla\u015f\u0131yor.<\/p>\n<p>Lefko\u015fa Pasha Otel\u2019de ger\u00e7ekle\u015fen toplant\u0131ya, Ba\u015fbakan \u00dcnal \u00dcstel, Demokrat Parti Genel Ba\u015fkan\u0131 ve Ba\u015fbakan Yard\u0131mc\u0131s\u0131 Fikri Atao\u011flu, bakanlar, milletvekilleri, b\u00fcrokratlar ve bas\u0131n mensuplar\u0131 kat\u0131ld\u0131. Program, sayg\u0131 duru\u015fu ve \u0130stiklal Mar\u015f\u0131 ile ba\u015flad\u0131.<\/p>\n<p>Toplant\u0131da, Cumhurba\u015fkan\u0131 Tatar\u2019\u0131n be\u015f y\u0131ll\u0131k g\u00f6rev s\u00fcresine ili\u015fkin \u00e7al\u0131\u015fmalar\u0131n\u0131 \u00f6zetleyen \u201c\u0130radenin Yolunda: Egemen E\u015fitlik, Uluslararas\u0131 E\u015fit Stat\u00fc 2020-2025\u201d ba\u015fl\u0131kl\u0131 kitap\u00e7\u0131k da kamuoyuna sunuldu.<\/p>\n<div class=\"mariselle-image-container center\">\n                <img loading=\"lazy\" decoding=\"async\" width=\"1600\" height=\"1200\" class=\"lazy-image\" alt=\"\" sizes=\"auto, (max-width: 1600px) 100vw, 1600px\" src=\"https:\/\/brtk.net\/wp-content\/uploads\/2025\/06\/19\/1750353338837b98ecc86-9cf8-410b-bda1-a56c53b5ec86.jpg?ver=b6a48bfbea4a2f3eaca8f0d6a0cb8d1e\" srcset=\"https:\/\/brtk.net\/wp-content\/uploads\/2025\/06\/19\/1750353338837b98ecc86-9cf8-410b-bda1-a56c53b5ec86.jpg?ver=b6a48bfbea4a2f3eaca8f0d6a0cb8d1e 1600w, https:\/\/brtk.net\/wp-content\/uploads\/2025\/06\/19\/1750353338837b98ecc86-9cf8-410b-bda1-a56c53b5ec86-300x225.jpg?ver=fd65e3e302e40dbcbaed0149eb89ef7c 300w, https:\/\/brtk.net\/wp-content\/uploads\/2025\/06\/19\/1750353338837b98ecc86-9cf8-410b-bda1-a56c53b5ec86-1024x768.jpg?ver=fd65e3e302e40dbcbaed0149eb89ef7c 1024w, https:\/\/brtk.net\/wp-content\/uploads\/2025\/06\/19\/1750353338837b98ecc86-9cf8-410b-bda1-a56c53b5ec86-768x576.jpg?ver=fd65e3e302e40dbcbaed0149eb89ef7c 768w, https:\/\/brtk.net\/wp-content\/uploads\/2025\/06\/19\/1750353338837b98ecc86-9cf8-410b-bda1-a56c53b5ec86-1536x1152.jpg?ver=b963c35210df5829a3db5f9503bb9125 1536w\"\/>                            <\/div>\n<p>\nG\u00f6reve geldi\u011fi ilk g\u00fcn verdi\u011fi s\u00f6z\u00fc hat\u0131rlatan Cumhurba\u015fkan\u0131 Ersin Tatar, \u201cBana oy versin ya da vermesin, bu \u00fclkenin her bir vatanda\u015f\u0131n\u0131n derdiyle dertlenece\u011fimi, sevincine ortak olaca\u011f\u0131m\u0131 ve kimseyi ay\u0131rmadan sorunlar\u0131n \u00e7\u00f6z\u00fcm\u00fc i\u00e7in \u00e7al\u0131\u015faca\u011f\u0131m\u0131 s\u00f6ylemi\u015ftim. Bu s\u00f6z\u00fcm\u00fc yerine getirmenin mutlulu\u011funu ya\u015f\u0131yorum\u201d dedi.<\/p>\n<p><em>-\u201cBen Bu Topra\u011f\u0131n Ersin Tatar\u2019\u0131y\u0131m\u201d<\/em><\/p>\n<p>Tatar, \u201cK\u00f6k\u00fcm bu vatan\u0131n havas\u0131na, suyuna, k\u00fclt\u00fcr\u00fcne, gelene\u011fine ve tarihine ba\u011fl\u0131d\u0131r. Ben bu topra\u011f\u0131n Ersin Tatar\u2019\u0131y\u0131m.\u201d ifadeleriyle halka olan ba\u011fl\u0131l\u0131\u011f\u0131n\u0131 vurgulad\u0131.<\/p>\n<p>Konu\u015fmas\u0131nda iki devletli \u00e7\u00f6z\u00fcm vizyonunun \u00f6nemine dikkat \u00e7eken Cumhurba\u015fkan\u0131 Tatar, \u201cNeden iki devletli vizyonla yola \u00e7\u0131kt\u0131k ve azimle devam ediyoruz, \u00f6nce buradan ba\u015flamal\u0131y\u0131z.\u201d dedi.<\/p>\n<p>K\u0131br\u0131s T\u00fcrk halk\u0131n\u0131n egemen e\u015fitlik ve e\u015fit uluslararas\u0131 stat\u00fc iradesine sahip \u00e7\u0131kt\u0131klar\u0131n\u0131 belirten Tatar, \u201cKuzey K\u0131br\u0131s T\u00fcrk Cumhuriyeti Devleti\u2019ni g\u00fc\u00e7lendirmek, halk\u0131m\u0131z\u0131n refah ve g\u00fcven i\u00e7inde ya\u015famas\u0131n\u0131 sa\u011flamak, T\u00fcrkiye ile ili\u015fkilerimizi her alanda geli\u015ftirmek ve adada kal\u0131c\u0131 bir bar\u0131\u015f i\u00e7in bu iradeye sar\u0131ld\u0131k.\u201d diye konu\u015ftu.<\/p>\n<p>\u201cGe\u00e7en 4 y\u0131l 8 ayda, bu hedeflerin t\u00fcm\u00fcnde \u00e7ok \u00f6nemli ilerlemeler kaydettik.\u201d diyen Tatar, Anavatan T\u00fcrkiye\u2019nin de tam deste\u011fiyle iki devletli \u00e7\u00f6z\u00fcm vizyonunun kararl\u0131l\u0131kla ortaya kondu\u011funu vurgulad\u0131.<\/p>\n<\/p><\/div>\n<p><script async\n                    defer\n                    crossorigin=\"anonymous\"\n                    src=\"https:\/\/connect.facebook.net\/tr_TR\/sdk.js#xfbml=1&#038;version=v3.3\"\n            ><\/script><br \/>\n<br \/><br \/>\n<br \/><a href=\"https:\/\/brtk.net\/tatar-ben-bu-topragin-ersin-tatariyim\/\">Kaynak BRT <\/a><\/p>\n","protected":false},"excerpt":{"rendered":"<p>Cumhurba\u015fkan\u0131 Tatar, 2020-2025 g\u00f6rev s\u00fcresi boyunca ortaya koydu\u011fu hedefler ve ula\u015f\u0131lan kazan\u0131mlar\u0131 bas\u0131n toplant\u0131s\u0131nda kamuoyuyla payla\u015f\u0131yor. Lefko\u015fa Pasha Otel\u2019de ger\u00e7ekle\u015fen toplant\u0131ya, Ba\u015fbakan \u00dcnal \u00dcstel, Demokrat Parti Genel Ba\u015fkan\u0131 ve Ba\u015fbakan Yard\u0131mc\u0131s\u0131 Fikri Atao\u011flu, bakanlar, milletvekilleri, b\u00fcrokratlar ve bas\u0131n mensuplar\u0131 kat\u0131ld\u0131. Program, sayg\u0131 duru\u015fu ve \u0130stiklal Mar\u015f\u0131 ile ba\u015flad\u0131. Toplant\u0131da, Cumhurba\u015fkan\u0131 Tatar\u2019\u0131n be\u015f y\u0131ll\u0131k g\u00f6rev s\u00fcresine [&hellip;]<\/p>\n","protected":false},"author":908,"featured_media":28738,"comment_status":"open","ping_status":"open","sticky":false,"template":"","format":"standard","meta":{"_jetpack_memberships_contains_paid_content":false,"footnotes":"","jetpack_publicize_message":"","jetpack_publicize_feature_enabled":true,"jetpack_social_post_already_shared":true,"jetpack_social_options":{"image_generator_settings":{"template":"highway","default_image_id":0,"font":"","enabled":false},"version":2}},"categories":[253],"tags":[],"class_list":["post-28737","post","type-post","status-publish","format-standard","has-post-thumbnail","hentry","category-gundem"],"jetpack_publicize_connections":[],"jetpack_featured_media_url":"https:\/\/kibrisayna.com\/wp-content\/uploads\/2025\/06\/saafaa.jpg","jetpack_sharing_enabled":true,"_links":{"self":[{"href":"https:\/\/kibrisayna.com\/index.php\/wp-json\/wp\/v2\/posts\/28737","targetHints":{"allow":["GET"]}}],"collection":[{"href":"https:\/\/kibrisayna.com\/index.php\/wp-json\/wp\/v2\/posts"}],"about":[{"href":"https:\/\/kibrisayna.com\/index.php\/wp-json\/wp\/v2\/types\/post"}],"author":[{"embeddable":true,"href":"https:\/\/kibrisayna.com\/index.php\/wp-json\/wp\/v2\/users\/908"}],"replies":[{"embeddable":true,"href":"https:\/\/kibrisayna.com\/index.php\/wp-json\/wp\/v2\/comments?post=28737"}],"version-history":[{"count":0,"href":"https:\/\/kibrisayna.com\/index.php\/wp-json\/wp\/v2\/posts\/28737\/revisions"}],"wp:featuredmedia":[{"embeddable":true,"href":"https:\/\/kibrisayna.com\/index.php\/wp-json\/wp\/v2\/media\/28738"}],"wp:attachment":[{"href":"https:\/\/kibrisayna.com\/index.php\/wp-json\/wp\/v2\/media?parent=28737"}],"wp:term":[{"taxonomy":"category","embeddable":true,"href":"https:\/\/kibrisayna.com\/index.php\/wp-json\/wp\/v2\/categories?post=28737"},{"taxonomy":"post_tag","embeddable":true,"href":"https:\/\/kibrisayna.com\/index.php\/wp-json\/wp\/v2\/tags?post=28737"}],"curies":[{"name":"wp","href":"https:\/\/api.w.org\/{rel}","templated":true}]}}