{"id":28733,"date":"2025-06-19T20:03:55","date_gmt":"2025-06-19T17:03:55","guid":{"rendered":"https:\/\/kibrisayna.com\/index.php\/2025\/06\/19\/erdogan-aliyev-ile-gorustu-brtk\/"},"modified":"2025-06-19T20:03:55","modified_gmt":"2025-06-19T17:03:55","slug":"erdogan-aliyev-ile-gorustu-brtk","status":"publish","type":"post","link":"https:\/\/kibrisayna.com\/index.php\/2025\/06\/19\/erdogan-aliyev-ile-gorustu-brtk\/","title":{"rendered":"Erdo\u011fan, Aliyev ile g\u00f6r\u00fc\u015ft\u00fc \u2013 BRTK"},"content":{"rendered":"<p> <br \/>\n<\/p>\n<div>\n<div class=\"mariselle-image-container none\">\n                <img loading=\"lazy\" decoding=\"async\" width=\"929\" height=\"611\" class=\"lazy-image\" alt=\"\" sizes=\"auto, (max-width: 929px) 100vw, 929px\" src=\"https:\/\/brtk.net\/wp-content\/uploads\/2025\/06\/19\/CUMHURBASKANI_ERDOGAN_VE_AZERBAYCAN_CUMHURBASKANI_ALIYEV_KAHRAMANMARASTA.jpg?ver=cec3796fcb67bb0c412c6fd0f99412cf\" srcset=\"https:\/\/brtk.net\/wp-content\/uploads\/2025\/06\/19\/CUMHURBASKANI_ERDOGAN_VE_AZERBAYCAN_CUMHURBASKANI_ALIYEV_KAHRAMANMARASTA.jpg?ver=cec3796fcb67bb0c412c6fd0f99412cf 929w, https:\/\/brtk.net\/wp-content\/uploads\/2025\/06\/19\/CUMHURBASKANI_ERDOGAN_VE_AZERBAYCAN_CUMHURBASKANI_ALIYEV_KAHRAMANMARASTA-300x197.jpg?ver=cec3796fcb67bb0c412c6fd0f99412cf 300w, https:\/\/brtk.net\/wp-content\/uploads\/2025\/06\/19\/CUMHURBASKANI_ERDOGAN_VE_AZERBAYCAN_CUMHURBASKANI_ALIYEV_KAHRAMANMARASTA-768x505.jpg?ver=cec3796fcb67bb0c412c6fd0f99412cf 768w\"\/>                            <\/div>\n<p>T\u00fcrkiye Cumhurba\u015fkan\u0131 Recep Tayyip Erdo\u011fan, Azerbaycan Cumhurba\u015fkan\u0131 \u0130lham Aliyev ile bir araya geldi.<\/p>\n<p>Erdo\u011fan, \u201cAzerbaycan Mahallesi\u2019nde 250 Bininci Afet Konutu Anahtar Teslimi ve Kura \u00c7ekim T\u00f6reni\u201dne kat\u0131lmak i\u00e7in \u00f6zel u\u00e7ak ile Kahramanmara\u015f Havaliman\u0131\u2019na gitti.<\/p>\n<p>Erdo\u011fan, burada Azerbaycan Cumhurba\u015fkan\u0131 Aliyev ile bas\u0131na kapal\u0131 bir g\u00f6r\u00fc\u015fme ger\u00e7ekle\u015ftirdi.<\/p>\n<p>G\u00f6r\u00fc\u015fmede, T\u00fcrkiye D\u0131\u015fi\u015fleri Bakan\u0131 Hakan Fidan da yer ald\u0131.<\/p>\n<\/p><\/div>\n<p><script async\n                    defer\n                    crossorigin=\"anonymous\"\n                    src=\"https:\/\/connect.facebook.net\/tr_TR\/sdk.js#xfbml=1&#038;version=v3.3\"\n            ><\/script><br \/>\n<br \/><br \/>\n<br \/><a href=\"https:\/\/brtk.net\/erdogan-aliyev-ile-gorustu\/\"><\/a><\/p>\n","protected":false},"excerpt":{"rendered":"<p>T\u00fcrkiye Cumhurba\u015fkan\u0131 Recep Tayyip Erdo\u011fan, Azerbaycan Cumhurba\u015fkan\u0131 \u0130lham Aliyev ile bir araya geldi. Erdo\u011fan, \u201cAzerbaycan Mahallesi\u2019nde 250 Bininci Afet Konutu Anahtar Teslimi ve Kura \u00c7ekim T\u00f6reni\u201dne kat\u0131lmak i\u00e7in \u00f6zel u\u00e7ak ile Kahramanmara\u015f Havaliman\u0131\u2019na gitti. Erdo\u011fan, burada Azerbaycan Cumhurba\u015fkan\u0131 Aliyev ile bas\u0131na kapal\u0131 bir g\u00f6r\u00fc\u015fme ger\u00e7ekle\u015ftirdi. G\u00f6r\u00fc\u015fmede, T\u00fcrkiye D\u0131\u015fi\u015fleri Bakan\u0131 Hakan Fidan da yer ald\u0131.<\/p>\n","protected":false},"author":908,"featured_media":28734,"comment_status":"open","ping_status":"open","sticky":false,"template":"","format":"standard","meta":{"_jetpack_memberships_contains_paid_content":false,"footnotes":"","jetpack_publicize_message":"","jetpack_publicize_feature_enabled":true,"jetpack_social_post_already_shared":true,"jetpack_social_options":{"image_generator_settings":{"template":"highway","default_image_id":0,"font":"","enabled":false},"version":2}},"categories":[587],"tags":[],"class_list":["post-28733","post","type-post","status-publish","format-standard","has-post-thumbnail","hentry","category-dunya"],"jetpack_publicize_connections":[],"jetpack_featured_media_url":"https:\/\/kibrisayna.com\/wp-content\/uploads\/2025\/06\/CUMHURBASKANI_ERDOGAN_VE_AZERBAYCAN_CUMHURBASKANI_ALIYEV_KAHRAMANMARASTA.jpg","jetpack_sharing_enabled":true,"_links":{"self":[{"href":"https:\/\/kibrisayna.com\/index.php\/wp-json\/wp\/v2\/posts\/28733","targetHints":{"allow":["GET"]}}],"collection":[{"href":"https:\/\/kibrisayna.com\/index.php\/wp-json\/wp\/v2\/posts"}],"about":[{"href":"https:\/\/kibrisayna.com\/index.php\/wp-json\/wp\/v2\/types\/post"}],"author":[{"embeddable":true,"href":"https:\/\/kibrisayna.com\/index.php\/wp-json\/wp\/v2\/users\/908"}],"replies":[{"embeddable":true,"href":"https:\/\/kibrisayna.com\/index.php\/wp-json\/wp\/v2\/comments?post=28733"}],"version-history":[{"count":0,"href":"https:\/\/kibrisayna.com\/index.php\/wp-json\/wp\/v2\/posts\/28733\/revisions"}],"wp:featuredmedia":[{"embeddable":true,"href":"https:\/\/kibrisayna.com\/index.php\/wp-json\/wp\/v2\/media\/28734"}],"wp:attachment":[{"href":"https:\/\/kibrisayna.com\/index.php\/wp-json\/wp\/v2\/media?parent=28733"}],"wp:term":[{"taxonomy":"category","embeddable":true,"href":"https:\/\/kibrisayna.com\/index.php\/wp-json\/wp\/v2\/categories?post=28733"},{"taxonomy":"post_tag","embeddable":true,"href":"https:\/\/kibrisayna.com\/index.php\/wp-json\/wp\/v2\/tags?post=28733"}],"curies":[{"name":"wp","href":"https:\/\/api.w.org\/{rel}","templated":true}]}}